{"id":716578,"date":"2026-04-19T21:02:16","date_gmt":"2026-04-20T03:02:16","guid":{"rendered":"https:\/\/www.diarioimagen.net\/?p=716578"},"modified":"2026-04-19T21:02:16","modified_gmt":"2026-04-20T03:02:16","slug":"uaemex-presenta-obra-sobre-500-anos-de-presencia-francesa-en-mexico","status":"publish","type":"post","link":"https:\/\/www.diarioimagen.net\/?p=716578","title":{"rendered":"UAEM\u00e9x presenta obra sobre 500 a\u00f1os de presencia francesa en M\u00e9xico"},"content":{"rendered":"<p>&nbsp;<\/p>\n<p><strong>\u00a0<\/strong><\/p>\n<ul>\n<li><strong>El libro 500 a\u00f1os de presencia francesa en M\u00e9xico, coordinado por Minouche Suberville, destaca la influencia cultural, social e hist\u00f3rica de Francia en el pa\u00eds<\/strong><\/li>\n<\/ul>\n<div id=\"attachment_716579\" style=\"width: 415px\" class=\"wp-caption alignnone\"><img loading=\"lazy\" decoding=\"async\" aria-describedby=\"caption-attachment-716579\" class=\"wp-image-716579 size-large\" src=\"https:\/\/www.diarioimagen.net\/wp-content\/uploads\/2026\/04\/UAEM-1-4-405x270.jpg\" alt=\"\" width=\"405\" height=\"270\" srcset=\"https:\/\/www.diarioimagen.net\/wp-content\/uploads\/2026\/04\/UAEM-1-4-405x270.jpg 405w, https:\/\/www.diarioimagen.net\/wp-content\/uploads\/2026\/04\/UAEM-1-4-240x160.jpg 240w, https:\/\/www.diarioimagen.net\/wp-content\/uploads\/2026\/04\/UAEM-1-4-768x512.jpg 768w, https:\/\/www.diarioimagen.net\/wp-content\/uploads\/2026\/04\/UAEM-1-4.jpg 1260w\" sizes=\"auto, (max-width: 405px) 100vw, 405px\" \/><p id=\"caption-attachment-716579\" class=\"wp-caption-text\">La UAEM\u00e9x realiz\u00f3 la presentaci\u00f3n del libro 500 a\u00f1os de presencia francesa en M\u00e9xico, coordinado y editado por Minouche Suberville, en el Auditorio \u201cJuana de Asbaje\u201d de la Biblioteca Central.<\/p><\/div>\n<p>Toluca, M\u00e9x.- parte de las actividades del Programa \u201cAbril, Mes de la Lectura\u201d, la Universidad Aut\u00f3noma del Estado de M\u00e9xico (UAEM\u00e9x) realiz\u00f3 la presentaci\u00f3n del libro 500 a\u00f1os de presencia francesa en M\u00e9xico, coordinado y editado por Minouche Suberville, en el Auditorio \u201cJuana de Asbaje\u201d de la Biblioteca Central, en Ciudad Universitaria.<\/p>\n<p>En representaci\u00f3n de la rectora de la Aut\u00f3noma mexiquense, Martha Patricia Zarza Delgado, el director de Entornos Acad\u00e9micos y Conocimiento de la Secretar\u00eda Acad\u00e9mica, Celso Rodrigo Rivera Rojo, destac\u00f3 que este evento trasciende el \u00e1mbito acad\u00e9mico, al situarse en el terreno de la memoria, la cultura y la identidad compartida.<\/p>\n<p>Acompa\u00f1ado por el presidente de la Alianza Francesa de Toluca y de la Federaci\u00f3n de las Alianzas Francesas de M\u00e9xico, Jorge Galileo Castillo Vaquera, subray\u00f3 que, en el marco de la conmemoraci\u00f3n de los 200 a\u00f1os de relaciones diplom\u00e1ticas entre M\u00e9xico y Francia, resulta fundamental reconocer la riqueza de este v\u00ednculo hist\u00f3rico, el cual ha influido en diversas dimensiones de la vida social, cultural e intelectual del pa\u00eds.<\/p>\n<p>Se\u00f1al\u00f3 que la presencia francesa en M\u00e9xico ha contribuido al desarrollo de ideas, instituciones, expresiones art\u00edsticas y corrientes de pensamiento, por lo que la obra presentada se convierte en un puente entre el pasado, el presente y el futuro. Asimismo, enfatiz\u00f3 que el trabajo de Minouche Suberville enriquece el conocimiento hist\u00f3rico y fortalece los lazos culturales entre ambas naciones.<\/p>\n<p>En este contexto, Rivera Rojo afirm\u00f3 que la M\u00e1xima Casa de Estudios mexiquense refrenda su compromiso con la construcci\u00f3n de entornos acad\u00e9micos din\u00e1micos, abiertos y plurales, donde el conocimiento se comparte y se fortalece a trav\u00e9s del di\u00e1logo.<\/p>\n<p>Por su parte, Jorge Galileo Castillo Vaquera destac\u00f3 que, desde la Alianza Francesa, se promueven diversas actividades culturales con el objetivo de fortalecer la relaci\u00f3n cercana entre M\u00e9xico y Francia.<\/p>\n<p>A\u00f1adi\u00f3 que el libro permite a los lectores conocer y comprender la presencia francesa en el pa\u00eds, as\u00ed como su evoluci\u00f3n a lo largo del tiempo, consolid\u00e1ndose como una valiosa aportaci\u00f3n cultural que fortalece los v\u00ednculos entre ambas comunidades.<\/p>\n<p>Ante la directora general de la Alianza Francesa de Toluca, St\u00e9phanie Suel, el responsable del Departamento de Fomento al Conocimiento y la Lectura de la UAEM\u00e9x, Ignacio B\u00e1rcenas Monroy, resalt\u00f3 que la obra invita a las y los lectores a ser part\u00edcipes activos de la historia de su entorno. Subray\u00f3 que se trata de un recordatorio de que la riqueza cultural surge del intercambio de ideas, formas de vida y experiencias compartidas.<\/p>\n<p>Durante su intervenci\u00f3n, Minouche Suberville explic\u00f3 que el libro \u2014en el que participan 26 autores\u2014 surgi\u00f3 de la inquietud por documentar la historia de las primeras personas provenientes de Francia que se integraron a la sociedad mexicana, contribuyendo a su desarrollo hist\u00f3rico y cultural.<\/p>\n<p>&nbsp;<\/p>\n<p>&nbsp;<\/p>\n","protected":false},"excerpt":{"rendered":"<p>&nbsp; \u00a0 El libro 500 a\u00f1os de presencia francesa en M\u00e9xico, coordinado por Minouche Suberville, destaca la influencia cultural, social e hist\u00f3rica de Francia en el pa\u00eds Toluca, M\u00e9x.- parte de las actividades del Programa \u201cAbril, Mes de la Lectura\u201d, la Universidad Aut\u00f3noma del Estado de M\u00e9xico (UAEM\u00e9x) realiz\u00f3 la presentaci\u00f3n del libro 500 a\u00f1os [&hellip;]<\/p>\n","protected":false},"author":14,"featured_media":716579,"comment_status":"open","ping_status":"open","sticky":false,"template":"","format":"standard","meta":{"_monsterinsights_skip_tracking":false,"_monsterinsights_sitenote_active":false,"_monsterinsights_sitenote_note":"","_monsterinsights_sitenote_category":0,"footnotes":""},"categories":[16,5],"tags":[],"class_list":["post-716578","post","type-post","status-publish","format-standard","has-post-thumbnail","hentry","category-destacadas","category-estado-de-mexico"],"_links":{"self":[{"href":"https:\/\/www.diarioimagen.net\/index.php?rest_route=\/wp\/v2\/posts\/716578","targetHints":{"allow":["GET"]}}],"collection":[{"href":"https:\/\/www.diarioimagen.net\/index.php?rest_route=\/wp\/v2\/posts"}],"about":[{"href":"https:\/\/www.diarioimagen.net\/index.php?rest_route=\/wp\/v2\/types\/post"}],"author":[{"embeddable":true,"href":"https:\/\/www.diarioimagen.net\/index.php?rest_route=\/wp\/v2\/users\/14"}],"replies":[{"embeddable":true,"href":"https:\/\/www.diarioimagen.net\/index.php?rest_route=%2Fwp%2Fv2%2Fcomments&post=716578"}],"version-history":[{"count":1,"href":"https:\/\/www.diarioimagen.net\/index.php?rest_route=\/wp\/v2\/posts\/716578\/revisions"}],"predecessor-version":[{"id":716580,"href":"https:\/\/www.diarioimagen.net\/index.php?rest_route=\/wp\/v2\/posts\/716578\/revisions\/716580"}],"wp:featuredmedia":[{"embeddable":true,"href":"https:\/\/www.diarioimagen.net\/index.php?rest_route=\/wp\/v2\/media\/716579"}],"wp:attachment":[{"href":"https:\/\/www.diarioimagen.net\/index.php?rest_route=%2Fwp%2Fv2%2Fmedia&parent=716578"}],"wp:term":[{"taxonomy":"category","embeddable":true,"href":"https:\/\/www.diarioimagen.net\/index.php?rest_route=%2Fwp%2Fv2%2Fcategories&post=716578"},{"taxonomy":"post_tag","embeddable":true,"href":"https:\/\/www.diarioimagen.net\/index.php?rest_route=%2Fwp%2Fv2%2Ftags&post=716578"}],"curies":[{"name":"wp","href":"https:\/\/api.w.org\/{rel}","templated":true}]}}