{"id":716581,"date":"2026-04-19T21:03:53","date_gmt":"2026-04-20T03:03:53","guid":{"rendered":"https:\/\/www.diarioimagen.net\/?p=716581"},"modified":"2026-04-19T21:03:53","modified_gmt":"2026-04-20T03:03:53","slug":"noe-hernandez-compartio-experiencia-profesional-con-estudiantes-de-artes-teatrales-de-la-uaemex","status":"publish","type":"post","link":"https:\/\/www.diarioimagen.net\/?p=716581","title":{"rendered":"No\u00e9 Hern\u00e1ndez comparti\u00f3 experiencia profesional con estudiantes de Artes Teatrales de la UAEM\u00e9x"},"content":{"rendered":"<div id=\"attachment_716582\" style=\"width: 451px\" class=\"wp-caption alignnone\"><img loading=\"lazy\" decoding=\"async\" aria-describedby=\"caption-attachment-716582\" class=\"wp-image-716582 size-large\" src=\"https:\/\/www.diarioimagen.net\/wp-content\/uploads\/2026\/04\/Captura-de-Pantalla-2026-04-19-a-las-21.03.27-441x270.png\" alt=\"\" width=\"441\" height=\"270\" srcset=\"https:\/\/www.diarioimagen.net\/wp-content\/uploads\/2026\/04\/Captura-de-Pantalla-2026-04-19-a-las-21.03.27-441x270.png 441w, https:\/\/www.diarioimagen.net\/wp-content\/uploads\/2026\/04\/Captura-de-Pantalla-2026-04-19-a-las-21.03.27-240x147.png 240w, https:\/\/www.diarioimagen.net\/wp-content\/uploads\/2026\/04\/Captura-de-Pantalla-2026-04-19-a-las-21.03.27.png 614w\" sizes=\"auto, (max-width: 441px) 100vw, 441px\" \/><p id=\"caption-attachment-716582\" class=\"wp-caption-text\">El actor de teatro y cine No\u00e9 Hern\u00e1ndez sostuvo un encuentro con estudiantes de la Licenciatura en Artes Teatrales, donde comparti\u00f3 reflexiones sobre el ejercicio profesional en los \u00e1mbitos cinematogr\u00e1fico y esc\u00e9nico.<\/p><\/div>\n<p>Toluca, M\u00e9x.- En la Facultad de Humanidades de la Universidad Aut\u00f3noma del Estado de M\u00e9xico (UAEM\u00e9x), el actor de teatro y cine No\u00e9 Hern\u00e1ndez sostuvo un encuentro con estudiantes de la Licenciatura en Artes Teatrales, donde comparti\u00f3 reflexiones sobre el ejercicio profesional en los \u00e1mbitos cinematogr\u00e1fico y esc\u00e9nico.<br \/>\nEn el marco del D\u00eda Mundial del Teatro y del Programa \u201cAbril, Mes de la Lectura\u201d, el egresado de la tercera generaci\u00f3n de esta licenciatura expres\u00f3 la importancia de regresar a su alma mater: \u201cSiempre es un orgullo volver a casa, donde, de alguna forma, tenemos enterrado el ombligo profesional\u201d.<br \/>\nHern\u00e1ndez destac\u00f3 el crecimiento en la infraestructura acad\u00e9mica y t\u00e9cnica de la Facultad, al contrastar las condiciones actuales con las que vivi\u00f3 durante su formaci\u00f3n, lo que \u2014se\u00f1al\u00f3\u2014 permite hoy una preparaci\u00f3n m\u00e1s especializada para las nuevas generaciones.<br \/>\nEn una charla centrada en el trabajo actoral en el cine, explic\u00f3 los principales retos que enfrentan quienes egresan, al subrayar que, si bien la formaci\u00f3n universitaria es fundamental, no garantiza una inserci\u00f3n laboral inmediata. En este sentido, enfatiz\u00f3 la importancia de la constancia y la autogesti\u00f3n: \u201cEl trabajo del actor es de todos los d\u00edas: seguir prepar\u00e1ndose, entender el lenguaje cinematogr\u00e1fico y adaptarse a distintos formatos de producci\u00f3n\u201d.<br \/>\nAsimismo, resalt\u00f3 que una licenciatura ofrece una base s\u00f3lida y multidisciplinaria, al integrar herramientas como el an\u00e1lisis y la construcci\u00f3n de personajes, as\u00ed como enfoques provenientes de la psicolog\u00eda y la investigaci\u00f3n esc\u00e9nica.<br \/>\nSobre su trayectoria, comparti\u00f3 que su incursi\u00f3n en el cine implic\u00f3 un proceso continuo de adaptaci\u00f3n y aprendizaje, en el que comprendi\u00f3 la necesidad de conocer la din\u00e1mica de la industria y desarrollar habilidades espec\u00edficas para el trabajo en set.<br \/>\nFinalmente, al dirigirse a las y los estudiantes, No\u00e9 Hern\u00e1ndez exhort\u00f3 a no limitarse al \u00e1mbito acad\u00e9mico y asumir un papel activo en su desarrollo profesional: \u201cNo se casen con la academia; es solo el inicio. Tienen que investigar, experimentar y construir su propio camino\u201d.<br \/>\nCon este tipo de actividades, la Universidad Aut\u00f3noma del Estado de M\u00e9xico refrenda su compromiso con la formaci\u00f3n integral de su comunidad estudiantil, al propiciar espacios de di\u00e1logo con egresados destacados que fortalecen la pr\u00e1ctica profesional y la vinculaci\u00f3n con el sector art\u00edstico.<\/p>\n<p>&nbsp;<\/p>\n<p>&nbsp;<\/p>\n","protected":false},"excerpt":{"rendered":"<p>Toluca, M\u00e9x.- En la Facultad de Humanidades de la Universidad Aut\u00f3noma del Estado de M\u00e9xico (UAEM\u00e9x), el actor de teatro y cine No\u00e9 Hern\u00e1ndez sostuvo un encuentro con estudiantes de la Licenciatura en Artes Teatrales, donde comparti\u00f3 reflexiones sobre el ejercicio profesional en los \u00e1mbitos cinematogr\u00e1fico y esc\u00e9nico. En el marco del D\u00eda Mundial del [&hellip;]<\/p>\n","protected":false},"author":14,"featured_media":716582,"comment_status":"open","ping_status":"open","sticky":false,"template":"","format":"standard","meta":{"_monsterinsights_skip_tracking":false,"_monsterinsights_sitenote_active":false,"_monsterinsights_sitenote_note":"","_monsterinsights_sitenote_category":0,"footnotes":""},"categories":[16,5],"tags":[],"class_list":["post-716581","post","type-post","status-publish","format-standard","has-post-thumbnail","hentry","category-destacadas","category-estado-de-mexico"],"_links":{"self":[{"href":"https:\/\/www.diarioimagen.net\/index.php?rest_route=\/wp\/v2\/posts\/716581","targetHints":{"allow":["GET"]}}],"collection":[{"href":"https:\/\/www.diarioimagen.net\/index.php?rest_route=\/wp\/v2\/posts"}],"about":[{"href":"https:\/\/www.diarioimagen.net\/index.php?rest_route=\/wp\/v2\/types\/post"}],"author":[{"embeddable":true,"href":"https:\/\/www.diarioimagen.net\/index.php?rest_route=\/wp\/v2\/users\/14"}],"replies":[{"embeddable":true,"href":"https:\/\/www.diarioimagen.net\/index.php?rest_route=%2Fwp%2Fv2%2Fcomments&post=716581"}],"version-history":[{"count":1,"href":"https:\/\/www.diarioimagen.net\/index.php?rest_route=\/wp\/v2\/posts\/716581\/revisions"}],"predecessor-version":[{"id":716583,"href":"https:\/\/www.diarioimagen.net\/index.php?rest_route=\/wp\/v2\/posts\/716581\/revisions\/716583"}],"wp:featuredmedia":[{"embeddable":true,"href":"https:\/\/www.diarioimagen.net\/index.php?rest_route=\/wp\/v2\/media\/716582"}],"wp:attachment":[{"href":"https:\/\/www.diarioimagen.net\/index.php?rest_route=%2Fwp%2Fv2%2Fmedia&parent=716581"}],"wp:term":[{"taxonomy":"category","embeddable":true,"href":"https:\/\/www.diarioimagen.net\/index.php?rest_route=%2Fwp%2Fv2%2Fcategories&post=716581"},{"taxonomy":"post_tag","embeddable":true,"href":"https:\/\/www.diarioimagen.net\/index.php?rest_route=%2Fwp%2Fv2%2Ftags&post=716581"}],"curies":[{"name":"wp","href":"https:\/\/api.w.org\/{rel}","templated":true}]}}