{"id":716587,"date":"2026-04-19T21:06:24","date_gmt":"2026-04-20T03:06:24","guid":{"rendered":"https:\/\/www.diarioimagen.net\/?p=716587"},"modified":"2026-04-19T21:06:24","modified_gmt":"2026-04-20T03:06:24","slug":"que-nos-trajo-claudia-de-barcelona","status":"publish","type":"post","link":"https:\/\/www.diarioimagen.net\/?p=716587","title":{"rendered":"\u00bfQu\u00e9 nos trajo Claudia de Barcelona?"},"content":{"rendered":"<p>&nbsp;<\/p>\n<p><strong>\u00a0<\/strong><\/p>\n<p><strong>TRAS LA PUERTA DEL PODER: Roberto Vizca\u00edno<\/strong><\/p>\n<p><strong>\u00a0<\/strong><\/p>\n<p><strong>\u00a0<\/strong><\/p>\n<p>&nbsp;<\/p>\n<p>&nbsp;<\/p>\n<p>\u00bfQu\u00e9 celebraremos en la ma\u00f1anera de hoy desde Palacio Nacional al regreso de nuestra Presidenta con A desde Barcelona?<\/p>\n<p>Hoy tiraremos ah\u00ed grandes y explosivos cohetes medi\u00e1ticos y vistosas serpentinas declarativas en favor del comunicado conjunto Espa\u00f1a-M\u00e9xico-Brasil en defensa de la Cuba del dictador\u00a0<strong>Miguel D\u00edaz-Canel<\/strong>\u00a0y contra los intentos belicistas de\u00a0<strong>Donald Trump<\/strong>\u00a0por hacerse de esa isla como antes lo hizo con Venezuela.<\/p>\n<p>Todo apunta a que la presidenta\u00a0<strong>Claudia Sheinbaum<\/strong>\u00a0y su comitiva, integrada por<strong>\u00a0Alicia B\u00e1rcena<\/strong>, titular de Medio Ambiente y Recursos Naturales;\u00a0<strong>L\u00e1zaro C\u00e1rdenas Batel<\/strong>, jefe de la Oficina de la Presidencia y el nuevo canciller mexicano\u00a0<strong>Roberto Velasco,<\/strong>\u00a0retornan satisfechos por los objetivos cumplidos y alcanzados dentro de la\u00a0<strong><em>IV Cumbre en Defensa de la Democracia<\/em><\/strong>.<\/p>\n<p>Un encuentro que logr\u00f3 la asistencia de\u00a0<strong>Claudia Sheinbaum<\/strong>\u00a0para sumarse a\u00a0<strong>Pedro S\u00e1nchez<\/strong>, presidente de Espa\u00f1a;\u00a0<strong>In\u00e1zio Lula da Silva<\/strong>, de Brasil;\u00a0<strong>Gustavo Petro,<\/strong>\u00a0de Colombia, y una decena m\u00e1s de los que en la \u00e9poca echeverrista se auto-denominaban\u00a0<strong><em>tercermundistas<\/em><\/strong>.<\/p>\n<p>Ante todos ellos, la mandataria mexicana acudi\u00f3 en su intervenci\u00f3n pro-Cuba a supuestas frases, postulados e historia de\u00a0<strong>Huitzilopochtli<\/strong>,\u00a0<strong>Coatlicue<\/strong>\u00a0a\u00a0<strong>Miguel Hidalgo<\/strong>,\u00a0<strong>Josefa Ortiz de Dominguez<\/strong>,\u00a0<strong>Leona Vicario<\/strong>,\u00a0<strong>Benito Ju\u00e1rez<\/strong>,\u00a0<strong>Pancho Villa<\/strong>,\u00a0<strong>Emiliano Zapata<\/strong>,\u00a0<strong>Gustavo I. Madero<\/strong>\u00a0y del general\u00a0<strong>L\u00e1zaro C\u00e1rdenas. De \u00e9ste \u00faltimo record\u00f3:<\/strong><\/p>\n<p>\u201c\u2026 cuando el mundo cerraba puertas a los republicanos espa\u00f1oles, abri\u00f3 las de M\u00e9xico para recibir a quienes hu\u00edan del dolor y de la guerra\u201d, para concluir:<\/p>\n<p>\u201cVengo de un pa\u00eds que abraz\u00f3 al exilio y convirti\u00f3 la solidaridad en acci\u00f3n\u201d.<\/p>\n<p>Sin embargo, pr\u00e1cticamente toda su intervenci\u00f3n ante ese foro multilateral fue para pedir por la Cuba de\u00a0<strong>D\u00edaz-Canel<\/strong>:<\/p>\n<p>\u201c\u2026 creemos, hablando de esa peque\u00f1a isla del Caribe, que ning\u00fan pueblo es peque\u00f1o, sino grande y estoico cuando defiende su soberan\u00eda y el derecho a la vida plena\u201d, indic\u00f3 casi llorosa.<\/p>\n<p>Tres fueron sus propuestas:<\/p>\n<p>1) Destinar el 10% del gasto mundial en armamento, que asciende a miles de millones de d\u00f3lares, para impulsar un programa global que permita a millones de personas reforestar millones de hect\u00e1reas cada a\u00f1o. En vez de sembrar guerra, sembremos paz, sembremos vida.<\/p>\n<p>2) Quiero proponer una declaraci\u00f3n en contra de la intervenci\u00f3n militar en Cuba, que el di\u00e1logo y la paz prevalezcan, y;<\/p>\n<p>Que la\u00a0<strong><em>V Cumbre en Defensa de la Democracia<\/em><\/strong>\u00a0se realice en 2027 en el M\u00e9xico gobernado por ella (\u00bfen serio? \u00bfCuando la 4T encabezada por ella y\u00a0<strong>AMLO<\/strong>\u00a0han utilizado a sus ama\u00f1adas y ficticias mayor\u00edas legislativas en el\u00a0<strong>Senado<\/strong>\u00a0y la\u00a0<strong>C\u00e1mara de Diputados<\/strong>\u00a0para aprobar reformas que anulan r\u00e1pidamente la Democracia y Libertades en M\u00e9xico?<\/p>\n<p>Y tan-tan se acab\u00f3 el viaje.<\/p>\n<p>Ahora habr\u00e1 que esperar ver qu\u00e9 respuesta le dar\u00e1n a todo esto el secretario de Estado de EU, el cubano\u00a0<strong>Marco Rubio,<\/strong>\u00a0y su jefe, el presidente\u00a0<strong>Donald Trump<\/strong>, y sus allegados en el Senado norteamericano. Porque de que habr\u00e1 respuesta, ni lo dude usted, habr\u00e1 respuesta.<\/p>\n<p>&nbsp;<\/p>\n<p>&nbsp;<\/p>\n<p><strong>Aplicaditos, los bajacalifornianos<\/strong><\/p>\n<p><strong>\u00a0<\/strong><\/p>\n<p>&nbsp;<\/p>\n<p>Liderados por la joven presidenta del Congreso estatal, la morenista\u00a0<strong>Michel S\u00e1nchez Allende,<\/strong>\u00a0los 25 diputados estatales aprobaron el fin de semana reducir 52 millones de su presupuesto.<\/p>\n<p>Son as\u00ed de los primeros en ajustar anticipada y voluntariamente sus gastos, pese a que el \u201cplan B\u201d aprobado por Senado y Diputados lo exige hasta el ejercicio de 2027.<\/p>\n<p>El recorte se da con base en ahorros, dijo la diputada S\u00e1nchez Allende en alimentaci\u00f3n al personal, adquisiciones de veh\u00edculos, telefon\u00eda y servicios de comunicaci\u00f3n, as\u00ed como insumos generales como papeler\u00eda y algunas otras partidas administrativas.<\/p>\n<p>&nbsp;<\/p>\n<p><strong>Les lleg\u00f3 el plan estrat\u00e9gico de procuraci\u00f3n de justicia 2026-2029<\/strong><\/p>\n<p>&nbsp;<\/p>\n<p>En el Senado, la presidenta\u00a0<strong>Laura Itzel Castillo<\/strong>\u00a0y el poblano\u00a0<strong>Ignacio Mier<\/strong>, coordinador de la mayor\u00eda morenista y presidente de la Jucopo, anunciaron la recepci\u00f3n del\u00a0<em>Plan Estrat\u00e9gico de Procuraci\u00f3n de Justicia 2026-2029<\/em>, entregado por la Fiscal General de la Rep\u00fablica,\u00a0<strong>Ernestina Godoy<\/strong>.<\/p>\n<p>El plan precisa los 4 ejes del r\u00e9gimen de la 4T que, afirman\u00a0<strong>Mier y Castillo<\/strong>, integran \u201cuna coordinaci\u00f3n permanente entre las entidades, fiscal\u00edas, el Gabinete de Seguridad, y las unidades de inteligencia financiera y de investigaci\u00f3n criminal para garantizar una justicia verdadera del pueblo\u201d.<\/p>\n<p>&nbsp;<\/p>\n<p>Twitter: @_Vizcaino \/ Facebook<\/p>\n<p>\/\u00a0<a href=\"https:\/\/www.facebook.com\/rvizcainoa\">https:\/\/www.facebook.com\/rvizcainoa<\/a><\/p>\n<p>&nbsp;<\/p>\n","protected":false},"excerpt":{"rendered":"<p>&nbsp; \u00a0 TRAS LA PUERTA DEL PODER: Roberto Vizca\u00edno \u00a0 \u00a0 &nbsp; &nbsp; \u00bfQu\u00e9 celebraremos en la ma\u00f1anera de hoy desde Palacio Nacional al regreso de nuestra Presidenta con A desde Barcelona? Hoy tiraremos ah\u00ed grandes y explosivos cohetes medi\u00e1ticos y vistosas serpentinas declarativas en favor del comunicado conjunto Espa\u00f1a-M\u00e9xico-Brasil en defensa de la Cuba [&hellip;]<\/p>\n","protected":false},"author":14,"featured_media":0,"comment_status":"open","ping_status":"open","sticky":false,"template":"","format":"standard","meta":{"_monsterinsights_skip_tracking":false,"_monsterinsights_sitenote_active":false,"_monsterinsights_sitenote_note":"","_monsterinsights_sitenote_category":0,"footnotes":""},"categories":[4,136],"tags":[],"class_list":["post-716587","post","type-post","status-publish","format-standard","hentry","category-opinion","category-roberto-vizcaino-opinion"],"_links":{"self":[{"href":"https:\/\/www.diarioimagen.net\/index.php?rest_route=\/wp\/v2\/posts\/716587","targetHints":{"allow":["GET"]}}],"collection":[{"href":"https:\/\/www.diarioimagen.net\/index.php?rest_route=\/wp\/v2\/posts"}],"about":[{"href":"https:\/\/www.diarioimagen.net\/index.php?rest_route=\/wp\/v2\/types\/post"}],"author":[{"embeddable":true,"href":"https:\/\/www.diarioimagen.net\/index.php?rest_route=\/wp\/v2\/users\/14"}],"replies":[{"embeddable":true,"href":"https:\/\/www.diarioimagen.net\/index.php?rest_route=%2Fwp%2Fv2%2Fcomments&post=716587"}],"version-history":[{"count":1,"href":"https:\/\/www.diarioimagen.net\/index.php?rest_route=\/wp\/v2\/posts\/716587\/revisions"}],"predecessor-version":[{"id":716588,"href":"https:\/\/www.diarioimagen.net\/index.php?rest_route=\/wp\/v2\/posts\/716587\/revisions\/716588"}],"wp:attachment":[{"href":"https:\/\/www.diarioimagen.net\/index.php?rest_route=%2Fwp%2Fv2%2Fmedia&parent=716587"}],"wp:term":[{"taxonomy":"category","embeddable":true,"href":"https:\/\/www.diarioimagen.net\/index.php?rest_route=%2Fwp%2Fv2%2Fcategories&post=716587"},{"taxonomy":"post_tag","embeddable":true,"href":"https:\/\/www.diarioimagen.net\/index.php?rest_route=%2Fwp%2Fv2%2Ftags&post=716587"}],"curies":[{"name":"wp","href":"https:\/\/api.w.org\/{rel}","templated":true}]}}