{"id":716626,"date":"2026-04-19T21:27:41","date_gmt":"2026-04-20T03:27:41","guid":{"rendered":"https:\/\/www.diarioimagen.net\/?p=716626"},"modified":"2026-04-19T21:27:41","modified_gmt":"2026-04-20T03:27:41","slug":"crecimiento-acelerado-de-cancun-pone-bajo-la-lupa-zonas-fundacionales","status":"publish","type":"post","link":"https:\/\/www.diarioimagen.net\/?p=716626","title":{"rendered":"Crecimiento acelerado de Canc\u00fan  pone bajo la lupa zonas fundacionales"},"content":{"rendered":"<ul>\n<li><strong>Enfrentan presi\u00f3n inmobiliaria<\/strong><\/li>\n<li><strong>Edificios de hasta cinco niveles, seg\u00fan denuncian, fueron autorizados sin estudios<\/strong><\/li>\n<\/ul>\n<div id=\"attachment_716627\" style=\"width: 249px\" class=\"wp-caption alignnone\"><img loading=\"lazy\" decoding=\"async\" aria-describedby=\"caption-attachment-716627\" class=\"wp-image-716627 size-large\" src=\"https:\/\/www.diarioimagen.net\/wp-content\/uploads\/2026\/04\/GENTE01-ok-239x270.jpg\" alt=\"\" width=\"239\" height=\"270\" srcset=\"https:\/\/www.diarioimagen.net\/wp-content\/uploads\/2026\/04\/GENTE01-ok-239x270.jpg 239w, https:\/\/www.diarioimagen.net\/wp-content\/uploads\/2026\/04\/GENTE01-ok-212x240.jpg 212w, https:\/\/www.diarioimagen.net\/wp-content\/uploads\/2026\/04\/GENTE01-ok-768x869.jpg 768w, https:\/\/www.diarioimagen.net\/wp-content\/uploads\/2026\/04\/GENTE01-ok-1357x1536.jpg 1357w, https:\/\/www.diarioimagen.net\/wp-content\/uploads\/2026\/04\/GENTE01-ok.jpg 1500w\" sizes=\"auto, (max-width: 239px) 100vw, 239px\" \/><p id=\"caption-attachment-716627\" class=\"wp-caption-text\">El acelerado crecimiento de Canc\u00fan ha puesto en tensi\u00f3n a sus zonas fundacionales.<\/p><\/div>\n<p>Por redacci\u00f3n DIARIOIMAGEN<\/p>\n<p>Canc\u00fan.- El acelerado crecimiento de Canc\u00fan ha puesto en tensi\u00f3n a sus zonas fundacionales, donde la identidad hist\u00f3rica convive con proyectos inmobiliarios que superan la capacidad de la infraestructura original. La colonia Donceles 28 se ha convertido en el s\u00edmbolo de este conflicto urbano.<\/p>\n<p>Dise\u00f1ada para baja densidad, hoy enfrenta edificios de hasta cinco niveles que, seg\u00fan denuncian vecinos, fueron autorizados sin estudios de impacto en servicios b\u00e1sicos. El resultado: drenajes colapsados, fallas en la red el\u00e9ctrica y problemas de suministro de agua que derivan en inundaciones.<\/p>\n<p>El arquitecto Jos\u00e9 Francisco Romero L\u00f3pez, integrante del Colegio de Arquitectos, cuestion\u00f3 la validaci\u00f3n de proyectos que ignoran el entorno y critic\u00f3 incluso la premiaci\u00f3n de obras en Bienales que incumplen normas elementales. \u201cSe celebran edificios sin estacionamiento, ocupando lotes completos y banquetas, mientras otros cumplen la norma en desventaja\u201d, se\u00f1al\u00f3.<\/p>\n<p>Para Romero L\u00f3pez, el problema no es la modernidad, sino la falta de planeaci\u00f3n. Mientras corredores como Bonampak o Colosio son aptos para rascacielos, el centro fundacional requiere un ritmo distinto que respete la escala humana y evite la gentrificaci\u00f3n. La propuesta es revitalizar el \u201cCanc\u00fan viejo\u201d con nuevas familias y escuelas activas, en lugar de convertirlo en un centro hist\u00f3rico vac\u00edo al caer la noche.<\/p>\n<p>La vigilancia ciudadana, subray\u00f3, es clave para frenar la permisividad de las autoridades. En este sentido, el pr\u00f3ximo 24 de abril vecinos y autoridades se reunir\u00e1n con el Implan para revisar la normativa vigente y discutir la actualizaci\u00f3n del Plan de Desarrollo Urbano 2026, considerada la \u00faltima oportunidad para equilibrar desarrollo y patrimonio.<\/p>\n<p>Actualmente, la Donceles 28 alberga a unas 3,390 personas en 939 viviendas, con una densidad de 1,620 habitantes por kil\u00f3metro cuadrado. La presi\u00f3n inmobiliaria y la sustituci\u00f3n de casas por oficinas, bares y alojamientos de plataformas digitales ya marcan el pulso de un barrio que lucha por conservar su identidad frente al crecimiento desbordado.<\/p>\n<p>&nbsp;<\/p>\n<p><strong>Canc\u00fan refuerza operativos\u00a0contra comercio de fauna ex\u00f3tica<\/strong><\/p>\n<p>&nbsp;<\/p>\n<p>El gobierno municipal de Benito Ju\u00e1rez intensific\u00f3 la vigilancia en tianguis y comercios de Canc\u00fan tras detectar la venta clandestina de animales ex\u00f3ticos. Durante un operativo en el tradicional \u201ctianguis de la 100\u201d, autoridades sorprendieron a personas ofreciendo un cocodrilo Moreletii, un drag\u00f3n barbudo y un camale\u00f3n, especies cuya comercializaci\u00f3n est\u00e1 prohibida.<\/p>\n<p>La presidenta municipal, Ana Paty Peralta, confirm\u00f3 que se presentaron denuncias ante las instancias ambientales y asegur\u00f3 que los ejemplares ya fueron resguardados. \u201cNo vamos a permitir que nadie lucre con animales, especialmente los ex\u00f3ticos\u201d, enfatiz\u00f3.<\/p>\n<p>La alcaldesa adelant\u00f3 que estos operativos ser\u00e1n permanentes y pidi\u00f3 la colaboraci\u00f3n ciudadana para denunciar casos similares. \u201cLa participaci\u00f3n social es clave para frenar estas pr\u00e1cticas\u201d, subray\u00f3.<\/p>\n<p>La acci\u00f3n fue encabezada por la Direcci\u00f3n de Ecolog\u00eda, con apoyo de la Direcci\u00f3n de Comercio y Servicios en la V\u00eda P\u00fablica, la Secretar\u00eda de Seguridad Ciudadana y el Instituto Municipal para la Protecci\u00f3n y Bienestar Animal. Los animales rescatados fueron canalizados a la Profepa, mientras que otros ejemplares dom\u00e9sticos hallados quedaron bajo resguardo municipal.<\/p>\n<p>Con estas medidas, el ayuntamiento busca sentar un precedente contra el comercio il\u00edcito de fauna y reafirmar su compromiso con la conservaci\u00f3n de los ecosistemas locales, colocando el bienestar animal como prioridad en la agenda p\u00fablica de Benito Ju\u00e1rez.<\/p>\n<p>&nbsp;<\/p>\n","protected":false},"excerpt":{"rendered":"<p>Enfrentan presi\u00f3n inmobiliaria Edificios de hasta cinco niveles, seg\u00fan denuncian, fueron autorizados sin estudios Por redacci\u00f3n DIARIOIMAGEN Canc\u00fan.- El acelerado crecimiento de Canc\u00fan ha puesto en tensi\u00f3n a sus zonas fundacionales, donde la identidad hist\u00f3rica convive con proyectos inmobiliarios que superan la capacidad de la infraestructura original. La colonia Donceles 28 se ha convertido en [&hellip;]<\/p>\n","protected":false},"author":14,"featured_media":716627,"comment_status":"open","ping_status":"open","sticky":false,"template":"","format":"standard","meta":{"_monsterinsights_skip_tracking":false,"_monsterinsights_sitenote_active":false,"_monsterinsights_sitenote_note":"","_monsterinsights_sitenote_category":0,"footnotes":""},"categories":[101305],"tags":[],"class_list":["post-716626","post","type-post","status-publish","format-standard","has-post-thumbnail","hentry","category-quintana-roo"],"_links":{"self":[{"href":"https:\/\/www.diarioimagen.net\/index.php?rest_route=\/wp\/v2\/posts\/716626","targetHints":{"allow":["GET"]}}],"collection":[{"href":"https:\/\/www.diarioimagen.net\/index.php?rest_route=\/wp\/v2\/posts"}],"about":[{"href":"https:\/\/www.diarioimagen.net\/index.php?rest_route=\/wp\/v2\/types\/post"}],"author":[{"embeddable":true,"href":"https:\/\/www.diarioimagen.net\/index.php?rest_route=\/wp\/v2\/users\/14"}],"replies":[{"embeddable":true,"href":"https:\/\/www.diarioimagen.net\/index.php?rest_route=%2Fwp%2Fv2%2Fcomments&post=716626"}],"version-history":[{"count":1,"href":"https:\/\/www.diarioimagen.net\/index.php?rest_route=\/wp\/v2\/posts\/716626\/revisions"}],"predecessor-version":[{"id":716628,"href":"https:\/\/www.diarioimagen.net\/index.php?rest_route=\/wp\/v2\/posts\/716626\/revisions\/716628"}],"wp:featuredmedia":[{"embeddable":true,"href":"https:\/\/www.diarioimagen.net\/index.php?rest_route=\/wp\/v2\/media\/716627"}],"wp:attachment":[{"href":"https:\/\/www.diarioimagen.net\/index.php?rest_route=%2Fwp%2Fv2%2Fmedia&parent=716626"}],"wp:term":[{"taxonomy":"category","embeddable":true,"href":"https:\/\/www.diarioimagen.net\/index.php?rest_route=%2Fwp%2Fv2%2Fcategories&post=716626"},{"taxonomy":"post_tag","embeddable":true,"href":"https:\/\/www.diarioimagen.net\/index.php?rest_route=%2Fwp%2Fv2%2Ftags&post=716626"}],"curies":[{"name":"wp","href":"https:\/\/api.w.org\/{rel}","templated":true}]}}