{"id":716629,"date":"2026-04-19T21:33:31","date_gmt":"2026-04-20T03:33:31","guid":{"rendered":"https:\/\/www.diarioimagen.net\/?p=716629"},"modified":"2026-04-19T21:33:31","modified_gmt":"2026-04-20T03:33:31","slug":"se-consolida-una-ruta-clara-para-una-justicia-mas-eficaz-mara-lezama","status":"publish","type":"post","link":"https:\/\/www.diarioimagen.net\/?p=716629","title":{"rendered":"Se consolida una ruta clara para  una justicia m\u00e1s eficaz: Mara Lezama"},"content":{"rendered":"<p>&nbsp;<\/p>\n<p><strong>\u00a0<\/strong><\/p>\n<ul>\n<li><strong>De la mano de la Fiscal Ernestina Godoy<\/strong><\/li>\n<li><strong>Quintana Roo fortalece la coordinaci\u00f3n entre los diferentes niveles de gobierno en materia de procuraci\u00f3n de justicia y la construcci\u00f3n de paz<\/strong><\/li>\n<\/ul>\n<div id=\"attachment_716631\" style=\"width: 415px\" class=\"wp-caption alignnone\"><img loading=\"lazy\" decoding=\"async\" aria-describedby=\"caption-attachment-716631\" class=\"wp-image-716631 size-large\" src=\"https:\/\/www.diarioimagen.net\/wp-content\/uploads\/2026\/04\/MARA-1-ok-6-405x270.jpg\" alt=\"\" width=\"405\" height=\"270\" srcset=\"https:\/\/www.diarioimagen.net\/wp-content\/uploads\/2026\/04\/MARA-1-ok-6-405x270.jpg 405w, https:\/\/www.diarioimagen.net\/wp-content\/uploads\/2026\/04\/MARA-1-ok-6-240x160.jpg 240w, https:\/\/www.diarioimagen.net\/wp-content\/uploads\/2026\/04\/MARA-1-ok-6-768x512.jpg 768w, https:\/\/www.diarioimagen.net\/wp-content\/uploads\/2026\/04\/MARA-1-ok-6.jpg 1500w\" sizes=\"auto, (max-width: 405px) 100vw, 405px\" \/><p id=\"caption-attachment-716631\" class=\"wp-caption-text\">Mara Lezama Espinosa acompa\u00f1\u00f3 a la Fiscal General de la Rep\u00fablica, Ernestina Godoy Ramos en la presentaci\u00f3n del Plan Estrat\u00e9gico de Procuraci\u00f3n de Justicia 2026-2029, realizada en el Centro Cultural del M\u00e9xico Contempor\u00e1neo, en el Centro Hist\u00f3rico de la Ciudad de M\u00e9xico.<\/p><\/div>\n<p>Ciudad de M\u00e9xico.- La gobernadora de Quintana Roo, Mara Lezama Espinosa, acompa\u00f1\u00f3 a la Fiscal General de la Rep\u00fablica, Ernestina Godoy Ramos en la presentaci\u00f3n del Plan Estrat\u00e9gico de Procuraci\u00f3n de Justicia 2026-2029, realizada en el Centro Cultural del M\u00e9xico Contempor\u00e1neo, en el Centro Hist\u00f3rico de la Ciudad de M\u00e9xico.<\/p>\n<p>La presencia de Mara Lezama en este acto forma parte de la coordinaci\u00f3n entre los distintos niveles de gobierno en materia de procuraci\u00f3n de justicia, en un contexto donde se busca fortalecer las pol\u00edticas p\u00fablicas de seguridad, atenci\u00f3n a v\u00edctimas y construcci\u00f3n de paz a nivel nacional y local.<\/p>\n<p>\u201cVenimos a acompa\u00f1ar a la Fiscal General, una gran aliada, la amiga en nuestro pa\u00eds, Ernestina, con el objetivo de su presentaci\u00f3n del Plan Estrat\u00e9gico de Procuraci\u00f3n de Justicia 2026-2029\u201d, mencion\u00f3 la gobernadora quintanarroense.<\/p>\n<p>La representaci\u00f3n de la Presidenta Claudia Sheinbaum la tuvo la Secretaria de Gobernaci\u00f3n, Rosa Icela Rodr\u00edguez Vel\u00e1zquez. La Fiscal General Ernestina Godoy inform\u00f3 que el documento ya fue enviado al Senado de la Rep\u00fablica en cumplimiento de lo establecido en el art\u00edculo 88 de la Ley de la FGR.<\/p>\n<p>El plan establece las estrategias institucionales, as\u00ed como objetivos y metas medibles a corto, mediano y largo plazo, con el prop\u00f3sito de fortalecer la eficiencia y eficacia en la persecuci\u00f3n penal. Adem\u00e1s, define prioridades de investigaci\u00f3n que orientar\u00e1n el trabajo de la Fiscal\u00eda en los pr\u00f3ximos a\u00f1os.<\/p>\n<p>Para su elaboraci\u00f3n, se consideraron an\u00e1lisis de incidencia delictiva, diagn\u00f3sticos situacionales, informes sobre la situaci\u00f3n de las v\u00edctimas del delito, reportes de violaciones a los derechos humanos y estad\u00edsticas oficiales sobre la percepci\u00f3n de la violencia en la ciudadan\u00eda.<\/p>\n<p>En la presentaci\u00f3n estuvieron los integrantes del Gabinete de Seguridad de M\u00e9xico, titulares de las fuerzas armadas, Ej\u00e9rcito y Marina, gobernadoras y gobernadores, senadoras y senadores, as\u00ed como diputadas y diputados federales. Tambi\u00e9n representantes del sector privado y de la sociedad civil.<\/p>\n<p><strong>\u00a0<\/strong><\/p>\n<p>&nbsp;<\/p>\n<p><strong>\u00a0<\/strong><\/p>\n<p><strong>Mejor infraestructura m\u00e9dica y atenci\u00f3n especializada en QR<\/strong><\/p>\n<p><strong>\u00a0<\/strong><\/p>\n<p><strong>\u00a0<\/strong><\/p>\n<p>Canc\u00fan.- Despu\u00e9s de escuchar la presentaci\u00f3n del proyecto \u201c50 Doctors\u201d, un complejo integral de salud impulsado en Canc\u00fan con inversi\u00f3n privada que contempla un hospital general, un hospital materno infantil de alta especialidad y un complejo de consultorios m\u00e9dicos, la gobernadora Mara Lezama Espinosa destac\u00f3 que se suma al trabajo de un gobierno diferente al ampliar la capacidad de atenci\u00f3n y acercar los servicios de salud a quienes los necesitan.<\/p>\n<p>\u201cEsta inversi\u00f3n privada, cercana a los 1,750 millones de pesos, es resultado de la confianza en un estado que trabaja con orden, que brinda certeza y que genera condiciones para el desarrollo\u201d explic\u00f3 la gobernadora luego de se\u00f1alar que el proyecto contempla beneficios para las personas, como la generaci\u00f3n de empleos y nuevo mercado para proveedores locales.<\/p>\n<p>El proyecto fue presentado por Javier de Lope, socio fundador de 50 Doctors Hospital, acompa\u00f1ado de su director general Jorge Marcos, ante las autoridades, as\u00ed como invitados e inversionistas. Surge como una respuesta estrat\u00e9gica ante la creciente necesidad de fortalecer la infraestructura m\u00e9dica en el municipio de Benito Ju\u00e1rez, derivada del acelerado crecimiento poblacional y de la alta demanda de servicios de salud especializados en la regi\u00f3n.<\/p>\n<p>Explicaron que el desarrollo \u201c50 Doctors\u201d contempla una inversi\u00f3n aproximada de 1,750 millones de pesos, destinada a la construcci\u00f3n y equipamiento de un hospital general, un hospital materno infantil de alta especialidad, un complejo de consultorios m\u00e9dicos y el Senior Living Alviva.<\/p>\n<p>Este proyecto permitir\u00e1 incrementar la capacidad de atenci\u00f3n m\u00e9dica en la zona, ofrecer servicios de salud especializados en instalaciones modernas, generar empleos directos e indirectos durante su construcci\u00f3n y operaci\u00f3n, as\u00ed como fortalecer la infraestructura m\u00e9dica privada en el municipio.<\/p>\n<p>Se estima que este desarrollo beneficiar\u00e1 tanto a la poblaci\u00f3n local como a visitantes nacionales e internacionales, consolidando a Canc\u00fan como un destino con servicios m\u00e9dicos de alto nivel. Durante su construcci\u00f3n generar\u00e1 hasta 800 empleos directos, durante su operaci\u00f3n 200 directos y 120 indirectos; beneficiarios indirectos ser\u00e1n proveedores locales, hoteles, aerol\u00edneas, aseguradoras, y pacientes internacionales.<\/p>\n<p><strong>\u00a0<\/strong><\/p>\n","protected":false},"excerpt":{"rendered":"<p>&nbsp; \u00a0 De la mano de la Fiscal Ernestina Godoy Quintana Roo fortalece la coordinaci\u00f3n entre los diferentes niveles de gobierno en materia de procuraci\u00f3n de justicia y la construcci\u00f3n de paz Ciudad de M\u00e9xico.- La gobernadora de Quintana Roo, Mara Lezama Espinosa, acompa\u00f1\u00f3 a la Fiscal General de la Rep\u00fablica, Ernestina Godoy Ramos en [&hellip;]<\/p>\n","protected":false},"author":14,"featured_media":716631,"comment_status":"open","ping_status":"open","sticky":false,"template":"","format":"standard","meta":{"_monsterinsights_skip_tracking":false,"_monsterinsights_sitenote_active":false,"_monsterinsights_sitenote_note":"","_monsterinsights_sitenote_category":0,"footnotes":""},"categories":[101305],"tags":[],"class_list":["post-716629","post","type-post","status-publish","format-standard","has-post-thumbnail","hentry","category-quintana-roo"],"_links":{"self":[{"href":"https:\/\/www.diarioimagen.net\/index.php?rest_route=\/wp\/v2\/posts\/716629","targetHints":{"allow":["GET"]}}],"collection":[{"href":"https:\/\/www.diarioimagen.net\/index.php?rest_route=\/wp\/v2\/posts"}],"about":[{"href":"https:\/\/www.diarioimagen.net\/index.php?rest_route=\/wp\/v2\/types\/post"}],"author":[{"embeddable":true,"href":"https:\/\/www.diarioimagen.net\/index.php?rest_route=\/wp\/v2\/users\/14"}],"replies":[{"embeddable":true,"href":"https:\/\/www.diarioimagen.net\/index.php?rest_route=%2Fwp%2Fv2%2Fcomments&post=716629"}],"version-history":[{"count":1,"href":"https:\/\/www.diarioimagen.net\/index.php?rest_route=\/wp\/v2\/posts\/716629\/revisions"}],"predecessor-version":[{"id":716632,"href":"https:\/\/www.diarioimagen.net\/index.php?rest_route=\/wp\/v2\/posts\/716629\/revisions\/716632"}],"wp:featuredmedia":[{"embeddable":true,"href":"https:\/\/www.diarioimagen.net\/index.php?rest_route=\/wp\/v2\/media\/716631"}],"wp:attachment":[{"href":"https:\/\/www.diarioimagen.net\/index.php?rest_route=%2Fwp%2Fv2%2Fmedia&parent=716629"}],"wp:term":[{"taxonomy":"category","embeddable":true,"href":"https:\/\/www.diarioimagen.net\/index.php?rest_route=%2Fwp%2Fv2%2Fcategories&post=716629"},{"taxonomy":"post_tag","embeddable":true,"href":"https:\/\/www.diarioimagen.net\/index.php?rest_route=%2Fwp%2Fv2%2Ftags&post=716629"}],"curies":[{"name":"wp","href":"https:\/\/api.w.org\/{rel}","templated":true}]}}