{"id":716633,"date":"2026-04-20T20:41:46","date_gmt":"2026-04-21T02:41:46","guid":{"rendered":"https:\/\/www.diarioimagen.net\/?p=716633"},"modified":"2026-04-20T20:41:46","modified_gmt":"2026-04-21T02:41:46","slug":"el-senador-higinio-martinez-miranda-llama-a-la-reconciliacion-en-morena","status":"publish","type":"post","link":"https:\/\/www.diarioimagen.net\/?p=716633","title":{"rendered":"El senador Higinio Mart\u00ednez Miranda  llama a la reconciliaci\u00f3n en Morena"},"content":{"rendered":"<p><strong>\u00a0<\/strong><\/p>\n<ul>\n<li><strong>Consejo Estatal de Mexiquenses de Coraz\u00f3n<\/strong><\/li>\n<\/ul>\n<div id=\"attachment_716634\" style=\"width: 398px\" class=\"wp-caption alignnone\"><img loading=\"lazy\" decoding=\"async\" aria-describedby=\"caption-attachment-716634\" class=\"wp-image-716634 size-large\" src=\"https:\/\/www.diarioimagen.net\/wp-content\/uploads\/2026\/04\/BAENA-1-ok-10-388x270.jpg\" alt=\"\" width=\"388\" height=\"270\" srcset=\"https:\/\/www.diarioimagen.net\/wp-content\/uploads\/2026\/04\/BAENA-1-ok-10-388x270.jpg 388w, https:\/\/www.diarioimagen.net\/wp-content\/uploads\/2026\/04\/BAENA-1-ok-10-240x167.jpg 240w, https:\/\/www.diarioimagen.net\/wp-content\/uploads\/2026\/04\/BAENA-1-ok-10-768x535.jpg 768w, https:\/\/www.diarioimagen.net\/wp-content\/uploads\/2026\/04\/BAENA-1-ok-10.jpg 1500w\" sizes=\"auto, (max-width: 388px) 100vw, 388px\" \/><p id=\"caption-attachment-716634\" class=\"wp-caption-text\">Higinio Mart\u00ednez Miranda hizo un llamado a la reconciliaci\u00f3n, a fin de que Morena llegue unido y m\u00e1s fortalecido a la elecci\u00f3n del 2027, al tiempo que neg\u00f3 que existan conflictos internos.<\/p><\/div>\n<p><strong>\u00a0<\/strong><\/p>\n<p>&nbsp;<\/p>\n<p>Toluca, M\u00e9x.-\u00a0 Al celebrarse el Consejo Estatal de Mexiquenses de Coraz\u00f3n, el senador Higinio Mart\u00ednez Miranda hizo un llamado a la reconciliaci\u00f3n, a fin de que Morena llegue unido y m\u00e1s fortalecido a la elecci\u00f3n del 2027, al tiempo que neg\u00f3 que existan conflictos internos: \u201cHabr\u00e1 diferencias, pero esas son normales\u201d.<\/p>\n<p>&nbsp;<\/p>\n<p>En el Sal\u00f3n Rojo de Toluca, junto a alcaldes, diputados locales, federales y representantes populares, el l\u00edder de Texcoco se\u00f1al\u00f3: \u201cHoy no hay sismo aqu\u00ed (\u2026) este d\u00eda vuelvo a tender en verdad mi mano amiga, mis manos fraternas, compa\u00f1eras estas dos manos (\u2026) las tiendo a quienes dirigen la pol\u00edtica en la entidad mexiquense\u201d.<\/p>\n<p>&nbsp;<\/p>\n<p>Indic\u00f3 que las manos de Higinio Mart\u00ednez y las de Mexiquenses de Coraz\u00f3n \u201cdeber\u00edan de utilizarse para sacar adelante, con m\u00e1s fuerza y con m\u00e1s rapidez, el proyecto de transformaci\u00f3n mexiquense. As\u00ed como extiendo mi mano, tambi\u00e9n est\u00e1n puestas a disposici\u00f3n de la titular del ejecutivo del Estado mis ideas, mi poca o mucha experiencia, mi relaci\u00f3n fraterna con ella y con otros altos funcionarios\u201d.<\/p>\n<p>&nbsp;<\/p>\n<p>El senador, quien fue interrumpido varias veces por los gritos de \u00a1Gobernador!, \u00a1Gobernador!, \u00a1Gobernador!, afirm\u00f3 que la reuni\u00f3n de Mexiquenses de Coraz\u00f3n era para ratificar su militancia, compromiso c\u00edvico y deber.<\/p>\n<p>&nbsp;<\/p>\n<p>\u00ab\u00bfQui\u00e9n puede impedir el derecho de reunirnos, de asociarnos? Nadie, por supuesto (\u2026), nunca pudieron en 50 a\u00f1os de actividad pol\u00edtica detenerme y nunca han podido en 50 a\u00f1os detenernos. Si no pudieron no podr\u00e1n el d\u00eda de hoy hacerlo, por supuesto\u201d.<\/p>\n<p>&nbsp;<\/p>\n<p>Destac\u00f3 que \u201cnadie puede impedirnos el derecho, la obligaci\u00f3n de so\u00f1ar, de trabajar, por un estado de M\u00e9xico justo, libre, democr\u00e1tico (\u2026) no hay fuerza humana que lo consiga, as\u00ed venga de la misma sangre pol\u00edtica de los presentes, nunca lo lograr\u00e1n, nunca podr\u00e1n detenernos\u201d.<\/p>\n<p>&nbsp;<\/p>\n<p><strong>\u00a0<\/strong><\/p>\n","protected":false},"excerpt":{"rendered":"<p>\u00a0 Consejo Estatal de Mexiquenses de Coraz\u00f3n \u00a0 &nbsp; Toluca, M\u00e9x.-\u00a0 Al celebrarse el Consejo Estatal de Mexiquenses de Coraz\u00f3n, el senador Higinio Mart\u00ednez Miranda hizo un llamado a la reconciliaci\u00f3n, a fin de que Morena llegue unido y m\u00e1s fortalecido a la elecci\u00f3n del 2027, al tiempo que neg\u00f3 que existan conflictos internos: \u201cHabr\u00e1 [&hellip;]<\/p>\n","protected":false},"author":14,"featured_media":716634,"comment_status":"open","ping_status":"open","sticky":false,"template":"","format":"standard","meta":{"_monsterinsights_skip_tracking":false,"_monsterinsights_sitenote_active":false,"_monsterinsights_sitenote_note":"","_monsterinsights_sitenote_category":0,"footnotes":""},"categories":[5],"tags":[],"class_list":["post-716633","post","type-post","status-publish","format-standard","has-post-thumbnail","hentry","category-estado-de-mexico"],"_links":{"self":[{"href":"https:\/\/www.diarioimagen.net\/index.php?rest_route=\/wp\/v2\/posts\/716633","targetHints":{"allow":["GET"]}}],"collection":[{"href":"https:\/\/www.diarioimagen.net\/index.php?rest_route=\/wp\/v2\/posts"}],"about":[{"href":"https:\/\/www.diarioimagen.net\/index.php?rest_route=\/wp\/v2\/types\/post"}],"author":[{"embeddable":true,"href":"https:\/\/www.diarioimagen.net\/index.php?rest_route=\/wp\/v2\/users\/14"}],"replies":[{"embeddable":true,"href":"https:\/\/www.diarioimagen.net\/index.php?rest_route=%2Fwp%2Fv2%2Fcomments&post=716633"}],"version-history":[{"count":1,"href":"https:\/\/www.diarioimagen.net\/index.php?rest_route=\/wp\/v2\/posts\/716633\/revisions"}],"predecessor-version":[{"id":716635,"href":"https:\/\/www.diarioimagen.net\/index.php?rest_route=\/wp\/v2\/posts\/716633\/revisions\/716635"}],"wp:featuredmedia":[{"embeddable":true,"href":"https:\/\/www.diarioimagen.net\/index.php?rest_route=\/wp\/v2\/media\/716634"}],"wp:attachment":[{"href":"https:\/\/www.diarioimagen.net\/index.php?rest_route=%2Fwp%2Fv2%2Fmedia&parent=716633"}],"wp:term":[{"taxonomy":"category","embeddable":true,"href":"https:\/\/www.diarioimagen.net\/index.php?rest_route=%2Fwp%2Fv2%2Fcategories&post=716633"},{"taxonomy":"post_tag","embeddable":true,"href":"https:\/\/www.diarioimagen.net\/index.php?rest_route=%2Fwp%2Fv2%2Ftags&post=716633"}],"curies":[{"name":"wp","href":"https:\/\/api.w.org\/{rel}","templated":true}]}}