{"id":716639,"date":"2026-04-20T20:47:07","date_gmt":"2026-04-21T02:47:07","guid":{"rendered":"https:\/\/www.diarioimagen.net\/?p=716639"},"modified":"2026-04-20T20:47:07","modified_gmt":"2026-04-21T02:47:07","slug":"se-suma-naucalpan-a-estrategia-de-limpiando-nuestro-edomex","status":"publish","type":"post","link":"https:\/\/www.diarioimagen.net\/?p=716639","title":{"rendered":"Se suma Naucalpan a estrategia  de \u201cLimpiando nuestro Edomex\u201d"},"content":{"rendered":"<p>&nbsp;<\/p>\n<ul>\n<li><strong>Recuperaci\u00f3n de espacios p\u00fablicos<\/strong><\/li>\n<\/ul>\n<p><strong>\u00a0<\/strong><\/p>\n<div id=\"attachment_716640\" style=\"width: 415px\" class=\"wp-caption alignnone\"><img loading=\"lazy\" decoding=\"async\" aria-describedby=\"caption-attachment-716640\" class=\"wp-image-716640 size-large\" src=\"https:\/\/www.diarioimagen.net\/wp-content\/uploads\/2026\/04\/BAENA-3-ok-10-405x270.jpg\" alt=\"\" width=\"405\" height=\"270\" srcset=\"https:\/\/www.diarioimagen.net\/wp-content\/uploads\/2026\/04\/BAENA-3-ok-10-405x270.jpg 405w, https:\/\/www.diarioimagen.net\/wp-content\/uploads\/2026\/04\/BAENA-3-ok-10-240x160.jpg 240w, https:\/\/www.diarioimagen.net\/wp-content\/uploads\/2026\/04\/BAENA-3-ok-10-768x513.jpg 768w, https:\/\/www.diarioimagen.net\/wp-content\/uploads\/2026\/04\/BAENA-3-ok-10.jpg 1500w\" sizes=\"auto, (max-width: 405px) 100vw, 405px\" \/><p id=\"caption-attachment-716640\" class=\"wp-caption-text\">Isaac Montoya M\u00e1rquez apoy\u00f3 los esfuerzos para avanzar en la recuperaci\u00f3n de espacios p\u00fablicos, al respaldar la jornada de limpieza en las inmediaciones del relleno Sanitario de Santiago Tepatlaxco.<\/p><\/div>\n<p>Naucalpan, M\u00e9x.- El gobierno de Naucalpan, encabezado por el alcalde Isaac Montoya, en coordinaci\u00f3n con la secretaria del Medio Ambiente y Desarrollo Sostenible del gobierno del Estado de M\u00e9xico, Alhely Rubio Arronis, apoy\u00f3 los esfuerzos para avanzar en la recuperaci\u00f3n de espacios p\u00fablicos, al respaldar la jornada de limpieza en las inmediaciones del relleno Sanitario de Santiago Tepatlaxco, en la que, m\u00e1s de mil personas lograron retirar m\u00e1s de 10 toneladas de desechos s\u00f3lidos.<\/p>\n<p>&nbsp;<\/p>\n<p>Este s\u00e1bado, un ej\u00e9rcito de participantes, encabezados por la secretaria del Medio Ambiente estatal y el Director de Medio Ambiente de Naucalpan, Gustavo Garc\u00eda Jaramillo, se reunieron en el Paraje conocido como Chabacano y la Comunidad Puente de Piedra en Santiago Tepatlaxco para realizar las labores de limpieza en la zona.<\/p>\n<p>&nbsp;<\/p>\n<p>De esta manera, el Gobierno de Naucalpan respald\u00f3 las labores impulsadas por el Gobierno de la maestra Delfina G\u00f3mez \u00c1lvarez en el marco de la estrategia estatal \u201cLimpiemos Nuestro EdoMex\u201d, que se llev\u00f3 a cabo de manera simult\u00e1nea y coordinada en distintos municipios de la entidad, por ello la participaci\u00f3n de autoridades municipales y ciudadan\u00eda.<\/p>\n<p>&nbsp;<\/p>\n<p>Con la Jornada de Limpieza, organizada por la Secretar\u00eda de Medio Ambiente y Desarrollo Sustentable, en cuesti\u00f3n de minutos, pudo notarse la diferencia en el camino que lleva al relleno sanitario, ubicado en la Comunidad Puente de Piedra en Santiago Tepatlaxco.<\/p>\n<p>&nbsp;<\/p>\n<p>Esta Jornada de Limpieza, tuvo la finalidad de fortalecer la educaci\u00f3n ambiental, mejorar el entorno f\u00edsico mediante la eliminaci\u00f3n de residuos, promoviendo la conciencia ambiental, la participaci\u00f3n ciudadana y la sostenibilidad, adem\u00e1s de reducir el impacto negativo de la basura y prevenir la proliferaci\u00f3n de fauna nociva.<\/p>\n<p>&nbsp;<\/p>\n<p><strong>\u00a0<\/strong><\/p>\n<p>&nbsp;<\/p>\n<p>&nbsp;<\/p>\n<p>&nbsp;<\/p>\n","protected":false},"excerpt":{"rendered":"<p>&nbsp; Recuperaci\u00f3n de espacios p\u00fablicos \u00a0 Naucalpan, M\u00e9x.- El gobierno de Naucalpan, encabezado por el alcalde Isaac Montoya, en coordinaci\u00f3n con la secretaria del Medio Ambiente y Desarrollo Sostenible del gobierno del Estado de M\u00e9xico, Alhely Rubio Arronis, apoy\u00f3 los esfuerzos para avanzar en la recuperaci\u00f3n de espacios p\u00fablicos, al respaldar la jornada de limpieza [&hellip;]<\/p>\n","protected":false},"author":14,"featured_media":716640,"comment_status":"open","ping_status":"open","sticky":false,"template":"","format":"standard","meta":{"_monsterinsights_skip_tracking":false,"_monsterinsights_sitenote_active":false,"_monsterinsights_sitenote_note":"","_monsterinsights_sitenote_category":0,"footnotes":""},"categories":[5],"tags":[],"class_list":["post-716639","post","type-post","status-publish","format-standard","has-post-thumbnail","hentry","category-estado-de-mexico"],"_links":{"self":[{"href":"https:\/\/www.diarioimagen.net\/index.php?rest_route=\/wp\/v2\/posts\/716639","targetHints":{"allow":["GET"]}}],"collection":[{"href":"https:\/\/www.diarioimagen.net\/index.php?rest_route=\/wp\/v2\/posts"}],"about":[{"href":"https:\/\/www.diarioimagen.net\/index.php?rest_route=\/wp\/v2\/types\/post"}],"author":[{"embeddable":true,"href":"https:\/\/www.diarioimagen.net\/index.php?rest_route=\/wp\/v2\/users\/14"}],"replies":[{"embeddable":true,"href":"https:\/\/www.diarioimagen.net\/index.php?rest_route=%2Fwp%2Fv2%2Fcomments&post=716639"}],"version-history":[{"count":1,"href":"https:\/\/www.diarioimagen.net\/index.php?rest_route=\/wp\/v2\/posts\/716639\/revisions"}],"predecessor-version":[{"id":716641,"href":"https:\/\/www.diarioimagen.net\/index.php?rest_route=\/wp\/v2\/posts\/716639\/revisions\/716641"}],"wp:featuredmedia":[{"embeddable":true,"href":"https:\/\/www.diarioimagen.net\/index.php?rest_route=\/wp\/v2\/media\/716640"}],"wp:attachment":[{"href":"https:\/\/www.diarioimagen.net\/index.php?rest_route=%2Fwp%2Fv2%2Fmedia&parent=716639"}],"wp:term":[{"taxonomy":"category","embeddable":true,"href":"https:\/\/www.diarioimagen.net\/index.php?rest_route=%2Fwp%2Fv2%2Fcategories&post=716639"},{"taxonomy":"post_tag","embeddable":true,"href":"https:\/\/www.diarioimagen.net\/index.php?rest_route=%2Fwp%2Fv2%2Ftags&post=716639"}],"curies":[{"name":"wp","href":"https:\/\/api.w.org\/{rel}","templated":true}]}}