{"id":716642,"date":"2026-04-20T20:49:00","date_gmt":"2026-04-21T02:49:00","guid":{"rendered":"https:\/\/www.diarioimagen.net\/?p=716642"},"modified":"2026-04-20T20:49:00","modified_gmt":"2026-04-21T02:49:00","slug":"cusaem-se-transforma-en-edomex-alvarez-cardenas","status":"publish","type":"post","link":"https:\/\/www.diarioimagen.net\/?p=716642","title":{"rendered":"Cusaem se transforma en Edomex: \u00c1lvarez C\u00e1rdenas"},"content":{"rendered":"<p><strong> <img loading=\"lazy\" decoding=\"async\" class=\"alignnone wp-image-716643 size-large\" src=\"https:\/\/www.diarioimagen.net\/wp-content\/uploads\/2026\/04\/BAENA-4-ok-10-460x259.jpg\" alt=\"\" width=\"460\" height=\"259\" srcset=\"https:\/\/www.diarioimagen.net\/wp-content\/uploads\/2026\/04\/BAENA-4-ok-10-460x259.jpg 460w, https:\/\/www.diarioimagen.net\/wp-content\/uploads\/2026\/04\/BAENA-4-ok-10-240x135.jpg 240w, https:\/\/www.diarioimagen.net\/wp-content\/uploads\/2026\/04\/BAENA-4-ok-10-768x432.jpg 768w, https:\/\/www.diarioimagen.net\/wp-content\/uploads\/2026\/04\/BAENA-4-ok-10-480x270.jpg 480w, https:\/\/www.diarioimagen.net\/wp-content\/uploads\/2026\/04\/BAENA-4-ok-10-235x132.jpg 235w, https:\/\/www.diarioimagen.net\/wp-content\/uploads\/2026\/04\/BAENA-4-ok-10-202x114.jpg 202w, https:\/\/www.diarioimagen.net\/wp-content\/uploads\/2026\/04\/BAENA-4-ok-10-350x196.jpg 350w, https:\/\/www.diarioimagen.net\/wp-content\/uploads\/2026\/04\/BAENA-4-ok-10-220x123.jpg 220w, https:\/\/www.diarioimagen.net\/wp-content\/uploads\/2026\/04\/BAENA-4-ok-10-237x132.jpg 237w, https:\/\/www.diarioimagen.net\/wp-content\/uploads\/2026\/04\/BAENA-4-ok-10.jpg 1500w\" sizes=\"auto, (max-width: 460px) 100vw, 460px\" \/><\/strong><strong>\u00a0<\/strong><\/p>\n<p>Tlalnepantla, M\u00e9x.- Los Cuerpos de Seguridad Auxiliares del Estado de M\u00e9xico (CUSAEM) se siguen transformando, con el objetivo de llegar a ser una fuerza m\u00e1s de seguridad en la entidad. Al mando del titular de la corporaci\u00f3n, Carlos Javier \u00c1lvarez C\u00e1rdenas, los Cusaem, ahora, llevaron a cabo la inauguraci\u00f3n de su Centro de Capacitaci\u00f3n, Evaluaci\u00f3n y Certificaci\u00f3n, as\u00ed como del \u201cC4 Cusaem\u201d (Centro de Control, Comando, C\u00f3mputo y Comunicaciones).<\/p>\n","protected":false},"excerpt":{"rendered":"<p>\u00a0 Tlalnepantla, M\u00e9x.- Los Cuerpos de Seguridad Auxiliares del Estado de M\u00e9xico (CUSAEM) se siguen transformando, con el objetivo de llegar a ser una fuerza m\u00e1s de seguridad en la entidad. Al mando del titular de la corporaci\u00f3n, Carlos Javier \u00c1lvarez C\u00e1rdenas, los Cusaem, ahora, llevaron a cabo la inauguraci\u00f3n de su Centro de Capacitaci\u00f3n, [&hellip;]<\/p>\n","protected":false},"author":14,"featured_media":0,"comment_status":"open","ping_status":"open","sticky":false,"template":"","format":"standard","meta":{"_monsterinsights_skip_tracking":false,"_monsterinsights_sitenote_active":false,"_monsterinsights_sitenote_note":"","_monsterinsights_sitenote_category":0,"footnotes":""},"categories":[5],"tags":[],"class_list":["post-716642","post","type-post","status-publish","format-standard","hentry","category-estado-de-mexico"],"_links":{"self":[{"href":"https:\/\/www.diarioimagen.net\/index.php?rest_route=\/wp\/v2\/posts\/716642","targetHints":{"allow":["GET"]}}],"collection":[{"href":"https:\/\/www.diarioimagen.net\/index.php?rest_route=\/wp\/v2\/posts"}],"about":[{"href":"https:\/\/www.diarioimagen.net\/index.php?rest_route=\/wp\/v2\/types\/post"}],"author":[{"embeddable":true,"href":"https:\/\/www.diarioimagen.net\/index.php?rest_route=\/wp\/v2\/users\/14"}],"replies":[{"embeddable":true,"href":"https:\/\/www.diarioimagen.net\/index.php?rest_route=%2Fwp%2Fv2%2Fcomments&post=716642"}],"version-history":[{"count":1,"href":"https:\/\/www.diarioimagen.net\/index.php?rest_route=\/wp\/v2\/posts\/716642\/revisions"}],"predecessor-version":[{"id":716644,"href":"https:\/\/www.diarioimagen.net\/index.php?rest_route=\/wp\/v2\/posts\/716642\/revisions\/716644"}],"wp:attachment":[{"href":"https:\/\/www.diarioimagen.net\/index.php?rest_route=%2Fwp%2Fv2%2Fmedia&parent=716642"}],"wp:term":[{"taxonomy":"category","embeddable":true,"href":"https:\/\/www.diarioimagen.net\/index.php?rest_route=%2Fwp%2Fv2%2Fcategories&post=716642"},{"taxonomy":"post_tag","embeddable":true,"href":"https:\/\/www.diarioimagen.net\/index.php?rest_route=%2Fwp%2Fv2%2Ftags&post=716642"}],"curies":[{"name":"wp","href":"https:\/\/api.w.org\/{rel}","templated":true}]}}