{"id":716653,"date":"2026-04-20T20:59:55","date_gmt":"2026-04-21T02:59:55","guid":{"rendered":"https:\/\/www.diarioimagen.net\/?p=716653"},"modified":"2026-04-20T20:59:55","modified_gmt":"2026-04-21T02:59:55","slug":"mexiquenses-suman-tres-oros-en-la-olimpiada-conade-2026","status":"publish","type":"post","link":"https:\/\/www.diarioimagen.net\/?p=716653","title":{"rendered":"Mexiquenses suman tres oros en la Olimpiada Conade 2026"},"content":{"rendered":"<div id=\"attachment_716654\" style=\"width: 470px\" class=\"wp-caption alignnone\"><img loading=\"lazy\" decoding=\"async\" aria-describedby=\"caption-attachment-716654\" class=\"wp-image-716654 size-large\" src=\"https:\/\/www.diarioimagen.net\/wp-content\/uploads\/2026\/04\/EDOMEX-2-ok-8-460x259.jpg\" alt=\"\" width=\"460\" height=\"259\" srcset=\"https:\/\/www.diarioimagen.net\/wp-content\/uploads\/2026\/04\/EDOMEX-2-ok-8-460x259.jpg 460w, https:\/\/www.diarioimagen.net\/wp-content\/uploads\/2026\/04\/EDOMEX-2-ok-8-240x135.jpg 240w, https:\/\/www.diarioimagen.net\/wp-content\/uploads\/2026\/04\/EDOMEX-2-ok-8-768x432.jpg 768w, https:\/\/www.diarioimagen.net\/wp-content\/uploads\/2026\/04\/EDOMEX-2-ok-8-480x270.jpg 480w, https:\/\/www.diarioimagen.net\/wp-content\/uploads\/2026\/04\/EDOMEX-2-ok-8-235x132.jpg 235w, https:\/\/www.diarioimagen.net\/wp-content\/uploads\/2026\/04\/EDOMEX-2-ok-8-202x114.jpg 202w, https:\/\/www.diarioimagen.net\/wp-content\/uploads\/2026\/04\/EDOMEX-2-ok-8-350x196.jpg 350w, https:\/\/www.diarioimagen.net\/wp-content\/uploads\/2026\/04\/EDOMEX-2-ok-8-220x123.jpg 220w, https:\/\/www.diarioimagen.net\/wp-content\/uploads\/2026\/04\/EDOMEX-2-ok-8-237x132.jpg 237w, https:\/\/www.diarioimagen.net\/wp-content\/uploads\/2026\/04\/EDOMEX-2-ok-8.jpg 1500w\" sizes=\"auto, (max-width: 460px) 100vw, 460px\" \/><p id=\"caption-attachment-716654\" class=\"wp-caption-text\">El Edomex consolida su posici\u00f3n como potencia deportiva nacional al sumar dos medallas de oro en la disciplina de Breaking y otra presea dorada m\u00e1s en Escalada Deportiva durante la Olimpiada Nacional Conade 2026.<\/p><\/div>\n<p>&nbsp;<\/p>\n<p>Toluca, Estado de M\u00e9xico.\u2013 Gracias al talento mexiquense y el respaldo institucional al deporte de alto rendimiento, el Estado de M\u00e9xico consolida su posici\u00f3n como potencia deportiva nacional al sumar dos medallas de oro en la disciplina de Breaking y otra presea dorada m\u00e1s en Escalada Deportiva durante la Olimpiada Nacional Conade 2026.<\/p>\n<p>El gobierno del Estado de M\u00e9xico, encabezado por la Maestra Delfina G\u00f3mez \u00c1lvarez, a trav\u00e9s de la Secretar\u00eda de Educaci\u00f3n, Ciencia, Tecnolog\u00eda e Innovaci\u00f3n (SECTI), a cargo de Miguel \u00c1ngel Hern\u00e1ndez Espejel, y del Instituto del Deporte del Estado de M\u00e9xico (Idemex), dirigido por Miguel \u00c1ngel S\u00e1nchez Hern\u00e1ndez, reafirma su apoyo total a la delegaci\u00f3n que contin\u00faa con su participaci\u00f3n en la Olimpiada Nacional Conade 2026, para que las y los atletas mexiquenses contin\u00faen con \u00e9xito en esta justa deportiva.<\/p>\n<p>El titular del Idemex inform\u00f3 que la delegaci\u00f3n mexiquense de Breaking demostr\u00f3 una t\u00e9cnica impecable y creatividad, al lograr lo m\u00e1s alto del podio en dos categor\u00edas. En la categor\u00eda de 12 a 15 a\u00f1os (B-Girls), Frida Yamile L\u00f3pez Garc\u00eda se coron\u00f3 campeona nacional, donde su energ\u00eda y ejecuci\u00f3n en la prueba individual dieron muestra de su talento, disciplina y pasi\u00f3n.<\/p>\n<p>Agreg\u00f3 que, en Parejas Mixtas, Alexa Michelle Hern\u00e1ndez Salgado y Eliud Roy Escobar obtuvieron la medalla de oro en la categor\u00eda de 12 a 15 a\u00f1os, tras una exhibici\u00f3n de coordinaci\u00f3n y ritmo, para demostrar la fuerza del talento juvenil estatal.<\/p>\n<p>Asimismo, indic\u00f3 que la Escalada Deportiva entreg\u00f3 una alegr\u00eda m\u00e1s al territorio mexiquense con Santiago Conzuelo Garc\u00eda, quien se adjudic\u00f3 la medalla de oro en la categor\u00eda U19, tras una destacada actuaci\u00f3n en la pared de competencia.<\/p>\n<p>El Gobierno del Estado de M\u00e9xico reconoce la labor de las y los entrenadores, as\u00ed como de las familias que impulsan a las y los atletas mexiquenses a dar lo mejor en cada una de las pruebas y poner en alto a la entidad.<\/p>\n<p><strong>\u00a0<\/strong><\/p>\n<p>&nbsp;<\/p>\n<p>&nbsp;<\/p>\n","protected":false},"excerpt":{"rendered":"<p>&nbsp; Toluca, Estado de M\u00e9xico.\u2013 Gracias al talento mexiquense y el respaldo institucional al deporte de alto rendimiento, el Estado de M\u00e9xico consolida su posici\u00f3n como potencia deportiva nacional al sumar dos medallas de oro en la disciplina de Breaking y otra presea dorada m\u00e1s en Escalada Deportiva durante la Olimpiada Nacional Conade 2026. El [&hellip;]<\/p>\n","protected":false},"author":14,"featured_media":716654,"comment_status":"open","ping_status":"open","sticky":false,"template":"","format":"standard","meta":{"_monsterinsights_skip_tracking":false,"_monsterinsights_sitenote_active":false,"_monsterinsights_sitenote_note":"","_monsterinsights_sitenote_category":0,"footnotes":""},"categories":[5],"tags":[],"class_list":["post-716653","post","type-post","status-publish","format-standard","has-post-thumbnail","hentry","category-estado-de-mexico"],"_links":{"self":[{"href":"https:\/\/www.diarioimagen.net\/index.php?rest_route=\/wp\/v2\/posts\/716653","targetHints":{"allow":["GET"]}}],"collection":[{"href":"https:\/\/www.diarioimagen.net\/index.php?rest_route=\/wp\/v2\/posts"}],"about":[{"href":"https:\/\/www.diarioimagen.net\/index.php?rest_route=\/wp\/v2\/types\/post"}],"author":[{"embeddable":true,"href":"https:\/\/www.diarioimagen.net\/index.php?rest_route=\/wp\/v2\/users\/14"}],"replies":[{"embeddable":true,"href":"https:\/\/www.diarioimagen.net\/index.php?rest_route=%2Fwp%2Fv2%2Fcomments&post=716653"}],"version-history":[{"count":1,"href":"https:\/\/www.diarioimagen.net\/index.php?rest_route=\/wp\/v2\/posts\/716653\/revisions"}],"predecessor-version":[{"id":716656,"href":"https:\/\/www.diarioimagen.net\/index.php?rest_route=\/wp\/v2\/posts\/716653\/revisions\/716656"}],"wp:featuredmedia":[{"embeddable":true,"href":"https:\/\/www.diarioimagen.net\/index.php?rest_route=\/wp\/v2\/media\/716654"}],"wp:attachment":[{"href":"https:\/\/www.diarioimagen.net\/index.php?rest_route=%2Fwp%2Fv2%2Fmedia&parent=716653"}],"wp:term":[{"taxonomy":"category","embeddable":true,"href":"https:\/\/www.diarioimagen.net\/index.php?rest_route=%2Fwp%2Fv2%2Fcategories&post=716653"},{"taxonomy":"post_tag","embeddable":true,"href":"https:\/\/www.diarioimagen.net\/index.php?rest_route=%2Fwp%2Fv2%2Ftags&post=716653"}],"curies":[{"name":"wp","href":"https:\/\/api.w.org\/{rel}","templated":true}]}}