{"id":716659,"date":"2026-04-20T21:00:59","date_gmt":"2026-04-21T03:00:59","guid":{"rendered":"https:\/\/www.diarioimagen.net\/?p=716659"},"modified":"2026-04-20T21:00:59","modified_gmt":"2026-04-21T03:00:59","slug":"laura-vignatti-busca-frenar-la-violencia-a-la-mujer","status":"publish","type":"post","link":"https:\/\/www.diarioimagen.net\/?p=716659","title":{"rendered":"Laura Vignatti busca frenar la violencia a la mujer"},"content":{"rendered":"<ul>\n<li><strong>Aprende defensa personal en \u201cIRIS INTELLIGENCE\u201d<\/strong><\/li>\n<li><strong>En esta ocasi\u00f3n el curso fue de \u201cKrav Maga\u201d<\/strong><\/li>\n<\/ul>\n<p><img loading=\"lazy\" decoding=\"async\" class=\"alignnone wp-image-716667 size-large\" src=\"https:\/\/www.diarioimagen.net\/wp-content\/uploads\/2026\/04\/LAURA-01-255x270.jpeg\" alt=\"\" width=\"255\" height=\"270\" srcset=\"https:\/\/www.diarioimagen.net\/wp-content\/uploads\/2026\/04\/LAURA-01-255x270.jpeg 255w, https:\/\/www.diarioimagen.net\/wp-content\/uploads\/2026\/04\/LAURA-01-227x240.jpeg 227w, https:\/\/www.diarioimagen.net\/wp-content\/uploads\/2026\/04\/LAURA-01-768x813.jpeg 768w, https:\/\/www.diarioimagen.net\/wp-content\/uploads\/2026\/04\/LAURA-01-1451x1536.jpeg 1451w, https:\/\/www.diarioimagen.net\/wp-content\/uploads\/2026\/04\/LAURA-01.jpeg 1764w\" sizes=\"auto, (max-width: 255px) 100vw, 255px\" \/><\/p>\n<p>Por: Gerardo Jim\u00e9nez Saiz<\/p>\n<p>@iris_intelligence_mr<\/p>\n<p>&nbsp;<\/p>\n<p>Este fin de semana la actriz Laura Vignatti acudi\u00f3 a una empresa especializada en seguridad para aprender a defenderse y con ello de manera t\u00e1cita invitar a las mujeres a no dejarse y aprender a levantar las manos en situaciones de amenaza.<\/p>\n<p>La empresa especializada es \u201cIRIS INTELLIGENCE\u201d que en M\u00e9xico comienza fuertemente a dar pasos agigantados en el tema de seguridad. Y en esta ocasi\u00f3n el curso fue de \u201cKrav Maga\u201d : \u201cel cual es un\u00a0 sistema de defensa personal y combate cuerpo a cuerpo de origen israel\u00ed, dise\u00f1ado para ser f\u00e1cil de aprender, pr\u00e1ctico y efectivo en situaciones reales de violencia. Se basa en reflejos naturales, movimientos instintivos y ataques a puntos vulnerables, enfocado en la neutralizaci\u00f3n r\u00e1pida de amenazas y la supervivencia\u201d .<\/p>\n<p>Para ello no solamente la actriz fue part\u00edcipe,\u00a0 sino diversas personas de distintas edades aprendieron en simulaci\u00f3n de situaciones reales y cotidianas a poder defenderse ante el robo, intimidaci\u00f3n y abuso sexual, es de suma relevancia recordar que Vignatti fue v\u00edctima de un episodio de violencia en manos de qui\u00e9n fuera su pareja sentimental.<\/p>\n<p>Por ello la CEO de Iris Intelligence. Karla Anaya y su equipo certificado emprendieron durante varias horas un curso pr\u00e1ctico en pro de la supervivencia y de evitar ser v\u00edctima de la delincuencia en cualquiera de sus formas.<\/p>\n<p>&nbsp;<\/p>\n","protected":false},"excerpt":{"rendered":"<p>Aprende defensa personal en \u201cIRIS INTELLIGENCE\u201d En esta ocasi\u00f3n el curso fue de \u201cKrav Maga\u201d Por: Gerardo Jim\u00e9nez Saiz @iris_intelligence_mr &nbsp; Este fin de semana la actriz Laura Vignatti acudi\u00f3 a una empresa especializada en seguridad para aprender a defenderse y con ello de manera t\u00e1cita invitar a las mujeres a no dejarse y aprender [&hellip;]<\/p>\n","protected":false},"author":14,"featured_media":716667,"comment_status":"open","ping_status":"open","sticky":false,"template":"","format":"standard","meta":{"_monsterinsights_skip_tracking":false,"_monsterinsights_sitenote_active":false,"_monsterinsights_sitenote_note":"","_monsterinsights_sitenote_category":0,"footnotes":""},"categories":[12],"tags":[],"class_list":["post-716659","post","type-post","status-publish","format-standard","has-post-thumbnail","hentry","category-espectaculos"],"_links":{"self":[{"href":"https:\/\/www.diarioimagen.net\/index.php?rest_route=\/wp\/v2\/posts\/716659","targetHints":{"allow":["GET"]}}],"collection":[{"href":"https:\/\/www.diarioimagen.net\/index.php?rest_route=\/wp\/v2\/posts"}],"about":[{"href":"https:\/\/www.diarioimagen.net\/index.php?rest_route=\/wp\/v2\/types\/post"}],"author":[{"embeddable":true,"href":"https:\/\/www.diarioimagen.net\/index.php?rest_route=\/wp\/v2\/users\/14"}],"replies":[{"embeddable":true,"href":"https:\/\/www.diarioimagen.net\/index.php?rest_route=%2Fwp%2Fv2%2Fcomments&post=716659"}],"version-history":[{"count":1,"href":"https:\/\/www.diarioimagen.net\/index.php?rest_route=\/wp\/v2\/posts\/716659\/revisions"}],"predecessor-version":[{"id":716674,"href":"https:\/\/www.diarioimagen.net\/index.php?rest_route=\/wp\/v2\/posts\/716659\/revisions\/716674"}],"wp:featuredmedia":[{"embeddable":true,"href":"https:\/\/www.diarioimagen.net\/index.php?rest_route=\/wp\/v2\/media\/716667"}],"wp:attachment":[{"href":"https:\/\/www.diarioimagen.net\/index.php?rest_route=%2Fwp%2Fv2%2Fmedia&parent=716659"}],"wp:term":[{"taxonomy":"category","embeddable":true,"href":"https:\/\/www.diarioimagen.net\/index.php?rest_route=%2Fwp%2Fv2%2Fcategories&post=716659"},{"taxonomy":"post_tag","embeddable":true,"href":"https:\/\/www.diarioimagen.net\/index.php?rest_route=%2Fwp%2Fv2%2Ftags&post=716659"}],"curies":[{"name":"wp","href":"https:\/\/api.w.org\/{rel}","templated":true}]}}