{"id":716683,"date":"2026-04-20T21:02:31","date_gmt":"2026-04-21T03:02:31","guid":{"rendered":"https:\/\/www.diarioimagen.net\/?p=716683"},"modified":"2026-04-20T21:02:31","modified_gmt":"2026-04-21T03:02:31","slug":"amaga-sheimbaun-pardo-con-el-sat-a-gasolineros-que-no-respeten-precio-tope-del-diesel","status":"publish","type":"post","link":"https:\/\/www.diarioimagen.net\/?p=716683","title":{"rendered":"Amaga Sheimbaun Pardo  con el SAT a gasolineros que no  respeten precio tope del di\u00e9sel"},"content":{"rendered":"<p><strong>\u00a0<\/strong><\/p>\n<ul>\n<li><strong>Contenci\u00f3n de alzas<\/strong><\/li>\n<li><strong>La mandataria federal advirti\u00f3 que continuar\u00e1 la colocaci\u00f3n de lonas preventivas en las estaciones de servicio<\/strong><\/li>\n<\/ul>\n<div id=\"attachment_716697\" style=\"width: 415px\" class=\"wp-caption alignnone\"><img loading=\"lazy\" decoding=\"async\" aria-describedby=\"caption-attachment-716697\" class=\"wp-image-716697 size-large\" src=\"https:\/\/www.diarioimagen.net\/wp-content\/uploads\/2026\/04\/MANANERA-ok-1-405x270.jpg\" alt=\"\" width=\"405\" height=\"270\" srcset=\"https:\/\/www.diarioimagen.net\/wp-content\/uploads\/2026\/04\/MANANERA-ok-1-405x270.jpg 405w, https:\/\/www.diarioimagen.net\/wp-content\/uploads\/2026\/04\/MANANERA-ok-1-240x160.jpg 240w, https:\/\/www.diarioimagen.net\/wp-content\/uploads\/2026\/04\/MANANERA-ok-1-768x512.jpg 768w, https:\/\/www.diarioimagen.net\/wp-content\/uploads\/2026\/04\/MANANERA-ok-1.jpg 1500w\" sizes=\"auto, (max-width: 405px) 100vw, 405px\" \/><p id=\"caption-attachment-716697\" class=\"wp-caption-text\">Laa presidenta Claudia Sheinbaum Pardo reitera que no existe justificaci\u00f3n para aumentar los precios de gasolina Premium y Di\u00e9sel.<\/p><\/div>\n<p>&nbsp;<\/p>\n<p>El gobierno federal podr\u00eda escalar acciones contra gasolineros que venden diesel por arriba de los 28 pesos, incluso con la intervenci\u00f3n del Sistema de Administraci\u00f3n Tributaria (SAT), advirti\u00f3 la presidenta Claudia Sheinbaum Pardo, tras sostener que no existe justificaci\u00f3n para esos precios.<\/p>\n<p>La mandataria federal advirti\u00f3 que continuar\u00e1 la colocaci\u00f3n de lonas en las estaciones de servicios que rebasen los topes voluntarios de 24 pesos para la gasolina Magna y los 28 pesos para el diesel.<\/p>\n<p>\u00abNo hay raz\u00f3n de ser para el precio que est\u00e1n poniendo en el di\u00e9sel muchas gasolineras, no tiene raz\u00f3n de ser\u00bb.<\/p>\n<p>\u00abSe est\u00e1n destinando recursos p\u00fablicos para subsidiar el diesel y, sin embargo, muchos gasolineros est\u00e1n poniendo el precio del di\u00e9sel muy alto, entonces ahora estamos con lonas, pero tambi\u00e9n vamos a hacer toda la revisi\u00f3n de por qu\u00e9 es esta raz\u00f3n con el SAT y con todas las instituciones que tiene el Gobierno de M\u00e9xico\u00bb, advirti\u00f3 la Presidenta.<\/p>\n<p>De acuerdo con datos presentados en la ma\u00f1anera por Profeco, el precio promedio nacional del di\u00e9sel se ubic\u00f3 en 28.50 pesos al 18 de abril, con un 34.50 por ciento de estaciones que venden el combustible por encima de 28.51 pesos.<\/p>\n<p>El titular de Profeco, Iv\u00e1n Escalante, inform\u00f3 que el 54.06 por ciento de las estaciones vende el diesel en menos de 28.28 pesos, mientras que un 11.44 por ciento lo comercializa entre 28.29 y 28.50 pesos.<\/p>\n<p>Con ello, indic\u00f3, alrededor del 65 por ciento de las estaciones se ubica por debajo de 28.50 pesos, aunque persiste un 34.50 por ciento que supera ese nivel.<\/p>\n<p>Escalante detall\u00f3 que el Gobierno mantiene mesas de trabajo permanentes con empresarios gasolineros para reducir el precio promedio hasta llegar a los 28 pesos.<\/p>\n<p>El funcionario se\u00f1al\u00f3 que como parte de la estrategia se han realizado 44 visitas de verificaci\u00f3n y se han colocado 14 lonas en estaciones que rebasan el margen considerado.<\/p>\n<p>Explic\u00f3 que previo a la colocaci\u00f3n de las lonas se solicita informaci\u00f3n a los proveedores para justificar sus precios y, en caso de inconsistencias en los m\u00e1rgenes de ganancia, se procede a exhibirlos.<\/p>\n<p>La Presidenta adelant\u00f3 que ma\u00f1ana martes sostendr\u00e1 una reuni\u00f3n con gasolineros y reiter\u00f3 que no pueden mantener precios elevados en un contexto de apoyo p\u00fablico al combustible.<\/p>\n<p>\u00abMa\u00f1ana nos reunimos y no pueden estarse pasando en este precio que representa un impacto a todo el transporte de mercanc\u00edas en el pa\u00eds\u00bb, sostuvo.<\/p>\n<p>Sheinbaum agreg\u00f3 que el precio del petr\u00f3leo mexicano ha disminuido, al pasar de 100 a 88 d\u00f3lares, por lo que incluso se analiza con la Secretar\u00eda de Hacienda la posibilidad de reducir a\u00fan m\u00e1s el precio del diesel.<\/p>\n<p>&nbsp;<\/p>\n<p><strong>Balance de gira por Espa\u00f1a<\/strong><\/p>\n<p>&nbsp;<\/p>\n<p>Al hacer un balance de su gira por Espa\u00f1a, la presidenta Claudia Sheinbaum destac\u00f3 el impulso que se dio a la solidaridad con Cuba como parte de la pol\u00edtica exterior y la propuesta de soluci\u00f3n pac\u00edfica de los conflictos. Asimismo, destac\u00f3 que fue aceptado que la pr\u00f3xima Cumbre de en Defensa de la Democracia se realice en M\u00e9xico con dos temas centrales: la econom\u00eda para el bienestar y la cooperaci\u00f3n para el desarrollo.<\/p>\n<p>En este contexto, a pregunta expresa sobre la postura del presidente de Espa\u00f1a, Pedro S\u00e1nchez de que la derecha va en retroceso, la mandataria asever\u00f3 que hay grandes diferencias entre los gobiernos progresistas y la derecha. \u201cLa derecha es el odio, la discriminaci\u00f3n, el clasismo, racismo, la represi\u00f3n. Hablan de libertad pero es la libertad de unos cuantos, frente al abandono de muchos y por otro lado, est\u00e1 el amor la solidaridad, la fraternidad, por el bien de todos primero los pobres, prosperidad compartida y entender la libertad de manera distinta\u201d.<\/p>\n<p>Por otro lado, confirm\u00f3 que este mi\u00e9rcoles se reunir\u00e1 con el Alto Comisionado de Naciones Unidas en Derechos Humanos Volker T\u00fcrk que viene a M\u00e9xico no solamente para conocer del problema de los desaparecidos sino tambi\u00e9n para evaluar las acciones del gobierno mexicano en esta materia. Se\u00f1al\u00f3 que se reunir\u00e1 con funcionarios del gobierno federal y organizaciones defensoras de derechos humanos.<\/p>\n<p>En una amplia referencia a la derecha, Sheinbaum Pardodijo que no se puede hablar de libertad cuando no hay libertad de expresi\u00f3n y de manifestaci\u00f3n. No se puede hablar de libertad cuando no hay acceso a la educaci\u00f3n o salud no se puede hablar de libertad y la derecha sostienen que eso debe ser una mercanc\u00eda no un derecho. Entonces, dijo, s\u00ed hay diferencias entre los gobiernos progresistas y los de derecha. Afortunadamente en M\u00e9xico tienen gran aceptaci\u00f3n los gobiernos de la transformaci\u00f3n. Somos gobiernos del pueblo. No los gobiernos para las \u00e9lites y de las elites.<\/p>\n<p>Destac\u00f3 que durante su participaci\u00f3n en la Cumbre reivindic\u00f3 la grandeza de las culturas prehisp\u00e1nicas en M\u00e9xico y tambi\u00e9n enfatiz\u00f3 en la doctrina Estrada y la pol\u00edtica exterior basada en reivindicar la autodeterminaci\u00f3n de los pueblos, la no intervenci\u00f3n y soluci\u00f3n pac\u00edfica de los conflictos.<\/p>\n<p>Finalmente, expres\u00f3 que le dio mucha emoci\u00f3n poder saludar al cantante catal\u00e1n, Joan Manuel Serrat, por lo que represent\u00f3 en la lucha contra el fascismo y el franquismo. Refleja mucha de la relaci\u00f3n que tuvo M\u00e9xico con el exilio espa\u00f1ol, aunque \u00e9l regresaba a Espa\u00f1a, pero nosotros \u201ccrecimos haciendo camino al andar\u201d.<\/p>\n<p>Mas adelante, expres\u00f3 su coincidencia con la postura del presidente de Brasil, Luis Inazio Lula da Silva en el sentido de que la Organizaci\u00f3n de las Naciones Unidos ha ca\u00eddo en una inoperancia y requiere reformarse. Aunque tambi\u00e9n dijo coincidir con el Jefe de la Casa Blanca, Donald Trump, de que la ONU debe reducir sus gastos porque sus funcionarios siguen viajando en primera clase.<\/p>\n<p>&nbsp;<\/p>\n<p>&nbsp;<\/p>\n<blockquote><p>&nbsp;<\/p>\n<p><strong>Inauguraci\u00f3n del tren al AIFA ser\u00e1 el domingo 26 de abril<\/strong><\/p>\n<p>&nbsp;<\/p>\n<p>Tras varios meses de espera, finalmente el domingo 26 de abril se inaugurar\u00e1 el tren suburbano que conectar\u00e1 el centro de la Ciudad de M\u00e9xico con el Aeropuerto Internacional Felipe \u00c1ngeles (AIFA).<\/p>\n<p>As\u00ed lo dio a conocer la presidenta Claudia Sheinbaum Pardo, al referirse a la ampliaci\u00f3n de ese sistema de transporte de Lecher\u00eda a la terminal a\u00e9rea, que conectar\u00e1 desde Buenavista.<\/p>\n<p>La mandataria federal agreg\u00f3 que en mayo tambi\u00e9n realizar\u00e1 una visita a Sonora para informar a la gente sobre los acuerdos alcanzados para el saneamiento del R\u00edo Sonora.<\/p>\n<p>Tambi\u00e9n anunci\u00f3 que al cierre del 2026 se crear\u00e1n 200 mil nuevos lugares en el nivel medio superior, lo que suma a que en el pa\u00eds, son 18 estados en los que ya no se realiza examen para ingresar al bachillerato, luego de que en la Zona Metropolitana del Valle de M\u00e9xico (ZMVM) se sustituy\u00f3 la prueba del Comipems por el programa Mi derecho, mi lugar.<\/p>\n<p>&nbsp;<\/p>\n<p><strong>\u00a0<\/strong><\/p><\/blockquote>\n","protected":false},"excerpt":{"rendered":"<p>\u00a0 Contenci\u00f3n de alzas La mandataria federal advirti\u00f3 que continuar\u00e1 la colocaci\u00f3n de lonas preventivas en las estaciones de servicio &nbsp; El gobierno federal podr\u00eda escalar acciones contra gasolineros que venden diesel por arriba de los 28 pesos, incluso con la intervenci\u00f3n del Sistema de Administraci\u00f3n Tributaria (SAT), advirti\u00f3 la presidenta Claudia Sheinbaum Pardo, tras [&hellip;]<\/p>\n","protected":false},"author":14,"featured_media":716697,"comment_status":"open","ping_status":"open","sticky":false,"template":"","format":"standard","meta":{"_monsterinsights_skip_tracking":false,"_monsterinsights_sitenote_active":false,"_monsterinsights_sitenote_note":"","_monsterinsights_sitenote_category":0,"footnotes":""},"categories":[3],"tags":[],"class_list":["post-716683","post","type-post","status-publish","format-standard","has-post-thumbnail","hentry","category-nacional"],"_links":{"self":[{"href":"https:\/\/www.diarioimagen.net\/index.php?rest_route=\/wp\/v2\/posts\/716683","targetHints":{"allow":["GET"]}}],"collection":[{"href":"https:\/\/www.diarioimagen.net\/index.php?rest_route=\/wp\/v2\/posts"}],"about":[{"href":"https:\/\/www.diarioimagen.net\/index.php?rest_route=\/wp\/v2\/types\/post"}],"author":[{"embeddable":true,"href":"https:\/\/www.diarioimagen.net\/index.php?rest_route=\/wp\/v2\/users\/14"}],"replies":[{"embeddable":true,"href":"https:\/\/www.diarioimagen.net\/index.php?rest_route=%2Fwp%2Fv2%2Fcomments&post=716683"}],"version-history":[{"count":1,"href":"https:\/\/www.diarioimagen.net\/index.php?rest_route=\/wp\/v2\/posts\/716683\/revisions"}],"predecessor-version":[{"id":716698,"href":"https:\/\/www.diarioimagen.net\/index.php?rest_route=\/wp\/v2\/posts\/716683\/revisions\/716698"}],"wp:featuredmedia":[{"embeddable":true,"href":"https:\/\/www.diarioimagen.net\/index.php?rest_route=\/wp\/v2\/media\/716697"}],"wp:attachment":[{"href":"https:\/\/www.diarioimagen.net\/index.php?rest_route=%2Fwp%2Fv2%2Fmedia&parent=716683"}],"wp:term":[{"taxonomy":"category","embeddable":true,"href":"https:\/\/www.diarioimagen.net\/index.php?rest_route=%2Fwp%2Fv2%2Fcategories&post=716683"},{"taxonomy":"post_tag","embeddable":true,"href":"https:\/\/www.diarioimagen.net\/index.php?rest_route=%2Fwp%2Fv2%2Ftags&post=716683"}],"curies":[{"name":"wp","href":"https:\/\/api.w.org\/{rel}","templated":true}]}}