{"id":716745,"date":"2026-04-20T21:26:49","date_gmt":"2026-04-21T03:26:49","guid":{"rendered":"https:\/\/www.diarioimagen.net\/?p=716745"},"modified":"2026-04-20T21:26:49","modified_gmt":"2026-04-21T03:26:49","slug":"aliados-en-conflicto","status":"publish","type":"post","link":"https:\/\/www.diarioimagen.net\/?p=716745","title":{"rendered":"Aliados en conflicto  \u00a0\u00a0"},"content":{"rendered":"<p><strong>\u00a0<\/strong><\/p>\n<p><strong>Aunque Pese <\/strong><strong>Salvador Mart\u00ednez G.<\/strong><\/p>\n<p>&nbsp;<\/p>\n<p>&nbsp;<\/p>\n<p>En las elecciones para gobernador programadas para el 2027 se anticipa un conflicto entre los partidos aliados de Morena, PVEM y PT por la postulaci\u00f3n de los candidatos de la alianza oficial y m\u00e1s a\u00fan en las entidades en las que un familiar del actual mandatario pudiera sucederlo.<\/p>\n<p>Se debe recordar que en el Consejo Nacional de Morena del pasado 7 de marzo se determin\u00f3 que c\u00f3nyuges, padres, hijos o familiares de quienes ocupan cargos de elecci\u00f3n popular no participar\u00edan en las encuestas internas para determinar a los candidatos del partido.<\/p>\n<p>Lo anterior excluy\u00f3 al senador Sa\u00fal Monreal \u00c1vila, hermano del gobernador de Zacatecas David Monreal; al senador F\u00e9lix Salgado Macedonio, padre de la gobernadora Evelyn Salgado; a la senadora Ruth Gonz\u00e1lez Silva, esposa del gobernador de San Luis Potos\u00ed, Ricardo Gallardo; y menci\u00f3n aparte merece el caso de Nuevo Le\u00f3n, pues el gobernador Samuel Garc\u00eda, emanado de Movimiento Ciudadano, donde su esposa Mariana Rodr\u00edguez Cant\u00fa busca sucederlo.<\/p>\n<p>Se observa ya fuerte pugna en la alianza electoral en el gobierno, pues se abre la posibilidad de que el PVEM o el PT postulen candidaturas diferentes a las de Morena, como ya lo anticip\u00f3, en el caso de San Luis Potos\u00ed, Karen Castrej\u00f3n, dirigente nacional del Verde Ecologista, para candidatear a Ruth Gonz\u00e1lez Silva, quien se supone tiene fuerte respaldo popular en el estado.<\/p>\n<p>En el caso de Zacatecas, Sa\u00fal Monreal, hermano del gobernador David y de Ricardo, l\u00edder de los diputados federales morenistas, no parece convencido de dejar sus aspiraciones a la silla de gobierno y busca ser postulado por el PT y el PVEM, aunque hasta el momento ninguno de estos partidos le ha externado su respaldo.<\/p>\n<p>Algo parecido pasa en Guerrero, pues F\u00e9lix Salgado sigue con el gusanito de la gubernatura, pero ciertamente su \u00fanica posibilidad es que lo apoyara alguno de los aliados de Morena y se fueran por su cuenta.<\/p>\n<p>M\u00e1s all\u00e1 de qui\u00e9nes sean finalmente los candidatos, el problema se centra ahora en si los partidos aliados a Morena acatar\u00e1n tambi\u00e9n la decisi\u00f3n contra el nepotismo o romper\u00e1n la alianza, al\u00a0menos en esas entidades. Veremos.<\/p>\n<p><strong>\u00a0<\/strong><\/p>\n<p><strong>Susurros<\/strong><\/p>\n<p>&nbsp;<\/p>\n<p>En Morelos, la gobernadora Margarita Gonz\u00e1lez Saravia no da muestras de un efectivo control de la violencia en la entidad, que en 2025 cerr\u00f3 en segundo lugar nacional en homicidios dolosos.<\/p>\n<p>Morelos lider\u00f3 en el pasado a\u00f1o como el estado con mayor delitos de extorsi\u00f3n, adem\u00e1s que m\u00e1s del 60 por ciento de los robos a negocios fueron violentos y el robo a casa habitaci\u00f3n aument\u00f3 a mil 143 casos.<\/p>\n<p>La gobernadora frecuentemente habla de su estrategia de seguridad, pero lo cierto es que el ambiente en la entidad es de zozobra e inseguridad, a tal grado que muchos capitalinos con propiedades en la vecina entidad las han vendido o las venden hasta con precios minusvalorados. Algo se tendr\u00e1 que hacer.<\/p>\n<p><strong><em>\u00a0<\/em><\/strong><\/p>\n<p><a href=\"mailto:salvadormartinez@visionmx.com\"><strong><em>salvadormartinez@visionmx.com<\/em><\/strong><\/a><\/p>\n<p><strong><em>X: @salvador_mtz<\/em><\/strong><\/p>\n<p><strong><em>\u00a0<\/em><\/strong><\/p>\n<p>&nbsp;<\/p>\n","protected":false},"excerpt":{"rendered":"<p>\u00a0 Aunque Pese Salvador Mart\u00ednez G. &nbsp; &nbsp; En las elecciones para gobernador programadas para el 2027 se anticipa un conflicto entre los partidos aliados de Morena, PVEM y PT por la postulaci\u00f3n de los candidatos de la alianza oficial y m\u00e1s a\u00fan en las entidades en las que un familiar del actual mandatario pudiera [&hellip;]<\/p>\n","protected":false},"author":14,"featured_media":0,"comment_status":"open","ping_status":"open","sticky":false,"template":"","format":"standard","meta":{"_monsterinsights_skip_tracking":false,"_monsterinsights_sitenote_active":false,"_monsterinsights_sitenote_note":"","_monsterinsights_sitenote_category":0,"footnotes":""},"categories":[4,96743],"tags":[],"class_list":["post-716745","post","type-post","status-publish","format-standard","hentry","category-opinion","category-salvador-martinez-garcia"],"_links":{"self":[{"href":"https:\/\/www.diarioimagen.net\/index.php?rest_route=\/wp\/v2\/posts\/716745","targetHints":{"allow":["GET"]}}],"collection":[{"href":"https:\/\/www.diarioimagen.net\/index.php?rest_route=\/wp\/v2\/posts"}],"about":[{"href":"https:\/\/www.diarioimagen.net\/index.php?rest_route=\/wp\/v2\/types\/post"}],"author":[{"embeddable":true,"href":"https:\/\/www.diarioimagen.net\/index.php?rest_route=\/wp\/v2\/users\/14"}],"replies":[{"embeddable":true,"href":"https:\/\/www.diarioimagen.net\/index.php?rest_route=%2Fwp%2Fv2%2Fcomments&post=716745"}],"version-history":[{"count":1,"href":"https:\/\/www.diarioimagen.net\/index.php?rest_route=\/wp\/v2\/posts\/716745\/revisions"}],"predecessor-version":[{"id":716746,"href":"https:\/\/www.diarioimagen.net\/index.php?rest_route=\/wp\/v2\/posts\/716745\/revisions\/716746"}],"wp:attachment":[{"href":"https:\/\/www.diarioimagen.net\/index.php?rest_route=%2Fwp%2Fv2%2Fmedia&parent=716745"}],"wp:term":[{"taxonomy":"category","embeddable":true,"href":"https:\/\/www.diarioimagen.net\/index.php?rest_route=%2Fwp%2Fv2%2Fcategories&post=716745"},{"taxonomy":"post_tag","embeddable":true,"href":"https:\/\/www.diarioimagen.net\/index.php?rest_route=%2Fwp%2Fv2%2Ftags&post=716745"}],"curies":[{"name":"wp","href":"https:\/\/api.w.org\/{rel}","templated":true}]}}