{"id":716747,"date":"2026-04-20T21:27:52","date_gmt":"2026-04-21T03:27:52","guid":{"rendered":"https:\/\/www.diarioimagen.net\/?p=716747"},"modified":"2026-04-20T21:27:52","modified_gmt":"2026-04-21T03:27:52","slug":"alejandro-sanz-regresa-a-mexico-con-y-ahora-que","status":"publish","type":"post","link":"https:\/\/www.diarioimagen.net\/?p=716747","title":{"rendered":"Alejandro Sanz regresa a M\u00e9xico con \u00bfY ahora qu\u00e9?"},"content":{"rendered":"<p>&nbsp;<\/p>\n<p><img loading=\"lazy\" decoding=\"async\" class=\"alignnone wp-image-716748 size-large\" src=\"https:\/\/www.diarioimagen.net\/wp-content\/uploads\/2026\/04\/SANZ-460x259.jpg\" alt=\"\" width=\"460\" height=\"259\" srcset=\"https:\/\/www.diarioimagen.net\/wp-content\/uploads\/2026\/04\/SANZ-460x259.jpg 460w, https:\/\/www.diarioimagen.net\/wp-content\/uploads\/2026\/04\/SANZ-240x135.jpg 240w, https:\/\/www.diarioimagen.net\/wp-content\/uploads\/2026\/04\/SANZ-768x432.jpg 768w, https:\/\/www.diarioimagen.net\/wp-content\/uploads\/2026\/04\/SANZ-1536x864.jpg 1536w, https:\/\/www.diarioimagen.net\/wp-content\/uploads\/2026\/04\/SANZ-2048x1151.jpg 2048w, https:\/\/www.diarioimagen.net\/wp-content\/uploads\/2026\/04\/SANZ-480x270.jpg 480w, https:\/\/www.diarioimagen.net\/wp-content\/uploads\/2026\/04\/SANZ-235x132.jpg 235w, https:\/\/www.diarioimagen.net\/wp-content\/uploads\/2026\/04\/SANZ-202x114.jpg 202w, https:\/\/www.diarioimagen.net\/wp-content\/uploads\/2026\/04\/SANZ-350x196.jpg 350w, https:\/\/www.diarioimagen.net\/wp-content\/uploads\/2026\/04\/SANZ-220x123.jpg 220w, https:\/\/www.diarioimagen.net\/wp-content\/uploads\/2026\/04\/SANZ-237x132.jpg 237w\" sizes=\"auto, (max-width: 460px) 100vw, 460px\" \/><\/p>\n<p><strong>Leyenda de los GRAMMY:<\/strong>\u00a0El espa\u00f1ol m\u00e1s premiado de la historia, sumando\u00a0<strong>24 Latin GRAMMY<\/strong>\u00a0y\u00a0<strong>4 premios GRAMMY<\/strong>, tras su reciente triunfo en Las Vegas.<\/p>\n<p>&nbsp;<\/p>\n<p>&nbsp;<\/p>\n<p><strong>Dominio Global:<\/strong>\u00a0Una huella social imparable con m\u00e1s de\u00a0<strong>21 millones de seguidores<\/strong>, siendo M\u00e9xico el pa\u00eds que encabeza su lista de oyentes en el continente.<\/p>\n<p><strong>Fen\u00f3meno de Ventas:<\/strong>\u00a0Ganador de\u00a0<strong>\u00c1lbum Contempor\u00e1neo<\/strong>\u00a0por\u00a0<em>\u00bfY Ahora Qu\u00e9?<\/em>\u00a0y\u00a0<strong>Grabaci\u00f3n del A\u00f1o<\/strong>\u00a0por\u00a0<em>Palmeras en el Jard\u00edn<\/em>\u00a0en la \u00faltima entrega de los Latin GRAMMY.<\/p>\n<p>&nbsp;<\/p>\n<p>&nbsp;<\/p>\n<p>La historia de complicidad entre\u00a0<strong>Alejandro Sanz<\/strong>\u00a0y M\u00e9xico escribe un nuevo cap\u00edtulo monumental este 2026. Despu\u00e9s de una gira por Latinoam\u00e9rica que cautiv\u00f3 a pa\u00edses como Colombia, Per\u00fa, Chile y Argentina, y tras arrancar con \u00e9xito masivo en Chicago el pasado 9 de abril su recorrido por Estados Unidos, el icono espa\u00f1ol anuncia su regreso a la tierra que lo considera un hijo predilecto. Esta vez, la experiencia se eleva a la m\u00e1xima escala regresando a M\u00e9xico, ahora con presentaciones en estadios, donde la potencia de su voz y la magnitud de su producci\u00f3n reafirmar\u00e1n por qu\u00e9 Sanz se mantiene como el int\u00e9rprete pop m\u00e1s relevante y respetado de nuestra era.<\/p>\n<p>&nbsp;<\/p>\n<p><strong>DE LAS VEGAS AL MUNDO: LA CONSAGRACI\u00d3N PERMANENTE DEL MAESTRO<\/strong><\/p>\n<p>&nbsp;<\/p>\n<p>El anuncio de estas fechas llega en un momento de gloria absoluta para el madrile\u00f1o. Durante la 26\u00aa entrega anual de los\u00a0<strong>Latin GRAMMY<\/strong>\u00a0celebrada en el MGM Grand Garden Arena de Las Vegas, Sanz volvi\u00f3 a hacer historia al alzarse con los galardones de\u00a0<strong>Mejor \u00c1lbum Contempor\u00e1neo<\/strong>\u00a0por su aclamada obra,\u00a0<em>\u00bfY Ahora Qu\u00e9?<\/em>\u00a0y\u00a0<strong>Grabaci\u00f3n del A\u00f1o<\/strong>\u00a0por el \u00e9xito \u201cPalmeras en el Jard\u00edn\u201d. Este reconocimiento de la Academia no s\u00f3lo valida su vigencia creativa, sino que impulsa una gira que ya ha agotado localidades en Latinoam\u00e9rica y se proyecta para ser todo un \u00e9xito en m\u00e1s de 10 ciudades estadounidenses; adem\u00e1s, se prepara para cruzar el Atl\u00e1ntico hacia Europa antes de regresar a la majestuosidad de los recintos mexicanos.<\/p>\n<p>&nbsp;<\/p>\n<p><strong>UNA PROMESA DE AUTENTICIDAD: EL LEGADO DE UN ICONO SIN FRONTERAS<\/strong><\/p>\n<p>&nbsp;<\/p>\n<p>En resumen, el regreso de Alejandro Sanz a los estadios de M\u00e9xico es mucho m\u00e1s que una serie de conciertos es la validaci\u00f3n de un artista que ha sabido evolucionar sin perder la esencia que lo conecta con millones de almas. Ver a Alejandro Sanz en este 2026 es ser testigo de un m\u00fasico en su plenitud absoluta, cuya capacidad para transmitir emociones complejas y convertirlas en himnos universales lo sit\u00faa en un pedestal que pocos alcanzan. Su dominio de las m\u00e9tricas digitales, con\u00a0<strong>21 millones de usuarios<\/strong>\u00a0respaldando cada paso, confirma que su legado es din\u00e1mico y poderoso. Sanz no s\u00f3lo ofrece un espect\u00e1culo, ofrece un refugio emocional que ha definido la banda sonora de Iberoam\u00e9rica, consolid\u00e1ndose como una fuerza art\u00edstica inalcanzable, profunda y, sobre todo, eterna.<\/p>\n<p>La gira\u00a0<strong><em>\u00bfY AHORA QU\u00c9?<\/em><\/strong>\u00a0representa la oportunidad definitiva para vivir la potencia de un show dise\u00f1ado para la inmortalidad. Los boletos para estas cuatro fechas hist\u00f3ricas estar\u00e1n disponibles pr\u00f3ximamente a trav\u00e9s de la\u00a0<strong>Preventa Banamex el 29 de abril,<\/strong>\u00a0y un d\u00eda despu\u00e9s los podr\u00e1s adquirir en las taquillas de los inmuebles o a trav\u00e9s de\u00a0<a href=\"http:\/\/www.ticketmaster.com.mx\/\">www.ticketmaster.com.mx<\/a>\u00a0para Guadalajara, Ciudad de M\u00e9xico y Monterrey, para Aguascalientes ser\u00e1 a trav\u00e9s de\u00a0<a href=\"http:\/\/www.eticket.mx\/\">www.eticket.mx<\/a>.<\/p>\n","protected":false},"excerpt":{"rendered":"<p>&nbsp; Leyenda de los GRAMMY:\u00a0El espa\u00f1ol m\u00e1s premiado de la historia, sumando\u00a024 Latin GRAMMY\u00a0y\u00a04 premios GRAMMY, tras su reciente triunfo en Las Vegas. &nbsp; &nbsp; Dominio Global:\u00a0Una huella social imparable con m\u00e1s de\u00a021 millones de seguidores, siendo M\u00e9xico el pa\u00eds que encabeza su lista de oyentes en el continente. Fen\u00f3meno de Ventas:\u00a0Ganador de\u00a0\u00c1lbum Contempor\u00e1neo\u00a0por\u00a0\u00bfY Ahora [&hellip;]<\/p>\n","protected":false},"author":14,"featured_media":716748,"comment_status":"open","ping_status":"open","sticky":false,"template":"","format":"standard","meta":{"_monsterinsights_skip_tracking":false,"_monsterinsights_sitenote_active":false,"_monsterinsights_sitenote_note":"","_monsterinsights_sitenote_category":0,"footnotes":""},"categories":[12],"tags":[],"class_list":["post-716747","post","type-post","status-publish","format-standard","has-post-thumbnail","hentry","category-espectaculos"],"_links":{"self":[{"href":"https:\/\/www.diarioimagen.net\/index.php?rest_route=\/wp\/v2\/posts\/716747","targetHints":{"allow":["GET"]}}],"collection":[{"href":"https:\/\/www.diarioimagen.net\/index.php?rest_route=\/wp\/v2\/posts"}],"about":[{"href":"https:\/\/www.diarioimagen.net\/index.php?rest_route=\/wp\/v2\/types\/post"}],"author":[{"embeddable":true,"href":"https:\/\/www.diarioimagen.net\/index.php?rest_route=\/wp\/v2\/users\/14"}],"replies":[{"embeddable":true,"href":"https:\/\/www.diarioimagen.net\/index.php?rest_route=%2Fwp%2Fv2%2Fcomments&post=716747"}],"version-history":[{"count":1,"href":"https:\/\/www.diarioimagen.net\/index.php?rest_route=\/wp\/v2\/posts\/716747\/revisions"}],"predecessor-version":[{"id":716749,"href":"https:\/\/www.diarioimagen.net\/index.php?rest_route=\/wp\/v2\/posts\/716747\/revisions\/716749"}],"wp:featuredmedia":[{"embeddable":true,"href":"https:\/\/www.diarioimagen.net\/index.php?rest_route=\/wp\/v2\/media\/716748"}],"wp:attachment":[{"href":"https:\/\/www.diarioimagen.net\/index.php?rest_route=%2Fwp%2Fv2%2Fmedia&parent=716747"}],"wp:term":[{"taxonomy":"category","embeddable":true,"href":"https:\/\/www.diarioimagen.net\/index.php?rest_route=%2Fwp%2Fv2%2Fcategories&post=716747"},{"taxonomy":"post_tag","embeddable":true,"href":"https:\/\/www.diarioimagen.net\/index.php?rest_route=%2Fwp%2Fv2%2Ftags&post=716747"}],"curies":[{"name":"wp","href":"https:\/\/api.w.org\/{rel}","templated":true}]}}