{"id":716759,"date":"2026-04-20T21:35:34","date_gmt":"2026-04-21T03:35:34","guid":{"rendered":"https:\/\/www.diarioimagen.net\/?p=716759"},"modified":"2026-04-20T21:35:34","modified_gmt":"2026-04-21T03:35:34","slug":"angelica-estrada-estudiante-seleccionada-para-el-international-air-and-space-program","status":"publish","type":"post","link":"https:\/\/www.diarioimagen.net\/?p=716759","title":{"rendered":"\u00a0Ang\u00e9lica Estrada, estudiante seleccionada para el International Air and Space Program"},"content":{"rendered":"<p>&nbsp;<\/p>\n<ul>\n<li><strong>Talento UAEM\u00e9x rumbo al espacio<\/strong><\/li>\n<li><strong>La estudiante de Ingenier\u00eda Electr\u00f3nica destaca por su trayectoria acad\u00e9mica y su participaci\u00f3n en diversos proyectos en el sector aeroespacial y busca apoyos, patrocinios y donaciones<\/strong><\/li>\n<\/ul>\n<p><img loading=\"lazy\" decoding=\"async\" class=\"alignnone size-full wp-image-716760\" src=\"https:\/\/www.diarioimagen.net\/wp-content\/uploads\/2026\/04\/Captura-de-Pantalla-2026-04-20-a-las-21.35.04.png\" alt=\"\" width=\"614\" height=\"376\" srcset=\"https:\/\/www.diarioimagen.net\/wp-content\/uploads\/2026\/04\/Captura-de-Pantalla-2026-04-20-a-las-21.35.04.png 614w, https:\/\/www.diarioimagen.net\/wp-content\/uploads\/2026\/04\/Captura-de-Pantalla-2026-04-20-a-las-21.35.04-240x147.png 240w, https:\/\/www.diarioimagen.net\/wp-content\/uploads\/2026\/04\/Captura-de-Pantalla-2026-04-20-a-las-21.35.04-441x270.png 441w\" sizes=\"auto, (max-width: 614px) 100vw, 614px\" \/><\/p>\n<p>Toluca, M\u00e9x.- Desde muy peque\u00f1a, Ang\u00e9lica Mar\u00eda Estrada Hern\u00e1ndez sinti\u00f3 una curiosidad dif\u00edcil de ignorar: mirar al cielo y preguntarse qu\u00e9 hab\u00eda m\u00e1s all\u00e1. Hoy, esa inquietud se ha transformado en una trayectoria acad\u00e9mica prometedora que la coloca a un paso de uno de los programas internacionales m\u00e1s importantes del sector aeroespacial.<\/p>\n<p>Originaria de Zinacantepec, Estado de M\u00e9xico, Ang\u00e9lica tiene 19 a\u00f1os y es estudiante de cuarto semestre de Ingenier\u00eda Electr\u00f3nica en la Universidad Aut\u00f3noma del Estado de M\u00e9xico (UAEM\u00e9x), donde ha encontrado el espacio ideal para comenzar a construir su sue\u00f1o de convertirse en astronauta.<\/p>\n<p>\u201cSi hay m\u00e1s cosas all\u00e1 arriba, \u00bfpor qu\u00e9 quedarme aqu\u00ed?\u201d, record\u00f3 haber pensado durante su adolescencia, cuando su inter\u00e9s por la f\u00edsica y las matem\u00e1ticas comenz\u00f3 a tomar forma.<\/p>\n<p>Ese inter\u00e9s pronto se convirti\u00f3 en acci\u00f3n. Desde la preparatoria, Ang\u00e9lica busc\u00f3 oportunidades para acercarse al \u00e1mbito aeroespacial, como su participaci\u00f3n el a\u00f1o pasado en un campamento impulsado por la astronauta Katya Echazarreta.<\/p>\n<p>M\u00e1s tarde, ya como universitaria, se integr\u00f3 a la Sociedad Aeroespacial de la Facultad de Ingenier\u00eda (SAFI), donde, junto a otros estudiantes, ha trabajado en el desarrollo de cohetes experimentales, fortaleciendo sus conocimientos de manera autodidacta.<\/p>\n<p>Su esfuerzo y constancia rindieron frutos recientemente al ser seleccionada para el International Air and Space Program (IASP), un programa en colaboraci\u00f3n con la empresa AEXA y la NASA, donde los participantes entrenan durante una semana como astronautas. El proceso de selecci\u00f3n incluy\u00f3 una exigente entrevista en la que demostr\u00f3 sus conocimientos sobre el espacio y su compromiso con la ciencia.<\/p>\n<p>Para Ang\u00e9lica, esta oportunidad representa no solo un logro personal, sino tambi\u00e9n un paso firme hacia su meta profesional: especializarse en el \u00e1rea aeroespacial y, eventualmente, colaborar con organizaciones como la NASA, Blue Origin o SpaceX.<\/p>\n<p>Sin embargo, el camino no est\u00e1 exento de retos. El costo del programa supera los 4 mil d\u00f3lares, una cifra considerable para una estudiante. Por ello, actualmente busca apoyos, patrocinios y donaciones que le permitan concretar este importante paso en su formaci\u00f3n.<\/p>\n<p>M\u00e1s all\u00e1 de sus logros acad\u00e9micos, Ang\u00e9lica se define como una joven curiosa, creativa y perseverante. Disfruta leer, hacer manualidades y dise\u00f1ar su propia ropa, actividades que, asegura, le ayudan a mantener un equilibrio frente a las exigencias de su carrera.<\/p>\n<p>Consciente de su papel como mujer en la ciencia, envi\u00f3 un mensaje claro a otras j\u00f3venes: \u201cNunca dejen de perseguir sus sue\u00f1os. No basta con desearlo, hay que luchar por ello, aprender de los errores y seguir adelante\u201d.<\/p>\n<p>Para ella, representar a la UAEM\u00e9x en un programa internacional es motivo de profundo orgullo. \u201cPoder decir que la universidad est\u00e1 en la NASA es un gran logro. Me siento muy orgullosa de mi casa de estudios\u201d, afirm\u00f3 Ang\u00e9lica Mar\u00eda Estrada Hern\u00e1ndez.<\/p>\n<p>Para hacer realidad su participaci\u00f3n en el International Air and Space Program, Ang\u00e9lica abri\u00f3 una cuenta en GoFundMe, mediante la cual busca reunir los recursos necesarios. La invitaci\u00f3n est\u00e1 abierta a la poblaci\u00f3n en general y, de manera especial, a la comunidad universitaria, para sumarse a su causa y respaldar a una joven que llevar\u00e1 el nombre de la UAEM\u00e9x al espacio.<\/p>\n<p><strong>\u00a0<\/strong><strong>\u00a0<\/strong><\/p>\n<p>&nbsp;<\/p>\n","protected":false},"excerpt":{"rendered":"<p>&nbsp; Talento UAEM\u00e9x rumbo al espacio La estudiante de Ingenier\u00eda Electr\u00f3nica destaca por su trayectoria acad\u00e9mica y su participaci\u00f3n en diversos proyectos en el sector aeroespacial y busca apoyos, patrocinios y donaciones Toluca, M\u00e9x.- Desde muy peque\u00f1a, Ang\u00e9lica Mar\u00eda Estrada Hern\u00e1ndez sinti\u00f3 una curiosidad dif\u00edcil de ignorar: mirar al cielo y preguntarse qu\u00e9 hab\u00eda m\u00e1s [&hellip;]<\/p>\n","protected":false},"author":14,"featured_media":716760,"comment_status":"open","ping_status":"open","sticky":false,"template":"","format":"standard","meta":{"_monsterinsights_skip_tracking":false,"_monsterinsights_sitenote_active":false,"_monsterinsights_sitenote_note":"","_monsterinsights_sitenote_category":0,"footnotes":""},"categories":[16,5],"tags":[],"class_list":["post-716759","post","type-post","status-publish","format-standard","has-post-thumbnail","hentry","category-destacadas","category-estado-de-mexico"],"_links":{"self":[{"href":"https:\/\/www.diarioimagen.net\/index.php?rest_route=\/wp\/v2\/posts\/716759","targetHints":{"allow":["GET"]}}],"collection":[{"href":"https:\/\/www.diarioimagen.net\/index.php?rest_route=\/wp\/v2\/posts"}],"about":[{"href":"https:\/\/www.diarioimagen.net\/index.php?rest_route=\/wp\/v2\/types\/post"}],"author":[{"embeddable":true,"href":"https:\/\/www.diarioimagen.net\/index.php?rest_route=\/wp\/v2\/users\/14"}],"replies":[{"embeddable":true,"href":"https:\/\/www.diarioimagen.net\/index.php?rest_route=%2Fwp%2Fv2%2Fcomments&post=716759"}],"version-history":[{"count":1,"href":"https:\/\/www.diarioimagen.net\/index.php?rest_route=\/wp\/v2\/posts\/716759\/revisions"}],"predecessor-version":[{"id":716761,"href":"https:\/\/www.diarioimagen.net\/index.php?rest_route=\/wp\/v2\/posts\/716759\/revisions\/716761"}],"wp:featuredmedia":[{"embeddable":true,"href":"https:\/\/www.diarioimagen.net\/index.php?rest_route=\/wp\/v2\/media\/716760"}],"wp:attachment":[{"href":"https:\/\/www.diarioimagen.net\/index.php?rest_route=%2Fwp%2Fv2%2Fmedia&parent=716759"}],"wp:term":[{"taxonomy":"category","embeddable":true,"href":"https:\/\/www.diarioimagen.net\/index.php?rest_route=%2Fwp%2Fv2%2Fcategories&post=716759"},{"taxonomy":"post_tag","embeddable":true,"href":"https:\/\/www.diarioimagen.net\/index.php?rest_route=%2Fwp%2Fv2%2Ftags&post=716759"}],"curies":[{"name":"wp","href":"https:\/\/api.w.org\/{rel}","templated":true}]}}