{"id":716762,"date":"2026-04-20T21:37:04","date_gmt":"2026-04-21T03:37:04","guid":{"rendered":"https:\/\/www.diarioimagen.net\/?p=716762"},"modified":"2026-04-20T21:37:04","modified_gmt":"2026-04-21T03:37:04","slug":"kyra-galvan-destaco-la-vigencia-del-pensamiento-de-sor-juana-en-la-uaemex","status":"publish","type":"post","link":"https:\/\/www.diarioimagen.net\/?p=716762","title":{"rendered":"Kyra Galv\u00e1n destac\u00f3 la vigencia del pensamiento de Sor Juana en la UAEM\u00e9x"},"content":{"rendered":"<div id=\"attachment_716764\" style=\"width: 415px\" class=\"wp-caption alignnone\"><img loading=\"lazy\" decoding=\"async\" aria-describedby=\"caption-attachment-716764\" class=\"wp-image-716764 size-large\" src=\"https:\/\/www.diarioimagen.net\/wp-content\/uploads\/2026\/04\/UAEM-2-4-405x270.jpg\" alt=\"\" width=\"405\" height=\"270\" srcset=\"https:\/\/www.diarioimagen.net\/wp-content\/uploads\/2026\/04\/UAEM-2-4-405x270.jpg 405w, https:\/\/www.diarioimagen.net\/wp-content\/uploads\/2026\/04\/UAEM-2-4-240x160.jpg 240w, https:\/\/www.diarioimagen.net\/wp-content\/uploads\/2026\/04\/UAEM-2-4-768x512.jpg 768w, https:\/\/www.diarioimagen.net\/wp-content\/uploads\/2026\/04\/UAEM-2-4-1536x1023.jpg 1536w, https:\/\/www.diarioimagen.net\/wp-content\/uploads\/2026\/04\/UAEM-2-4.jpg 1575w\" sizes=\"auto, (max-width: 405px) 100vw, 405px\" \/><p id=\"caption-attachment-716764\" class=\"wp-caption-text\">la UAEM\u00e9x recibi\u00f3 a la escritora Kyra Galv\u00e1n, quien imparti\u00f3 la conferencia magistral \u201cVigencia del pensamiento y la obra de Sor Juana In\u00e9s de la Cruz\u201d, en la Sala \u201cGustavo Baz\u201d del Edificio de Rector\u00eda.<\/p><\/div>\n<p>Toluca, M\u00e9x.- En el marco del aniversario luctuoso de Sor Juana In\u00e9s de la Cruz, la Universidad Aut\u00f3noma del Estado de M\u00e9xico (UAEM\u00e9x) recibi\u00f3 a la escritora Kyra Galv\u00e1n, quien imparti\u00f3 la conferencia magistral \u201cVigencia del pensamiento y la obra de Sor Juana In\u00e9s de la Cruz\u201d, en la Sala \u201cGustavo Baz\u201d del Edificio de Rector\u00eda.<br \/>\nAcompa\u00f1ada por la secretaria de Identidad y Cultura de la UAEM\u00e9x, Cynthia Ortega Salgado, la autora explic\u00f3 que su ponencia tuvo como prop\u00f3sito evidenciar, mediante diversos ejemplos, la relevancia que mantienen las ideas de la autora novohispana en el contexto contempor\u00e1neo, as\u00ed como propiciar la reflexi\u00f3n en torno a la vigencia de su pensamiento y su obra.<br \/>\nGalv\u00e1n se\u00f1al\u00f3 que fue ella quien propuso el tema, a partir de su inter\u00e9s y trayectoria en el estudio de Sor Juana, cuya producci\u00f3n \u2014subray\u00f3\u2014 trasciende el \u00e1mbito literario al abarcar distintas disciplinas y sostener una postura adelantada a su tiempo en defensa del derecho de las mujeres a la educaci\u00f3n.<br \/>\n\u201cLa importancia de Sor Juana no radica \u00fanicamente en su vasta obra \u2014que incluye poes\u00eda, dramaturgia, ensayo e incluso investigaci\u00f3n cient\u00edfica\u2014, sino en su pensamiento, que pugna por la igualdad en el acceso a la educaci\u00f3n para las mujeres\u201d, destac\u00f3.<br \/>\nRespecto al impacto de su conferencia, la escritora expres\u00f3 su inter\u00e9s en motivar a las y los estudiantes a acercarse a la lectura y a explorar la obra de Juana de Asbaje, as\u00ed como a reflexionar sobre problem\u00e1ticas actuales, como la equidad de g\u00e9nero.<\/p>\n<p>&nbsp;<\/p>\n","protected":false},"excerpt":{"rendered":"<p>Toluca, M\u00e9x.- En el marco del aniversario luctuoso de Sor Juana In\u00e9s de la Cruz, la Universidad Aut\u00f3noma del Estado de M\u00e9xico (UAEM\u00e9x) recibi\u00f3 a la escritora Kyra Galv\u00e1n, quien imparti\u00f3 la conferencia magistral \u201cVigencia del pensamiento y la obra de Sor Juana In\u00e9s de la Cruz\u201d, en la Sala \u201cGustavo Baz\u201d del Edificio de [&hellip;]<\/p>\n","protected":false},"author":14,"featured_media":716764,"comment_status":"open","ping_status":"open","sticky":false,"template":"","format":"standard","meta":{"_monsterinsights_skip_tracking":false,"_monsterinsights_sitenote_active":false,"_monsterinsights_sitenote_note":"","_monsterinsights_sitenote_category":0,"footnotes":""},"categories":[16,5],"tags":[],"class_list":["post-716762","post","type-post","status-publish","format-standard","has-post-thumbnail","hentry","category-destacadas","category-estado-de-mexico"],"_links":{"self":[{"href":"https:\/\/www.diarioimagen.net\/index.php?rest_route=\/wp\/v2\/posts\/716762","targetHints":{"allow":["GET"]}}],"collection":[{"href":"https:\/\/www.diarioimagen.net\/index.php?rest_route=\/wp\/v2\/posts"}],"about":[{"href":"https:\/\/www.diarioimagen.net\/index.php?rest_route=\/wp\/v2\/types\/post"}],"author":[{"embeddable":true,"href":"https:\/\/www.diarioimagen.net\/index.php?rest_route=\/wp\/v2\/users\/14"}],"replies":[{"embeddable":true,"href":"https:\/\/www.diarioimagen.net\/index.php?rest_route=%2Fwp%2Fv2%2Fcomments&post=716762"}],"version-history":[{"count":1,"href":"https:\/\/www.diarioimagen.net\/index.php?rest_route=\/wp\/v2\/posts\/716762\/revisions"}],"predecessor-version":[{"id":716765,"href":"https:\/\/www.diarioimagen.net\/index.php?rest_route=\/wp\/v2\/posts\/716762\/revisions\/716765"}],"wp:featuredmedia":[{"embeddable":true,"href":"https:\/\/www.diarioimagen.net\/index.php?rest_route=\/wp\/v2\/media\/716764"}],"wp:attachment":[{"href":"https:\/\/www.diarioimagen.net\/index.php?rest_route=%2Fwp%2Fv2%2Fmedia&parent=716762"}],"wp:term":[{"taxonomy":"category","embeddable":true,"href":"https:\/\/www.diarioimagen.net\/index.php?rest_route=%2Fwp%2Fv2%2Fcategories&post=716762"},{"taxonomy":"post_tag","embeddable":true,"href":"https:\/\/www.diarioimagen.net\/index.php?rest_route=%2Fwp%2Fv2%2Ftags&post=716762"}],"curies":[{"name":"wp","href":"https:\/\/api.w.org\/{rel}","templated":true}]}}