{"id":716766,"date":"2026-04-20T21:39:04","date_gmt":"2026-04-21T03:39:04","guid":{"rendered":"https:\/\/www.diarioimagen.net\/?p=716766"},"modified":"2026-04-20T21:39:04","modified_gmt":"2026-04-21T03:39:04","slug":"mas-de-130-mil-personas-viven-el-festival-puerto-sonoro","status":"publish","type":"post","link":"https:\/\/www.diarioimagen.net\/?p=716766","title":{"rendered":"M\u00c1S DE 130 MIL PERSONAS VIVEN EL \u201cFESTIVAL PUERTO SONORO\u201d"},"content":{"rendered":"<ul>\n<li><em><strong>R\u00c9CORD DE ASISTENCIA EN VERACRUZ<\/strong><\/em><\/li>\n<li><em><strong>EN EL MARCO DEL CIRCUITO NACIONAL DE FESTIVALES POR LA PAZ<\/strong><\/em><\/li>\n<\/ul>\n<p>&nbsp;<\/p>\n<div id=\"attachment_716767\" style=\"width: 370px\" class=\"wp-caption alignnone\"><img loading=\"lazy\" decoding=\"async\" aria-describedby=\"caption-attachment-716767\" class=\"wp-image-716767 size-large\" src=\"https:\/\/www.diarioimagen.net\/wp-content\/uploads\/2026\/04\/VERACRUZ-01-360x270.jpg\" alt=\"\" width=\"360\" height=\"270\" srcset=\"https:\/\/www.diarioimagen.net\/wp-content\/uploads\/2026\/04\/VERACRUZ-01-360x270.jpg 360w, https:\/\/www.diarioimagen.net\/wp-content\/uploads\/2026\/04\/VERACRUZ-01-240x180.jpg 240w, https:\/\/www.diarioimagen.net\/wp-content\/uploads\/2026\/04\/VERACRUZ-01-768x576.jpg 768w, https:\/\/www.diarioimagen.net\/wp-content\/uploads\/2026\/04\/VERACRUZ-01-1536x1152.jpg 1536w, https:\/\/www.diarioimagen.net\/wp-content\/uploads\/2026\/04\/VERACRUZ-01.jpg 1575w\" sizes=\"auto, (max-width: 360px) 100vw, 360px\" \/><p id=\"caption-attachment-716767\" class=\"wp-caption-text\">M\u00c1S DE 130 MIL PERSONAS VIVEN EL \u201cFESTIVAL PUERTO SONORO\u201d<\/p><\/div>\n<p>Con una asistencia mayor a las 130 mil personas, Veracruz fue sede del Circuito Nacional de Festivales por la Paz con el \u201cFestival Puerto Sonoro\u201d, encuentro que reuni\u00f3 a artistas locales, nacionales e internacionales de m\u00fasica electr\u00f3nica, en el marco de una estrategia del Gobierno de M\u00e9xico, a trav\u00e9s de la Secretar\u00eda de Cultura del Gobierno de M\u00e9xico, orientada a democratizar el acceso a la cultura, en especial entre las juventudes.<\/p>\n<p>&nbsp;<\/p>\n<p>Con una derrama econ\u00f3mica de alrededor de 600 millones de pesos (mdp) y con ocupaci\u00f3n hotelera de 100 por ciento en la zona, el encuentro se apropi\u00f3 del espacio p\u00fablico y lo hizo vibrar con los bits de la m\u00fasica electr\u00f3nica.<\/p>\n<p>&nbsp;<\/p>\n<p>La secretaria de Cultura del Gobierno de M\u00e9xico, Claudia Curiel de Icaza, ha se\u00f1alado que el Circuito Nacional de Festivales por la Paz forma parte de una pol\u00edtica cultural que reconoce a las juventudes como protagonistas de la vida p\u00fablica y acerca la cultura como un derecho en los territorios: \u201cEl Circuito Nacional de Festivales por la Paz abre espacios de encuentro, participaci\u00f3n y convivencia para las juventudes de todo el pa\u00eds, y<\/p>\n<p>&nbsp;<\/p>\n<p>hace de la m\u00fasica, el arte y el espacio p\u00fablico herramientas reales para fortalecer el tejido social y construir paz\u201d.<\/p>\n<p>&nbsp;<\/p>\n<p>Desde la Macroplaza del malec\u00f3n, la gobernadora Roc\u00edo Nahle Garc\u00eda destac\u00f3 el car\u00e1cter recreativo y social del festival, alineado a la pol\u00edtica cultural del Gobierno de M\u00e9xico dirigida a j\u00f3venes de municipios considerados como Territorios de Paz.<\/p>\n<p>&nbsp;<\/p>\n<p>La expectativa por la presentaci\u00f3n de Martin Garrix, uno de los principales exponentes del Electronic Dance Music a nivel mundial, atrajo a miles de asistentes provenientes de Veracruz y de 16 entidades del pa\u00eds \u2013entre ellos Ciudad de M\u00e9xico, Estado de M\u00e9xico, Jalisco, Nuevo Le\u00f3n y Puebla\u2013, quienes llenaron el espacio para presenciar una importante propuesta con una magn\u00edfica producci\u00f3n visual y de efectos especiales.<\/p>\n<p>&nbsp;<\/p>\n<p>Desde la ma\u00f1ana del viernes iniciaron las filas en los alrededores del espacio; para el s\u00e1bado, al abrirse los accesos, predominaba la presencia de j\u00f3venes que aguardaban con entusiasmo el inicio del evento. La jornada transcurri\u00f3 en un ambiente de orden y convivencia pac\u00edfica.<\/p>\n<p>&nbsp;<\/p>\n<p>Ya entrada la tarde, la m\u00fasica marc\u00f3 el pulso de la comunidad que se mov\u00eda al un\u00edsono. Hermandad, energ\u00eda colectiva y celebraci\u00f3n definieron el ambiente: amigos, familias y asistentes de distintas edades compartieron un mismo ritmo, en una experiencia que reafirm\u00f3 la fuerza de la comunidad electr\u00f3nica en Veracruz.<\/p>\n<p>&nbsp;<\/p>\n<p>Despu\u00e9s de las 17 h abri\u00f3 el escenario El Jarocho Selector, con una propuesta que fusiona ritmos tropicales como salsa, cumbia, charanga, son montuno y chicha. De manera posterior, se presentaron DJ Exodia, Andr\u00e9s Collado, que mantuvo el dinamismo con sets de reggaet\u00f3n y\u00a0 m\u00fasica urbana.<\/p>\n<p>&nbsp;<\/p>\n<p>La programaci\u00f3n continu\u00f3 con Tadeo Fern\u00e1ndez, DJ originario de Jalisco, quien introdujo una l\u00ednea sonora basada en el house, que marc\u00f3 la transici\u00f3n hacia la electr\u00f3nica. Mientras que, Jessica Audiffred ofreci\u00f3 una sesi\u00f3n centrada en el bass, subg\u00e9nero de alta intensidad dentro de la m\u00fasica electr\u00f3nica contempor\u00e1nea.<\/p>\n<p>El momento cumbre lleg\u00f3 con la presentaci\u00f3n de Martin Garrix, quien ofreci\u00f3 una presentaci\u00f3n de gran formato que hizo vibrar a miles de asistentes. Como cierre,\u00a0 Jaime Guzm\u00e1n \u201cEl m\u00e1s famoso\u201d, puso el broche con cumbia y sonido sonidero, que prolong\u00f3 el ambiente festivo en la Macroplaza.<\/p>\n<p>&nbsp;<\/p>\n<p>Con una derrama econ\u00f3mica de alrededor de 600 mdp y una ocupaci\u00f3n hotelera de 100 por ciento, el Circuito Nacional de Festivales por la Paz present\u00f3 en Veracruz el Festival Puerto Sonoro con talento local, nacional e internacional.<\/p>\n<p>&nbsp;<\/p>\n<p>Cabe destacar que hubo una entusiasta respuesta de las y los asistentes, en su mayor\u00eda j\u00f3venes que llenaron la Macroplaza, el Festival Puerto Sonoro fue una muestra del impacto que tiene la m\u00fasica, el espacio p\u00fablico y la cultura como herramientas de cohesi\u00f3n social y construcci\u00f3n de paz.<\/p>\n<p>&nbsp;<\/p>\n<p>A nivel nacional, el Circuito Nacional de Festivales por la Paz, que impulsa el Gobierno de M\u00e9xico, se presenta como una s\u00f3lida estrategia cultural dirigida a la juventud.<\/p>\n<p>&nbsp;<\/p>\n<p>Como afirma la secretaria Curiel de Icaza: \u201cLa gira de festivales contin\u00faa por todo el pa\u00eds para acercar la cultura a m\u00e1s comunidades, fomentar la convivencia y fortalecer el tejido social, como parte de la estrategia impulsada por el Gobierno de M\u00e9xico a trav\u00e9s de la Secretar\u00eda de Cultura\u201d.<\/p>\n<p>&nbsp;<\/p>\n<p>&nbsp;<\/p>\n<p>&nbsp;<\/p>\n<p>&nbsp;<\/p>\n","protected":false},"excerpt":{"rendered":"<p>R\u00c9CORD DE ASISTENCIA EN VERACRUZ EN EL MARCO DEL CIRCUITO NACIONAL DE FESTIVALES POR LA PAZ &nbsp; Con una asistencia mayor a las 130 mil personas, Veracruz fue sede del Circuito Nacional de Festivales por la Paz con el \u201cFestival Puerto Sonoro\u201d, encuentro que reuni\u00f3 a artistas locales, nacionales e internacionales de m\u00fasica electr\u00f3nica, en [&hellip;]<\/p>\n","protected":false},"author":14,"featured_media":716767,"comment_status":"open","ping_status":"open","sticky":false,"template":"","format":"standard","meta":{"_monsterinsights_skip_tracking":false,"_monsterinsights_sitenote_active":false,"_monsterinsights_sitenote_note":"","_monsterinsights_sitenote_category":0,"footnotes":""},"categories":[12],"tags":[],"class_list":["post-716766","post","type-post","status-publish","format-standard","has-post-thumbnail","hentry","category-espectaculos"],"_links":{"self":[{"href":"https:\/\/www.diarioimagen.net\/index.php?rest_route=\/wp\/v2\/posts\/716766","targetHints":{"allow":["GET"]}}],"collection":[{"href":"https:\/\/www.diarioimagen.net\/index.php?rest_route=\/wp\/v2\/posts"}],"about":[{"href":"https:\/\/www.diarioimagen.net\/index.php?rest_route=\/wp\/v2\/types\/post"}],"author":[{"embeddable":true,"href":"https:\/\/www.diarioimagen.net\/index.php?rest_route=\/wp\/v2\/users\/14"}],"replies":[{"embeddable":true,"href":"https:\/\/www.diarioimagen.net\/index.php?rest_route=%2Fwp%2Fv2%2Fcomments&post=716766"}],"version-history":[{"count":1,"href":"https:\/\/www.diarioimagen.net\/index.php?rest_route=\/wp\/v2\/posts\/716766\/revisions"}],"predecessor-version":[{"id":716768,"href":"https:\/\/www.diarioimagen.net\/index.php?rest_route=\/wp\/v2\/posts\/716766\/revisions\/716768"}],"wp:featuredmedia":[{"embeddable":true,"href":"https:\/\/www.diarioimagen.net\/index.php?rest_route=\/wp\/v2\/media\/716767"}],"wp:attachment":[{"href":"https:\/\/www.diarioimagen.net\/index.php?rest_route=%2Fwp%2Fv2%2Fmedia&parent=716766"}],"wp:term":[{"taxonomy":"category","embeddable":true,"href":"https:\/\/www.diarioimagen.net\/index.php?rest_route=%2Fwp%2Fv2%2Fcategories&post=716766"},{"taxonomy":"post_tag","embeddable":true,"href":"https:\/\/www.diarioimagen.net\/index.php?rest_route=%2Fwp%2Fv2%2Ftags&post=716766"}],"curies":[{"name":"wp","href":"https:\/\/api.w.org\/{rel}","templated":true}]}}