{"id":716771,"date":"2026-04-20T21:41:52","date_gmt":"2026-04-21T03:41:52","guid":{"rendered":"https:\/\/www.diarioimagen.net\/?p=716771"},"modified":"2026-04-20T21:41:52","modified_gmt":"2026-04-21T03:41:52","slug":"2027-la-hora-de-las-mujeres","status":"publish","type":"post","link":"https:\/\/www.diarioimagen.net\/?p=716771","title":{"rendered":"2027, la hora de las mujeres"},"content":{"rendered":"<p>&nbsp;<\/p>\n<p><strong>De frente y de perfil <\/strong>Ram\u00f3n Zurita Sahag\u00fan<\/p>\n<p>&nbsp;<\/p>\n<p>&nbsp;<\/p>\n<p>Son muchos a\u00f1os en los que las mujeres no han sido consideradas como se debe en cuanto a la selecci\u00f3n de candidatos a los gobiernos estatales.<\/p>\n<p>D\u00e9cadas completas pasaron desde el arribo de M\u00e9xico a la modernidad, en que las mujeres ve\u00edan pasar las nominaciones, sin ser tomadas en cuentas.<\/p>\n<p>Fue hasta 1979 que asom\u00f3 la primera mujer candidata a un gobierno estatal y la distinci\u00f3n recay\u00f3 en la escritora y poetisa, Griselda \u00c1lvarez Ponce de Le\u00f3n, postulada en el estado de Colima.<\/p>\n<p>Las dos primeras nominaciones de mujeres corresponden a los estados menos poblados de M\u00e9xico, Colima y Tlaxcala not\u00e1ndose en ello la marginaci\u00f3n que sufr\u00eda ese g\u00e9nero en correspondencia con los hombres.<\/p>\n<p>Beatriz Paredes de Tlaxcala fue la segunda mujer en alcanzar una gubernatura por la v\u00eda del sufragio, postulada por el entonces poderoso Partido Revolucionario Institucional, ocho a\u00f1os despu\u00e9s de la primera.<\/p>\n<p>Las tercera y cuarta mujeres gobernantes surgieron como interinas o sustitutas, sin pasar por las urnas.<\/p>\n<p>Hasta que, en 2004, surgi\u00f3 la tercera mujer m\u00e1s votada, Amalia Garc\u00eda en Zacatecas.<\/p>\n<p>En 25 a\u00f1os, solamente tres mujeres fueron electas en las urnas como gobernadoras, lo que muestra el atraso del pa\u00eds en ese tema de la democracia.<\/p>\n<p>Despu\u00e9s de ello Ivonne Ortega gan\u00f3 en Yucat\u00e1n el gobierno estatal, siendo la segunda mujer en esa entidad en gobernar, ya que a\u00f1os antes, Dulce Mar\u00eda Sauri hab\u00eda actuado como sustituta.<\/p>\n<p>Un nuevo lapso de nueve a\u00f1os para que otra mujer fuera electa como gobernadora en Sonora, Claudia Pavlovich.<\/p>\n<p>Fue a partir de 2015 cuando se abrieron nuevas oportunidades para que m\u00e1s mujeres fueran nominadas por los distintos partidos para ocupar el cargo de gobernadora.<\/p>\n<p>Hasta entonces solamente una mujer gan\u00f3 por parte de la oposici\u00f3n, Amalia Garc\u00eda en Zacatecas.<\/p>\n<p>En 2018 surgi\u00f3 la primera mujer en recibir el apoyo de los electores para gobernar la capital del pa\u00eds, Claudia Sheinbaum Pardo, hoy Presidenta de la Rep\u00fablica, siendo la primera de las mujeres en gobernar con el respaldo de las urnas la ahora CDMX, ya que Rosario Robles fue sustituta.<\/p>\n<p>La poblana Martha Erika Alonso consigui\u00f3 la victoria en Puebla en el mismo 2018, aunque solamente dur\u00f3 unos cuantos d\u00edas, ya que perdi\u00f3 la vida en lo que se consider\u00f3 un accidente a\u00e9reo.<\/p>\n<p>Durante los comicios de 2021, apenas hace cinco a\u00f1os, un importante n\u00facleo de mujeres fueron electas como gobernantes, en la primera aparici\u00f3n masiva de mujeres votadas en las urnas.<\/p>\n<p>Esas mujeres surgidas de las urnas dejar\u00e1n de ser gobernantes el a\u00f1o pr\u00f3ximo, ocasi\u00f3n en que los partidos deber\u00e1n postular a cuando menos nueve mujeres cada uno para hacer realidad la equidad de g\u00e9nero con la que ahora se rigen los tiempos electorales.<\/p>\n<p>**********<\/p>\n<p>Siguen las cuarteaduras de la alianza de Morena con el PT y el Verde en la CDMX, donde parece ser se mantendr\u00e1 la distancia entre los tres. La definici\u00f3n de los verdes de llevar a la senadora Ruth Gonz\u00e1lez Silva, como su candidata al gobierno de San Luis Potos\u00ed no permite la reconciliaci\u00f3n entre ellos\u2026 Las ternas para integrar a los tres nuevos miembros del INE, deja ver el control que mantendr\u00e1 Morena dentro del \u00f3rgano electoral.<\/p>\n<p>&nbsp;<\/p>\n<p><a href=\"mailto:ramonzurita44@hotmail.com\">ramonzurita44@hotmail.com<\/a><\/p>\n<p>&nbsp;<\/p>\n<p><a href=\"mailto:ramonzurita44@gmail.com\">ramonzurita44@gmail.com<\/a><\/p>\n<p>&nbsp;<\/p>\n","protected":false},"excerpt":{"rendered":"<p>&nbsp; De frente y de perfil Ram\u00f3n Zurita Sahag\u00fan &nbsp; &nbsp; Son muchos a\u00f1os en los que las mujeres no han sido consideradas como se debe en cuanto a la selecci\u00f3n de candidatos a los gobiernos estatales. D\u00e9cadas completas pasaron desde el arribo de M\u00e9xico a la modernidad, en que las mujeres ve\u00edan pasar las [&hellip;]<\/p>\n","protected":false},"author":14,"featured_media":0,"comment_status":"open","ping_status":"open","sticky":false,"template":"","format":"standard","meta":{"_monsterinsights_skip_tracking":false,"_monsterinsights_sitenote_active":false,"_monsterinsights_sitenote_note":"","_monsterinsights_sitenote_category":0,"footnotes":""},"categories":[4,234],"tags":[],"class_list":["post-716771","post","type-post","status-publish","format-standard","hentry","category-opinion","category-ramon-zurita-sahagun"],"_links":{"self":[{"href":"https:\/\/www.diarioimagen.net\/index.php?rest_route=\/wp\/v2\/posts\/716771","targetHints":{"allow":["GET"]}}],"collection":[{"href":"https:\/\/www.diarioimagen.net\/index.php?rest_route=\/wp\/v2\/posts"}],"about":[{"href":"https:\/\/www.diarioimagen.net\/index.php?rest_route=\/wp\/v2\/types\/post"}],"author":[{"embeddable":true,"href":"https:\/\/www.diarioimagen.net\/index.php?rest_route=\/wp\/v2\/users\/14"}],"replies":[{"embeddable":true,"href":"https:\/\/www.diarioimagen.net\/index.php?rest_route=%2Fwp%2Fv2%2Fcomments&post=716771"}],"version-history":[{"count":1,"href":"https:\/\/www.diarioimagen.net\/index.php?rest_route=\/wp\/v2\/posts\/716771\/revisions"}],"predecessor-version":[{"id":716772,"href":"https:\/\/www.diarioimagen.net\/index.php?rest_route=\/wp\/v2\/posts\/716771\/revisions\/716772"}],"wp:attachment":[{"href":"https:\/\/www.diarioimagen.net\/index.php?rest_route=%2Fwp%2Fv2%2Fmedia&parent=716771"}],"wp:term":[{"taxonomy":"category","embeddable":true,"href":"https:\/\/www.diarioimagen.net\/index.php?rest_route=%2Fwp%2Fv2%2Fcategories&post=716771"},{"taxonomy":"post_tag","embeddable":true,"href":"https:\/\/www.diarioimagen.net\/index.php?rest_route=%2Fwp%2Fv2%2Ftags&post=716771"}],"curies":[{"name":"wp","href":"https:\/\/api.w.org\/{rel}","templated":true}]}}