{"id":716802,"date":"2026-04-21T21:46:01","date_gmt":"2026-04-22T03:46:01","guid":{"rendered":"https:\/\/www.diarioimagen.net\/?p=716802"},"modified":"2026-04-21T21:46:01","modified_gmt":"2026-04-22T03:46:01","slug":"analizan-en-uaemex-los-desafios-del-envejecimiento-poblacional-en-mexico","status":"publish","type":"post","link":"https:\/\/www.diarioimagen.net\/?p=716802","title":{"rendered":"Analizan en UAEm\u00e9x los desaf\u00edos del envejecimiento poblacional en M\u00e9xico"},"content":{"rendered":"<p><strong>\u00a0<\/strong><\/p>\n<p><strong> <img loading=\"lazy\" decoding=\"async\" class=\"alignnone wp-image-716882 size-large\" src=\"https:\/\/www.diarioimagen.net\/wp-content\/uploads\/2026\/04\/UAEM-02-405x270.jpg\" alt=\"\" width=\"405\" height=\"270\" srcset=\"https:\/\/www.diarioimagen.net\/wp-content\/uploads\/2026\/04\/UAEM-02-405x270.jpg 405w, https:\/\/www.diarioimagen.net\/wp-content\/uploads\/2026\/04\/UAEM-02-240x160.jpg 240w, https:\/\/www.diarioimagen.net\/wp-content\/uploads\/2026\/04\/UAEM-02-768x512.jpg 768w, https:\/\/www.diarioimagen.net\/wp-content\/uploads\/2026\/04\/UAEM-02.jpg 1260w\" sizes=\"auto, (max-width: 405px) 100vw, 405px\" \/><\/strong><\/p>\n<p>&nbsp;<\/p>\n<p>Toluca, M\u00e9x.- Con la participaci\u00f3n de especialistas nacionales e internacionales, el Seminario Internacional Multidisciplinario de Envejecimiento de la Poblaci\u00f3n (SIMEP), organizado por la Facultad de Antropolog\u00eda de la Universidad Aut\u00f3noma del Estado de M\u00e9xico (UAEM\u00e9x), se consolida como un espacio fundamental para el an\u00e1lisis de las condiciones y desaf\u00edos que enfrenta la poblaci\u00f3n adulta mayor en la actualidad.<\/p>\n<p>El profesor de la Facultad de Antropolog\u00eda, Pablo Jasso Salas, explic\u00f3 que M\u00e9xico atraviesa un proceso acelerado de envejecimiento poblacional, lo que vuelve indispensable la generaci\u00f3n de espacios acad\u00e9micos dedicados a la investigaci\u00f3n y difusi\u00f3n de este fen\u00f3meno.<\/p>\n<p>\u201cA diferencia de Europa, donde esta transici\u00f3n demogr\u00e1fica tom\u00f3 m\u00e1s de un siglo, en M\u00e9xico ocurri\u00f3 en apenas 22 a\u00f1os. Tan solo en el Estado de M\u00e9xico hay cerca de dos millones de personas adultas mayores, y se estima que para 2050 uno de cada cuatro mexicanos pertenecer\u00e1 a este grupo\u201d, advirti\u00f3.<\/p>\n<p>Ante este panorama, el acad\u00e9mico subray\u00f3 la urgencia de fortalecer la infraestructura, as\u00ed como de formar personal especializado en disciplinas como la gerontolog\u00eda, que permitan atender de manera integral a este sector. Asimismo, se\u00f1al\u00f3 que las ciudades actuales no est\u00e1n dise\u00f1adas para las necesidades de las personas mayores, lo que dificulta su movilidad y acceso a servicios.<\/p>\n<p>\u201cEs necesario implementar pol\u00edticas p\u00fablicas que atiendan sus necesidades de salud y bienestar, no solo desde una perspectiva correctiva, sino tambi\u00e9n preventiva\u201d, enfatiz\u00f3.<\/p>\n<p>El SIMEP, que se desarrolla en 10 sesiones a lo largo del a\u00f1o, tiene como objetivo formar profesionales con sensibilidad social hacia este grupo poblacional. En esta edici\u00f3n participan 312 estudiantes de disciplinas como gerontolog\u00eda, antropolog\u00eda y enfermer\u00eda, provenientes de diversas entidades del pa\u00eds.<\/p>\n<p>El seminario tambi\u00e9n cuenta con la participaci\u00f3n de especialistas de Argentina y Colombia, as\u00ed como de instituciones como la Universidad Nacional Aut\u00f3noma de M\u00e9xico (UNAM), la Universidad Aut\u00f3noma de Chiapas, la Universidad An\u00e1huac Mayab-Yucat\u00e1n, la Universidad Aut\u00f3noma del Estado de Hidalgo, la Universidad Estatal del Valle de Toluca, adem\u00e1s del Centro de Investigaciones y Estudios Superiores en Antropolog\u00eda Social (CIESAS-Golfo), el Centro de Investigaci\u00f3n en Ciencias Sociales y Humanidades y la Facultad de Geograf\u00eda de la UAEM\u00e9x.<\/p>\n<p>Entre los temas abordados destacan las discapacidades, la sexualidad en la vejez, la soledad y la violencia, analizados desde perspectivas cl\u00ednicas y sociales. Tambi\u00e9n se exploran problem\u00e1ticas emergentes en \u00e1mbitos poco estudiados, como el turismo, as\u00ed como enfoques antropol\u00f3gicos que invitan a dejar de idealizar a las personas mayores y reconocer la complejidad de sus realidades.<\/p>\n<p>El seminario se realiza de manera virtual todos los mi\u00e9rcoles y concluir\u00e1 el pr\u00f3ximo 21 de octubre, en el marco del aniversario de la Facultad de Antropolog\u00eda, con actividades acad\u00e9micas y culturales que incluir\u00e1n la participaci\u00f3n de personas adultas mayores y presentaciones art\u00edsticas.<\/p>\n<p>Finalmente, Pablo Jasso Salas hizo un llamado a la sociedad, especialmente a las y los j\u00f3venes, a involucrarse en esta problem\u00e1tica. \u201cEs fundamental generar sensibilidad, porque eventualmente todos formaremos parte de este grupo. Debemos construir desde ahora las condiciones para un envejecimiento digno, sostenible y con bienestar\u201d, concluy\u00f3.<\/p>\n<p>&nbsp;<\/p>\n<p>&nbsp;<\/p>\n","protected":false},"excerpt":{"rendered":"<p>\u00a0 &nbsp; Toluca, M\u00e9x.- Con la participaci\u00f3n de especialistas nacionales e internacionales, el Seminario Internacional Multidisciplinario de Envejecimiento de la Poblaci\u00f3n (SIMEP), organizado por la Facultad de Antropolog\u00eda de la Universidad Aut\u00f3noma del Estado de M\u00e9xico (UAEM\u00e9x), se consolida como un espacio fundamental para el an\u00e1lisis de las condiciones y desaf\u00edos que enfrenta la poblaci\u00f3n [&hellip;]<\/p>\n","protected":false},"author":14,"featured_media":716882,"comment_status":"open","ping_status":"open","sticky":false,"template":"","format":"standard","meta":{"_monsterinsights_skip_tracking":false,"_monsterinsights_sitenote_active":false,"_monsterinsights_sitenote_note":"","_monsterinsights_sitenote_category":0,"footnotes":""},"categories":[16,5],"tags":[],"class_list":["post-716802","post","type-post","status-publish","format-standard","has-post-thumbnail","hentry","category-destacadas","category-estado-de-mexico"],"_links":{"self":[{"href":"https:\/\/www.diarioimagen.net\/index.php?rest_route=\/wp\/v2\/posts\/716802","targetHints":{"allow":["GET"]}}],"collection":[{"href":"https:\/\/www.diarioimagen.net\/index.php?rest_route=\/wp\/v2\/posts"}],"about":[{"href":"https:\/\/www.diarioimagen.net\/index.php?rest_route=\/wp\/v2\/types\/post"}],"author":[{"embeddable":true,"href":"https:\/\/www.diarioimagen.net\/index.php?rest_route=\/wp\/v2\/users\/14"}],"replies":[{"embeddable":true,"href":"https:\/\/www.diarioimagen.net\/index.php?rest_route=%2Fwp%2Fv2%2Fcomments&post=716802"}],"version-history":[{"count":1,"href":"https:\/\/www.diarioimagen.net\/index.php?rest_route=\/wp\/v2\/posts\/716802\/revisions"}],"predecessor-version":[{"id":716883,"href":"https:\/\/www.diarioimagen.net\/index.php?rest_route=\/wp\/v2\/posts\/716802\/revisions\/716883"}],"wp:featuredmedia":[{"embeddable":true,"href":"https:\/\/www.diarioimagen.net\/index.php?rest_route=\/wp\/v2\/media\/716882"}],"wp:attachment":[{"href":"https:\/\/www.diarioimagen.net\/index.php?rest_route=%2Fwp%2Fv2%2Fmedia&parent=716802"}],"wp:term":[{"taxonomy":"category","embeddable":true,"href":"https:\/\/www.diarioimagen.net\/index.php?rest_route=%2Fwp%2Fv2%2Fcategories&post=716802"},{"taxonomy":"post_tag","embeddable":true,"href":"https:\/\/www.diarioimagen.net\/index.php?rest_route=%2Fwp%2Fv2%2Ftags&post=716802"}],"curies":[{"name":"wp","href":"https:\/\/api.w.org\/{rel}","templated":true}]}}