{"id":716806,"date":"2026-04-21T20:00:05","date_gmt":"2026-04-22T02:00:05","guid":{"rendered":"https:\/\/www.diarioimagen.net\/?p=716806"},"modified":"2026-04-21T20:00:05","modified_gmt":"2026-04-22T02:00:05","slug":"senadores-denuncian-que-reforma-a-la-ley-de-vivienda-es-un-caballo-de-troya","status":"publish","type":"post","link":"https:\/\/www.diarioimagen.net\/?p=716806","title":{"rendered":"Senadores denuncian que reforma a la  Ley de Vivienda es un \u201cCaballo de Troya\u201d"},"content":{"rendered":"<p><strong>\u00a0<\/strong><\/p>\n<p><strong>CLASE POLITICA\u00a0 <\/strong>Miguel \u00c1ngel Rivera<\/p>\n<p><strong>\u00a0<\/strong><\/p>\n<p>&nbsp;<\/p>\n<p>Como acostumbra\u00a0la llamada Cuarta Transformaci\u00f3n, con dispensa de tr\u00e1mites y con grandes alabanzas se present\u00f3 ayer en el Senado una iniciativa que supuestamente permitir\u00e1 avanzar enormemente en la soluci\u00f3n del problema nacional de la falta de vivienda, pero de inmediato la oposici\u00f3n puso en evidencia la verdadera intenci\u00f3n: autorizar al gobierno federal a apropiarse de las valiosas reservas de los institutos del Fondo Nacional para la Vivienda de los Trabajadores (Infonavit) y del Instituto de Seguridad y Servicios Sociales para los Trabajadores del Estado (Fovissste).<\/p>\n<p>La respectiva iniciativa fue dictaminada y aprobada apenas un d\u00eda antes (lunes 20) en sesi\u00f3n de comisiones unidas de Reordenamiento Urbano y Vivienda; de Trabajo y Previsi\u00f3n Social; y de Estudios Legislativos, Primera, y aunque las normas del Poder Legislativo imponen que para ser discutida por el pleno debe pasar dos lecturas, ese requisito se dispens\u00f3 con el voto de la amplia mayor\u00eda del oficialismo y pas\u00f3 a dictamen con solo una lectura, requisito que tampoco se cumple, pues se considera realizado por el hecho de haber sido incluido en el Diario de los Debates.<\/p>\n<p>La asamblea del Senado se hab\u00eda iniciado con un orden del d\u00eda en donde no aparec\u00eda el tema de la vivienda, pero la presidenta de la C\u00e1mara en funciones, Ver\u00f3nica Noem\u00ed Camino Farjat, de Morena, inform\u00f3 haber recibido el referido dictamen de las comisiones y procedi\u00f3 a solicitar la anuencia del pleno para incluirla en los temas a tratar en esa sesi\u00f3n.<\/p>\n<p>Una vez dispensados los tr\u00e1mites, se inici\u00f3 la discusi\u00f3n. Como corresponde, la presentaci\u00f3n del dictamen para solicitar su aprobaci\u00f3n estuvo a cargo de integrantes de las comisiones, claro todos del bloque oficialista: Geovanna Ba\u00f1uelos de la Torre (Morena), presidenta de la Comisi\u00f3n de Trabajo y Previsi\u00f3n Social; Virginia Maga\u00f1a Fonseca (PVEM), a nombre de la Comisi\u00f3n de Reordenamiento Urbano y Vivienda; y Manuel Huerta Ladr\u00f3n de Guevara (Morena), a nombre de la Comisi\u00f3n de Estudios Legislativos, Primera.<\/p>\n<p>\u201cEste dictamen, compa\u00f1eras y compa\u00f1eros, refrenda el compromiso de solidaridad con nuestra clase trabajadora, al tiempo que contribuye de manera directa al bienestar de millones de familias mexicanas\u201d, afirm\u00f3 al recomendar la aprobaci\u00f3n del dictamen, a lo cual agreg\u00f3:<\/p>\n<p>\u201cCon su aprobaci\u00f3n, si es que ustedes as\u00ed lo consideran, daremos un paso firme hacia el fortalecimiento de los derechos laborales y avanzamos en la construcci\u00f3n de un pa\u00eds m\u00e1s justo, donde el acceso a una vivienda adecuada deje de ser un privilegio, y se consolide como un derecho efectivo para todas y todos.<\/p>\n<p>\u201cLas reformas y adiciones a la Ley de Vivienda establecen el concepto de vivienda adecuada que est\u00e1 alineado con nuestra Constituci\u00f3n y con est\u00e1ndares internacionales de derechos humanos, como el de la ONU-H\u00e1bitat.<\/p>\n<p>\u201cPero lo m\u00e1s trascendente de este concepto es que cumple con los lineamientos de accesibilidad, adecuaci\u00f3n cultural, asequibilidad, servicios b\u00e1sicos, habitabilidad, seguridad en la tenencia y buena ubicaci\u00f3n\u201d.<\/p>\n<p>Los otros voceros expusieron argumentos similares, adem\u00e1s de se\u00f1alar que, con esta reforma, se parmitir\u00eda al gobierno nacional avanzar en llenar el enorme hueco por la falta millones de viviendas o por el mal estado de otras tantas. Seg\u00fan Ba\u00f1uelos, alrededor de 22 por ciento de las viviendas presentan rezago habitacional, esto quiere decir que una de cada cinco viviendas en M\u00e9xico tiene problemas de hacinamiento, materiales precarios o falta de servicios b\u00e1sicos.<\/p>\n<p>\u201cEl problema no se detiene ah\u00ed, en los pr\u00f3ximos a\u00f1os se necesitar\u00e1n al menos 3.8 millones de viviendas adicionales para atender el crecimiento de la poblaci\u00f3n y la formaci\u00f3n de nuevos hogares\u201d, agreg\u00f3 la senadora \u201cmorena\u201d.<\/p>\n<p>Luego de tan emotivas recomendaciones, lleg\u00f3 el posicionamiento de los diversos partidos, entre los cuales destacaron las cr\u00edticas y advertencias de la oposici\u00f3n.<\/p>\n<p>A nombre de MC, Alejandra Barrales Magdaleno confirm\u00f3 que la escasez de vivienda es un grave problema:<\/p>\n<p>\u201cEstamos en presencia de una reforma que la mayor\u00eda en este Senado, el oficialismo, aprovecha una vez m\u00e1s un tema que nos preocupa a todas y a todos los mexicanos: la necesidad de vivienda en nuestro pa\u00eds.<\/p>\n<p>\u201cEs un problema real, tenemos un faltante, un d\u00e9ficit de ocho millones de viviendas&#8230; el problema es real, eso es indudable\u201d, a\u00f1adi\u00f3 la legisladora, quien luego plante\u00f3 sus desacuerdos:<\/p>\n<p>\u201cLo que a nosotros nos preocupa es, particularmente, el art\u00edculo 56 de esta iniciativa, y nuestras preocupaciones son de forma y de fondo.<\/p>\n<p>\u201cDe forma, porque estamos hablando de una iniciativa que, seguramente ustedes recordar\u00e1n, en febrero del a\u00f1o pasado se propon\u00eda en una iniciativa desde la Presidencia en reformar la Ley del ISSSTE, para tocar los fondos de los trabajadores, para poder construir vivienda.<\/p>\n<p>\u201cEn aquel entonces, al enterarse los trabajadores, de inmediato se manifestaron, se movilizaron, de tal forma que el gobierno tuvo que dar marcha atr\u00e1s a esta iniciativa.<\/p>\n<p>\u201cY decimos que tenemos un problema de forma porque hoy es la misma iniciativa, hoy se busca darle autorizaci\u00f3n al Fovissste, que es el Fondo de los Trabajadores para Vivienda, para que pueda tocarlos el gobierno y poder construir con ellos esta vivienda.<\/p>\n<p>\u201cEl otro tema que nos preocupa, como lo hemos dicho, es justamente el que no se est\u00e1 consultando a los trabajadores. Aqu\u00ed hemos escuchado en esta tribuna que han planteado que esta propuesta es muy buena, que es muy noble, que tiene todo de positivo.<\/p>\n<p>\u201cSi es tan positiva, como ustedes lo dicen \u00bfpor qu\u00e9 no les preguntan a los trabajadores?<\/p>\n<p>Barrales respondi\u00f3 su pregunta. Sostuvo que los trabajadores \u201cdif\u00edcilmente van a estar a favor, porque esta propuesta no tiene contrapesos\u201d.<\/p>\n<p>\u201cPor eso estamos inconformes con la forma\u201d, dijo la representante de MC, quien puso en evidencia el \u201cgato encerrado\u201d:<\/p>\n<p>\u201cEn el fondo, se trata de meterle mano a 286 mil millones de pesos, que es lo que hoy tiene el Fondo de Vivienda de los Trabajadores del Estado.<\/p>\n<p>\u201cYa se toc\u00f3 el dinero de los trabajadores de la iniciativa privada y hoy lo que piden con esta iniciativa es tocar el dinero, pero ahora de los maestros, de los polic\u00edas, de los trabajadores de este Senado, de la C\u00e1mara de Diputados, de trabajadores del Metro, de todos los trabajadores del Estado, pero sin su autorizaci\u00f3n\u201d.<\/p>\n<p>El siguiente turno fue para la senadora Mely Romero Celis del grupo parlamentario del Partido Revolucionario Institucional, quien de inicio para expresar su desacuerdo con una iniciativa que tras\u00a0 el \u201cnoble ropaje de vivienda adecuada esconde una de las amenazas m\u00e1s graves al patrimonio de las y los trabajadores de M\u00e9xico, espec\u00edficamente a los trabajadores del sector p\u00fablico, del gobierno, del magisterio y m\u00e1s.<\/p>\n<p>Precis\u00f3 que nadie se opone a planes o proyectos para mejorar la vivienda. De hecho record\u00f3 haber presentado una iniciativa con tal finalidad, pero enseguida justific\u00f3 el desacuerdo de su bancada con esa iniciativa del oficialismo.<\/p>\n<p>El dictamen que hoy nos presentan, dijo, \u201cno es un avance en derechos, es un \u201cCaballo de Troya\u201d para el despojo financiero. Lo que estamos presenciando es la gesti\u00f3n de un nuevo \u201chuachicol\u201d de vivienda.<\/p>\n<p>\u201cF\u00edjense nada m\u00e1s, es el mismo personaje que dirigi\u00f3 Pemex, mientras el robo de combustible alcanzaba los 58 mil barriles diarios mediante una red de complicidad interna. Ese se\u00f1or, Octavio Romero Oropeza, es ahora quien opera el Infonavit. All\u00e1 en Pemex la complicidad, desde adentro, permiti\u00f3 que el hidrocarburo fluyera hacia manos ilegales. Est\u00e1 documentado, est\u00e1 evidenciado.<\/p>\n<p>\u201cHoy, con la reforma al art\u00edculo 56, le dan permiso a este se\u00f1or. Le entregan las llaves de la v\u00e1lvula de los ahorros de los trabajadores para que el dinero fluya hacia una constructora estatal opaca.<\/p>\n<p>\u201cEste no es un modelo de justicia social, es un modelo redondo de negocio para Morena y sus empresas aliadas\u201d, sentenci\u00f3 la legisladora priista, al continuar con su denuncia:<\/p>\n<p>\u201cEs inaudito que las instituciones encargadas de la vivienda, para las familias mexicanas, entreguen contratos de casi mil millones de pesos para viviendas del bienestar a empresas como Agicresa, propiedad de los hermanos de un diputado federal de Morena. Es el colmo del descaro\u201d.<\/p>\n<p>A pesar de las denuncias, es casi seguro que la iniciativa se apruebe, sin cambios. Para eso es la mayor\u00eda oficialista.<\/p>\n<p>&nbsp;<\/p>\n<p>&nbsp;<\/p>\n","protected":false},"excerpt":{"rendered":"<p>\u00a0 CLASE POLITICA\u00a0 Miguel \u00c1ngel Rivera \u00a0 &nbsp; Como acostumbra\u00a0la llamada Cuarta Transformaci\u00f3n, con dispensa de tr\u00e1mites y con grandes alabanzas se present\u00f3 ayer en el Senado una iniciativa que supuestamente permitir\u00e1 avanzar enormemente en la soluci\u00f3n del problema nacional de la falta de vivienda, pero de inmediato la oposici\u00f3n puso en evidencia la verdadera [&hellip;]<\/p>\n","protected":false},"author":14,"featured_media":0,"comment_status":"open","ping_status":"open","sticky":false,"template":"","format":"standard","meta":{"_monsterinsights_skip_tracking":false,"_monsterinsights_sitenote_active":false,"_monsterinsights_sitenote_note":"","_monsterinsights_sitenote_category":0,"footnotes":""},"categories":[84119,4],"tags":[],"class_list":["post-716806","post","type-post","status-publish","format-standard","hentry","category-miguel-angel-rivera","category-opinion"],"_links":{"self":[{"href":"https:\/\/www.diarioimagen.net\/index.php?rest_route=\/wp\/v2\/posts\/716806","targetHints":{"allow":["GET"]}}],"collection":[{"href":"https:\/\/www.diarioimagen.net\/index.php?rest_route=\/wp\/v2\/posts"}],"about":[{"href":"https:\/\/www.diarioimagen.net\/index.php?rest_route=\/wp\/v2\/types\/post"}],"author":[{"embeddable":true,"href":"https:\/\/www.diarioimagen.net\/index.php?rest_route=\/wp\/v2\/users\/14"}],"replies":[{"embeddable":true,"href":"https:\/\/www.diarioimagen.net\/index.php?rest_route=%2Fwp%2Fv2%2Fcomments&post=716806"}],"version-history":[{"count":1,"href":"https:\/\/www.diarioimagen.net\/index.php?rest_route=\/wp\/v2\/posts\/716806\/revisions"}],"predecessor-version":[{"id":716807,"href":"https:\/\/www.diarioimagen.net\/index.php?rest_route=\/wp\/v2\/posts\/716806\/revisions\/716807"}],"wp:attachment":[{"href":"https:\/\/www.diarioimagen.net\/index.php?rest_route=%2Fwp%2Fv2%2Fmedia&parent=716806"}],"wp:term":[{"taxonomy":"category","embeddable":true,"href":"https:\/\/www.diarioimagen.net\/index.php?rest_route=%2Fwp%2Fv2%2Fcategories&post=716806"},{"taxonomy":"post_tag","embeddable":true,"href":"https:\/\/www.diarioimagen.net\/index.php?rest_route=%2Fwp%2Fv2%2Ftags&post=716806"}],"curies":[{"name":"wp","href":"https:\/\/api.w.org\/{rel}","templated":true}]}}