{"id":716811,"date":"2026-04-21T20:36:39","date_gmt":"2026-04-22T02:36:39","guid":{"rendered":"https:\/\/www.diarioimagen.net\/?p=716811"},"modified":"2026-04-21T20:36:39","modified_gmt":"2026-04-22T02:36:39","slug":"fortalece-tlalnepantla-la-conciencia-ambiental-con-guardianes-del-agua","status":"publish","type":"post","link":"https:\/\/www.diarioimagen.net\/?p=716811","title":{"rendered":"Fortalece Tlalnepantla la conciencia  ambiental con \u00abGuardianes del agua\u00bb"},"content":{"rendered":"<p>&nbsp;<\/p>\n<ul>\n<li><strong>Reconocen labor del personal docente<\/strong><\/li>\n<\/ul>\n<div id=\"attachment_716812\" style=\"width: 438px\" class=\"wp-caption alignnone\"><img loading=\"lazy\" decoding=\"async\" aria-describedby=\"caption-attachment-716812\" class=\"wp-image-716812 size-large\" src=\"https:\/\/www.diarioimagen.net\/wp-content\/uploads\/2026\/04\/BAENA-3-ok-11-428x270.jpg\" alt=\"\" width=\"428\" height=\"270\" srcset=\"https:\/\/www.diarioimagen.net\/wp-content\/uploads\/2026\/04\/BAENA-3-ok-11-428x270.jpg 428w, https:\/\/www.diarioimagen.net\/wp-content\/uploads\/2026\/04\/BAENA-3-ok-11-240x152.jpg 240w, https:\/\/www.diarioimagen.net\/wp-content\/uploads\/2026\/04\/BAENA-3-ok-11-768x485.jpg 768w, https:\/\/www.diarioimagen.net\/wp-content\/uploads\/2026\/04\/BAENA-3-ok-11.jpg 1500w\" sizes=\"auto, (max-width: 428px) 100vw, 428px\" \/><p id=\"caption-attachment-716812\" class=\"wp-caption-text\">Tlalnepantla se posiciona como un referente en la gesti\u00f3n sostenible del agua y el fortalecimiento de la conciencia ambiental en el Estado de M\u00e9xico.<\/p><\/div>\n<p><strong>\u00a0<\/strong><\/p>\n<p>&nbsp;<\/p>\n<p>Tlalnepantla, M\u00e9x.-En un esfuerzo coordinado entre las autoridades municipales, educativas y la comunidad, el gobierno de Tlalnepantla impulsa el programa \u00abGuardianes del Agua\u201d, a trav\u00e9s del Organismo P\u00fablico Descentralizado para la Prestaci\u00f3n de los Servicios de Agua Potable, Alcantarillado y Saneamiento (OPDM), una iniciativa dise\u00f1ada para formar ciudadanos responsables y conscientes del valor del vital l\u00edquido.<\/p>\n<p>&nbsp;<\/p>\n<p>Durante el evento de toma de protesta en la escuela Primarias Alfredo Del Mazo V\u00e9lez, a ni\u00f1as, ni\u00f1os, j\u00f3venes y padres de familia, se destac\u00f3 la urgencia de proteger este recurso no renovable que actualmente enfrenta un periodo de estr\u00e9s h\u00eddrico.<\/p>\n<p>&nbsp;<\/p>\n<p>El compromiso asumido por los asistentes incluye acciones directas como cerrar correctamente las llaves, reutilizar el agua, reportar fugas y hacer un uso moderado de la misma en todos los entornos.<\/p>\n<p>&nbsp;<\/p>\n<p>Esta iniciativa reconoci\u00f3 la labor del personal docente de las zonas escolares P091 y P097, as\u00ed como los principios de la Nueva Escuela Mexicana.<\/p>\n<p>&nbsp;<\/p>\n<p>Se enfatiz\u00f3 que la educaci\u00f3n y la cultura tienen un poder transformador fundamental para inculcar valores de respeto y amor al medio ambiente.<\/p>\n<p>&nbsp;<\/p>\n<p>En este sentido, las estrategias pedag\u00f3gicas se alinear\u00e1n para que el aprendizaje trascienda el aula y se refleje en cambios de comportamiento que beneficien directamente a la comunidad de Tlalnepantla.<\/p>\n<p>&nbsp;<\/p>\n<p>Se hizo un llamado a mantener estas acciones de forma permanente como un nuevo estilo de vida, ya que la participaci\u00f3n activa de los padres de familia es clave para motivar a los menores en el cuidado de los recursos naturales.<\/p>\n<p>&nbsp;<\/p>\n<p>&nbsp;<\/p>\n<p>&nbsp;<\/p>\n","protected":false},"excerpt":{"rendered":"<p>&nbsp; Reconocen labor del personal docente \u00a0 &nbsp; Tlalnepantla, M\u00e9x.-En un esfuerzo coordinado entre las autoridades municipales, educativas y la comunidad, el gobierno de Tlalnepantla impulsa el programa \u00abGuardianes del Agua\u201d, a trav\u00e9s del Organismo P\u00fablico Descentralizado para la Prestaci\u00f3n de los Servicios de Agua Potable, Alcantarillado y Saneamiento (OPDM), una iniciativa dise\u00f1ada para formar [&hellip;]<\/p>\n","protected":false},"author":14,"featured_media":716812,"comment_status":"open","ping_status":"open","sticky":false,"template":"","format":"standard","meta":{"_monsterinsights_skip_tracking":false,"_monsterinsights_sitenote_active":false,"_monsterinsights_sitenote_note":"","_monsterinsights_sitenote_category":0,"footnotes":""},"categories":[5],"tags":[],"class_list":["post-716811","post","type-post","status-publish","format-standard","has-post-thumbnail","hentry","category-estado-de-mexico"],"_links":{"self":[{"href":"https:\/\/www.diarioimagen.net\/index.php?rest_route=\/wp\/v2\/posts\/716811","targetHints":{"allow":["GET"]}}],"collection":[{"href":"https:\/\/www.diarioimagen.net\/index.php?rest_route=\/wp\/v2\/posts"}],"about":[{"href":"https:\/\/www.diarioimagen.net\/index.php?rest_route=\/wp\/v2\/types\/post"}],"author":[{"embeddable":true,"href":"https:\/\/www.diarioimagen.net\/index.php?rest_route=\/wp\/v2\/users\/14"}],"replies":[{"embeddable":true,"href":"https:\/\/www.diarioimagen.net\/index.php?rest_route=%2Fwp%2Fv2%2Fcomments&post=716811"}],"version-history":[{"count":1,"href":"https:\/\/www.diarioimagen.net\/index.php?rest_route=\/wp\/v2\/posts\/716811\/revisions"}],"predecessor-version":[{"id":716813,"href":"https:\/\/www.diarioimagen.net\/index.php?rest_route=\/wp\/v2\/posts\/716811\/revisions\/716813"}],"wp:featuredmedia":[{"embeddable":true,"href":"https:\/\/www.diarioimagen.net\/index.php?rest_route=\/wp\/v2\/media\/716812"}],"wp:attachment":[{"href":"https:\/\/www.diarioimagen.net\/index.php?rest_route=%2Fwp%2Fv2%2Fmedia&parent=716811"}],"wp:term":[{"taxonomy":"category","embeddable":true,"href":"https:\/\/www.diarioimagen.net\/index.php?rest_route=%2Fwp%2Fv2%2Fcategories&post=716811"},{"taxonomy":"post_tag","embeddable":true,"href":"https:\/\/www.diarioimagen.net\/index.php?rest_route=%2Fwp%2Fv2%2Ftags&post=716811"}],"curies":[{"name":"wp","href":"https:\/\/api.w.org\/{rel}","templated":true}]}}