{"id":716824,"date":"2026-04-21T20:51:38","date_gmt":"2026-04-22T02:51:38","guid":{"rendered":"https:\/\/www.diarioimagen.net\/?p=716824"},"modified":"2026-04-21T20:51:38","modified_gmt":"2026-04-22T02:51:38","slug":"lanzan-buscando-la-nueva-voz-de-expo-compositores","status":"publish","type":"post","link":"https:\/\/www.diarioimagen.net\/?p=716824","title":{"rendered":"Lanzan Buscando La Nueva Voz de Expo Compositores"},"content":{"rendered":"<ul>\n<li><strong>Para apoyar el talento, la valent\u00eda y el arte de cientos de j\u00f3venes <\/strong><\/li>\n<li><strong>Gran final se realizar\u00e1 el viernes 1\u00ba de mayo en \u201cCetanni Polanco\u201d<\/strong><\/li>\n<\/ul>\n<div id=\"attachment_716825\" style=\"width: 226px\" class=\"wp-caption alignnone\"><img loading=\"lazy\" decoding=\"async\" aria-describedby=\"caption-attachment-716825\" class=\"wp-image-716825 size-large\" src=\"https:\/\/www.diarioimagen.net\/wp-content\/uploads\/2026\/04\/EXPO-216x270.jpeg\" alt=\"\" width=\"216\" height=\"270\" srcset=\"https:\/\/www.diarioimagen.net\/wp-content\/uploads\/2026\/04\/EXPO-216x270.jpeg 216w, https:\/\/www.diarioimagen.net\/wp-content\/uploads\/2026\/04\/EXPO-192x240.jpeg 192w, https:\/\/www.diarioimagen.net\/wp-content\/uploads\/2026\/04\/EXPO-768x960.jpeg 768w, https:\/\/www.diarioimagen.net\/wp-content\/uploads\/2026\/04\/EXPO.jpeg 945w\" sizes=\"auto, (max-width: 216px) 100vw, 216px\" \/><p id=\"caption-attachment-716825\" class=\"wp-caption-text\">S\u00e9 testigo de una m\u00e1gica velada donde surgir\u00e1 la pr\u00f3xima estrella de la m\u00fasica.\u00a0 Boletos disponibles en passline.com.<\/p><\/div>\n<p>&nbsp;<\/p>\n<p>El a\u00f1o pasado Expo Compositores Foundation celebr\u00f3 sus primeros 10 a\u00f1os de vida, consolid\u00e1ndose como la plataforma m\u00e1s influyente para autores y compositores de habla hispana. Constituida como una organizaci\u00f3n sin fines de lucro, ha logrado fomentar el desarrollo de la creatividad de cientos de autores que permanecen en el anonimato por falta de preparaci\u00f3n, conocimiento y recursos, ayud\u00e1ndoles a conseguir los medios que dignifican la dedicaci\u00f3n a su oficio. Encabezada por su Presidenta, la Doctora Rosal\u00eda Garc\u00eda, el proyecto fue iniciado en Los \u00c1ngeles, California, por un grupo de profesionales de la m\u00fasica, ejecutivos de medios, l\u00edderes empresariales y activistas filantr\u00f3picos, todos ellos emprendedores que han compartido su pasi\u00f3n por la m\u00fasica y creen en su poder para cambiar vidas.<\/p>\n<p>&nbsp;<\/p>\n<p>A lo largo de una d\u00e9cada, la influencia de Expo Compositores Foundation se ha extendido pr\u00e1cticamente a todo el continente y m\u00e1s a\u00fan, ha logrado desarrollar nuevos espacios para aquellas personas que merecen un lugar en el mundo de la m\u00fasica no s\u00f3lo como creadores de canciones sino tambi\u00e9n como int\u00e9rpretes, por eso es que a inicios de este 2026 lanz\u00f3 la convocatoria para el concurso \u201cBuscando La Nueva Voz De Expo Compositores\u201d. Durante todo el mes de enero se recibieron videos de cientos de j\u00f3venes de 18 a 35 a\u00f1os sumamente talentosos, con voces incre\u00edbles y procedentes de diversos pa\u00edses.<\/p>\n<p>&nbsp;<\/p>\n<p>Realmente no importaba el g\u00e9nero musical, si era una canci\u00f3n de su autor\u00eda o un cover, lo trascedente era escuchar la calidad de su voz, la pasi\u00f3n de su interpretaci\u00f3n, su personalidad y sus cualidades art\u00edsticas para convertirse en una pr\u00f3xima figura de los escenarios. De esta manera es como llegaron a La Gran Final siete estupendas \u201cpromesas\u201d que la noche de este viernes 1o. de mayo, en el coraz\u00f3n de la Ciudad de M\u00e9xico, nos deleitar\u00e1n con su talento en el centro de espect\u00e1culos \u201cCetanni Polanco\u201d; ellos son Sama de Ecuador, Brandon Salazar de El Salvador y Tom\u00e1s de Colombia, as\u00ed como los mexicanos Faty de Monterrey, Carlos Eduardo de CDMX, Grecia Campos de Colima y Braulio Garc\u00eda de Campeche. Sin duda, ser\u00e1 una velada para celebrar su destreza vocal, sus dones, su impacto frente al p\u00fablico y su sentimiento, pues los siete dejar\u00e1n el alma en el escenario. La emoci\u00f3n est\u00e1 por vivirse y la decisi\u00f3n no ser\u00e1 f\u00e1cil, ya que cada uno ellos brilla con luz propia y su entusiasmo es enorme, est\u00e1n frente a la oportunidad que puede transformar su vida.<\/p>\n<p>&nbsp;<\/p>\n<p>El ganador recibir\u00e1 como premios un Contrato de Representaci\u00f3n Exclusiva con Expo Compositores (vigencia inicial de un a\u00f1o, renovable); grabaci\u00f3n, producci\u00f3n y lanzamiento de un sencillo y de su video musical oficial; Expo Music ser\u00e1 el sello encargado de seleccionar y producir el tema del artista triunfador y Expo Compositores Foundation cubrir\u00e1 la inversi\u00f3n correspondiente a su imagen (look &amp; feel), as\u00ed como la producci\u00f3n y promoci\u00f3n de una canci\u00f3n. Adicionalmente, el tr\u00e1mite para obtener la visa estadounidense estar\u00e1 a cargo de \u201cSolorio Legal\u201d y esa noche contaremos con la importante presencia del Abogado Javier Solorio, representante de esta firma y patrocinador oficial del evento.<\/p>\n<p>&nbsp;<\/p>\n<p>El jurado estar\u00e1 integrado por diversas personalidades de la industria como el Maestro Miguel Luna (cantautor de prestigio y uno de los compositores mexicanos m\u00e1s reconocidos de la actualidad), Rafa Loar (fundador y l\u00edder del grupo Elefante), Roy Villase\u00f1or (representante de CH Records y productor), Panch\u00edn Carrillo (productor de Reyli y otros artistas) y los Se\u00f1ores Pedro Kominik y Bastian Acosta (directivos y representantes de la Secretar\u00eda de Cultura de la Ciudad de M\u00e9xico).<\/p>\n<p>&nbsp;<\/p>\n<p>Vale la pena agregar que La Gran Final de \u201cBuscando La Nueva Voz De Expo Compositores\u201d, contar\u00e1 con el show \u00edntimo del Maestro Miguel Luna para redondear este evento. Podremos escuchar en la voz de su creador, temas que han sido \u00e9xitos permanentes e internacionales como \u201cNo soy el aire\u201d, \u201cPupilas de gato\u201d y \u201cCasi perfecto\u201d, las cuales han sido hits bajo la interpretaci\u00f3n de Carlos Rivera, Luis Miguel y Ana Cirr\u00e9, respectivamente\u2026 pero que mejor oportunidad para disfrutar de \u00e9stas y muchas otras piezas, palpando el sentimiento del compositor que la hizo posibles y escuchando an\u00e9cdotas alrededor de cada una de ellas.<\/p>\n<p>&nbsp;<\/p>\n<p>Celebremos el talento, arropemos a nuevas voces, seamos testigos del momento que puede cambiar una vida y disfrutemos de una NOCHE INOLVIDABLE\u2026 la calidad sobra, la pasi\u00f3n es enorme y entre siete j\u00f3venes se encuentra una pr\u00f3xima gran estrella. Es as\u00ed como Expo Compositores Foundation arranca esta segunda d\u00e9cada como organizaci\u00f3n, impulsando el talento genuino, abriendo puertas y ayudando a hacer realidad los sue\u00f1os.<\/p>\n<p><strong>\u00a0<\/strong><\/p>\n<blockquote><p><strong><\/p>\n<p>Este evento ser\u00e1 engalanado con el show del Maestro Miguel Luna, uno de los cantautores m\u00e1s respetados de la industria musical y cuyos exitosos temas han sido interpretados por Luis Miguel, Carlos Rivera, Cristian Castro, Thal\u00eda, Pepe Aguilar, Intocable, Mijares y Bronco, Entre Otros.<\/strong><\/p>\n<p><strong>\u00a0<\/strong><\/p>\n<p><strong>El jurado estar\u00e1 conformado por directivos de la Secretar\u00eda De Cultura de la CDMX, as\u00ed como por destacadas personalidades de la industria de la m\u00fasica.<\/strong><\/p><\/blockquote>\n<p><strong>\u00a0<\/strong><\/p>\n","protected":false},"excerpt":{"rendered":"<p>Para apoyar el talento, la valent\u00eda y el arte de cientos de j\u00f3venes Gran final se realizar\u00e1 el viernes 1\u00ba de mayo en \u201cCetanni Polanco\u201d &nbsp; El a\u00f1o pasado Expo Compositores Foundation celebr\u00f3 sus primeros 10 a\u00f1os de vida, consolid\u00e1ndose como la plataforma m\u00e1s influyente para autores y compositores de habla hispana. Constituida como una [&hellip;]<\/p>\n","protected":false},"author":14,"featured_media":716825,"comment_status":"open","ping_status":"open","sticky":false,"template":"","format":"standard","meta":{"_monsterinsights_skip_tracking":false,"_monsterinsights_sitenote_active":false,"_monsterinsights_sitenote_note":"","_monsterinsights_sitenote_category":0,"footnotes":""},"categories":[12],"tags":[],"class_list":["post-716824","post","type-post","status-publish","format-standard","has-post-thumbnail","hentry","category-espectaculos"],"_links":{"self":[{"href":"https:\/\/www.diarioimagen.net\/index.php?rest_route=\/wp\/v2\/posts\/716824","targetHints":{"allow":["GET"]}}],"collection":[{"href":"https:\/\/www.diarioimagen.net\/index.php?rest_route=\/wp\/v2\/posts"}],"about":[{"href":"https:\/\/www.diarioimagen.net\/index.php?rest_route=\/wp\/v2\/types\/post"}],"author":[{"embeddable":true,"href":"https:\/\/www.diarioimagen.net\/index.php?rest_route=\/wp\/v2\/users\/14"}],"replies":[{"embeddable":true,"href":"https:\/\/www.diarioimagen.net\/index.php?rest_route=%2Fwp%2Fv2%2Fcomments&post=716824"}],"version-history":[{"count":1,"href":"https:\/\/www.diarioimagen.net\/index.php?rest_route=\/wp\/v2\/posts\/716824\/revisions"}],"predecessor-version":[{"id":716826,"href":"https:\/\/www.diarioimagen.net\/index.php?rest_route=\/wp\/v2\/posts\/716824\/revisions\/716826"}],"wp:featuredmedia":[{"embeddable":true,"href":"https:\/\/www.diarioimagen.net\/index.php?rest_route=\/wp\/v2\/media\/716825"}],"wp:attachment":[{"href":"https:\/\/www.diarioimagen.net\/index.php?rest_route=%2Fwp%2Fv2%2Fmedia&parent=716824"}],"wp:term":[{"taxonomy":"category","embeddable":true,"href":"https:\/\/www.diarioimagen.net\/index.php?rest_route=%2Fwp%2Fv2%2Fcategories&post=716824"},{"taxonomy":"post_tag","embeddable":true,"href":"https:\/\/www.diarioimagen.net\/index.php?rest_route=%2Fwp%2Fv2%2Ftags&post=716824"}],"curies":[{"name":"wp","href":"https:\/\/api.w.org\/{rel}","templated":true}]}}