{"id":716833,"date":"2026-04-21T20:59:01","date_gmt":"2026-04-22T02:59:01","guid":{"rendered":"https:\/\/www.diarioimagen.net\/?p=716833"},"modified":"2026-04-21T20:59:01","modified_gmt":"2026-04-22T02:59:01","slug":"ismael-salcedo-presenta-id-continuidad-evolucion-y-un-nuevo-capitulo-tras-los-daniels","status":"publish","type":"post","link":"https:\/\/www.diarioimagen.net\/?p=716833","title":{"rendered":"Ismael Salcedo presenta ID: continuidad, evoluci\u00f3n y un nuevo cap\u00edtulo tras Los Daniels"},"content":{"rendered":"<ul>\n<li><strong>Con el sencillo \u201cSomos lo que sigue\u201d<\/strong><\/li>\n<li><strong>El m\u00fasico mexicano inicia una nueva etapa junto a Dan y una alineaci\u00f3n renovada<\/strong><\/li>\n<\/ul>\n<p><strong> <img loading=\"lazy\" decoding=\"async\" class=\"alignnone wp-image-716831 size-large\" src=\"https:\/\/www.diarioimagen.net\/wp-content\/uploads\/2026\/04\/ISMA-OK-452x270.jpg\" alt=\"\" width=\"452\" height=\"270\" srcset=\"https:\/\/www.diarioimagen.net\/wp-content\/uploads\/2026\/04\/ISMA-OK-452x270.jpg 452w, https:\/\/www.diarioimagen.net\/wp-content\/uploads\/2026\/04\/ISMA-OK-240x143.jpg 240w, https:\/\/www.diarioimagen.net\/wp-content\/uploads\/2026\/04\/ISMA-OK-768x459.jpg 768w, https:\/\/www.diarioimagen.net\/wp-content\/uploads\/2026\/04\/ISMA-OK.jpg 993w\" sizes=\"auto, (max-width: 452px) 100vw, 452px\" \/><\/strong><\/p>\n<p><strong>Por Arturo Arellano <\/strong><\/p>\n<p>&nbsp;<\/p>\n<p>Despu\u00e9s de una historia que dej\u00f3 huella en la m\u00fasica mexicana, Ismael Salcedo, voz fundadora de Los Daniels, abre un nuevo cap\u00edtulo con la convicci\u00f3n de quien ha recorrido el camino completo y a\u00fan tiene mucho por decir. Hoy nace ID, una agrupaci\u00f3n que, en sus palabras, representa \u201cla segunda parte de la historia musical\u201d que ha construido durante casi dos d\u00e9cadas.<\/p>\n<p>&nbsp;<\/p>\n<p>\u201cAhora con esta propuesta, que es la segunda parte de la historia musical que he hecho desde Los Daniels con Dan desde hace 18 a\u00f1os, busco dar continuidad a todos esos \u00e9xitos de los cuales soy compositor, letrista\u201d, afirma Salcedo. Lejos de romper con el pasado, el proyecto se plantea como una extensi\u00f3n natural: \u201cAhora buscamos refrescar los mismos temas que tocamos en vivo, adem\u00e1s de que estamos presentando el primer sencillo, \u2018Somos lo que sigue\u2019, que ya est\u00e1 en plataformas\u201d.<\/p>\n<p>&nbsp;<\/p>\n<p>Acompa\u00f1ado por Bel\u00e9n en la guitarra l\u00edder, Manu en el bajo y Blanc en la bater\u00eda, ID construye una propuesta que honra su legado sin quedarse en \u00e9l. \u201cLa banda es nueva, tiene temas nuevos, pero mi idea es que la banda adquiera su personalidad propia, porque esta fusi\u00f3n es distinta, porque cada miembro tiene un estilo peculiar\u201d.<\/p>\n<p>&nbsp;<\/p>\n<p><strong>\u201cSomos lo que sigue\u201d: una declaraci\u00f3n<\/strong><\/p>\n<p><strong>\u00a0<\/strong><\/p>\n<p>El primer sencillo marca el tono de esta nueva etapa. \u201cEl nuevo sencillo es una canci\u00f3n que de alguna manera lo pensamos como introducci\u00f3n a lo que viene, procuramos que sea energ\u00e9tico, con fuerza festivalera, para abrir los shows en vivo\u201d, explica.<\/p>\n<p>&nbsp;<\/p>\n<p>El tema tambi\u00e9n refleja decisiones creativas distintas: \u201cDecidimos que en vez de que yo llevara la voz principal, la lleva Bel\u00e9n, que es la lead guitar y es cantante, tiene una excelente voz\u201d. Sobre su esencia, a\u00f1ade: \u201cEs una canci\u00f3n que tiene la seriedad de la m\u00fasica, de lo que conlleva una buena canci\u00f3n; m\u00e1s que una canci\u00f3n clavada, es una canci\u00f3n que da pie a lo que viene\u201d.<\/p>\n<p>&nbsp;<\/p>\n<p><strong>El legado y la nostalgia<\/strong><\/p>\n<p><strong>\u00a0<\/strong><\/p>\n<p>Salcedo no evade su pasado, lo abraza. \u201cJusto la banda es el legado de Los Daniels que tambi\u00e9n me pertenece y que quiero seguir llevando, porque la gente tambi\u00e9n lo desea. Son temas que adem\u00e1s pr\u00e1cticamente los cant\u00e9 todos yo y son letras m\u00edas; puedo seguir toc\u00e1ndolos en vivo, ya que con Los Daniels no lo har\u00e1n\u201d.<\/p>\n<p>&nbsp;<\/p>\n<p>El v\u00ednculo con el p\u00fablico es central: \u201cM\u00e9xico es un pa\u00eds muy nost\u00e1lgico en lo musical, va marcando etapas en la vida de la gente. En una carrera de 18 a\u00f1os hay canciones que marcan esas etapas; me toc\u00f3 subir a personas que se comprometieron en el escenario, me invitaron a cantar en bodas, en fiestas familiares\u2026 eso demuestra la nostalgia que mueve a la gente, justo por eso no quiero que eso se acabe\u201d.<\/p>\n<p>&nbsp;<\/p>\n<p><strong>M\u00e1s all\u00e1 de la fama<\/strong><\/p>\n<p><strong>\u00a0<\/strong><\/p>\n<p>Lejos de buscar reposicionarse, el m\u00fasico se enfoca en el proceso. \u201cYo m\u00e1s que buscar los nuevos \u00e9xitos, estoy en una etapa en la que quiero continuar con mi legado de vida. Soy un m\u00fasico con m\u00e1s de 36 a\u00f1os de trayectoria sin parar, es algo que necesito seguir haciendo\u201d.<\/p>\n<p>&nbsp;<\/p>\n<p>Y remata: \u201cNo me interesa reposicionarme en la fama, ni crecer los egos, ese no es el fin; el fin es pasarla bien con amigos, con compa\u00f1eros con los que me siento bien, y que la gente sea la que decide qu\u00e9 quiere escuchar y apoyar en los conciertos\u201d.<\/p>\n<p>&nbsp;<\/p>\n<p>En ese esp\u00edritu, tambi\u00e9n define el significado del proyecto: \u201cTambi\u00e9n ID es Isma y Daniels, Isma y Dan, Isma y sus demonios\u201d.<\/p>\n<p>&nbsp;<\/p>\n<p>La banda ya comenz\u00f3 a presentarse en distintos escenarios. \u201cHemos estado en el Festival Mar\u00eda Chela, tambi\u00e9n en Oaxaca, y estaremos con m\u00e1s presentaciones en la periferia de la Ciudad de M\u00e9xico; iremos a Plaza Las Am\u00e9ricas de Ecatepec el 25 de abril, luego en mayo vamos a Texcoco y en Skal en Iztapalapa\u201d, detalla.<\/p>\n<p>&nbsp;<\/p>\n<p>Con la llegada de Bel\u00e9n desde Argentina para integrarse en la Ciudad de M\u00e9xico, ID consolida una alineaci\u00f3n que simboliza uni\u00f3n y evoluci\u00f3n constante, mientras construye un camino propio que, con el tiempo, ir\u00e1 dejando atr\u00e1s los temas de su etapa anterior: \u201cCon el tiempo y la salida de m\u00e1s temas, iremos rezagando los que son m\u00edos con Los Daniels, y ID ir\u00e1 sumando sus temas representativos\u201d concluy\u00f3.<\/p>\n<p>&nbsp;<\/p>\n","protected":false},"excerpt":{"rendered":"<p>Con el sencillo \u201cSomos lo que sigue\u201d El m\u00fasico mexicano inicia una nueva etapa junto a Dan y una alineaci\u00f3n renovada Por Arturo Arellano &nbsp; Despu\u00e9s de una historia que dej\u00f3 huella en la m\u00fasica mexicana, Ismael Salcedo, voz fundadora de Los Daniels, abre un nuevo cap\u00edtulo con la convicci\u00f3n de quien ha recorrido el [&hellip;]<\/p>\n","protected":false},"author":14,"featured_media":716831,"comment_status":"open","ping_status":"open","sticky":false,"template":"","format":"standard","meta":{"_monsterinsights_skip_tracking":false,"_monsterinsights_sitenote_active":false,"_monsterinsights_sitenote_note":"","_monsterinsights_sitenote_category":0,"footnotes":""},"categories":[16,12],"tags":[],"class_list":["post-716833","post","type-post","status-publish","format-standard","has-post-thumbnail","hentry","category-destacadas","category-espectaculos"],"_links":{"self":[{"href":"https:\/\/www.diarioimagen.net\/index.php?rest_route=\/wp\/v2\/posts\/716833","targetHints":{"allow":["GET"]}}],"collection":[{"href":"https:\/\/www.diarioimagen.net\/index.php?rest_route=\/wp\/v2\/posts"}],"about":[{"href":"https:\/\/www.diarioimagen.net\/index.php?rest_route=\/wp\/v2\/types\/post"}],"author":[{"embeddable":true,"href":"https:\/\/www.diarioimagen.net\/index.php?rest_route=\/wp\/v2\/users\/14"}],"replies":[{"embeddable":true,"href":"https:\/\/www.diarioimagen.net\/index.php?rest_route=%2Fwp%2Fv2%2Fcomments&post=716833"}],"version-history":[{"count":1,"href":"https:\/\/www.diarioimagen.net\/index.php?rest_route=\/wp\/v2\/posts\/716833\/revisions"}],"predecessor-version":[{"id":716834,"href":"https:\/\/www.diarioimagen.net\/index.php?rest_route=\/wp\/v2\/posts\/716833\/revisions\/716834"}],"wp:featuredmedia":[{"embeddable":true,"href":"https:\/\/www.diarioimagen.net\/index.php?rest_route=\/wp\/v2\/media\/716831"}],"wp:attachment":[{"href":"https:\/\/www.diarioimagen.net\/index.php?rest_route=%2Fwp%2Fv2%2Fmedia&parent=716833"}],"wp:term":[{"taxonomy":"category","embeddable":true,"href":"https:\/\/www.diarioimagen.net\/index.php?rest_route=%2Fwp%2Fv2%2Fcategories&post=716833"},{"taxonomy":"post_tag","embeddable":true,"href":"https:\/\/www.diarioimagen.net\/index.php?rest_route=%2Fwp%2Fv2%2Ftags&post=716833"}],"curies":[{"name":"wp","href":"https:\/\/api.w.org\/{rel}","templated":true}]}}