{"id":716838,"date":"2026-04-21T21:12:33","date_gmt":"2026-04-22T03:12:33","guid":{"rendered":"https:\/\/www.diarioimagen.net\/?p=716838"},"modified":"2026-04-21T21:12:33","modified_gmt":"2026-04-22T03:12:33","slug":"moscarda-llega-al-foro-shakespeare","status":"publish","type":"post","link":"https:\/\/www.diarioimagen.net\/?p=716838","title":{"rendered":"\u201cMOSCARDA\u201d LLEGA AL FORO SHAKESPEARE"},"content":{"rendered":"<ul>\n<li><strong>\u00a1CIEN MIL CARAS EN UN SOLO ESPEJO!<\/strong><\/li>\n<li><strong>DE LUIGI PIRANDELLO; PARA DESNUDAR LA IDENTIDAD FRAGMENTADA DEL SER HUMANO<\/strong><\/li>\n<\/ul>\n<p><img loading=\"lazy\" decoding=\"async\" class=\"alignnone wp-image-716839 size-large\" src=\"https:\/\/www.diarioimagen.net\/wp-content\/uploads\/2026\/04\/MOSCARDA-01-216x270.jpg\" alt=\"\" width=\"216\" height=\"270\" srcset=\"https:\/\/www.diarioimagen.net\/wp-content\/uploads\/2026\/04\/MOSCARDA-01-216x270.jpg 216w, https:\/\/www.diarioimagen.net\/wp-content\/uploads\/2026\/04\/MOSCARDA-01-192x240.jpg 192w, https:\/\/www.diarioimagen.net\/wp-content\/uploads\/2026\/04\/MOSCARDA-01-768x960.jpg 768w, https:\/\/www.diarioimagen.net\/wp-content\/uploads\/2026\/04\/MOSCARDA-01-1229x1536.jpg 1229w, https:\/\/www.diarioimagen.net\/wp-content\/uploads\/2026\/04\/MOSCARDA-01-1639x2048.jpg 1639w, https:\/\/www.diarioimagen.net\/wp-content\/uploads\/2026\/04\/MOSCARDA-01.jpg 1890w\" sizes=\"auto, (max-width: 216px) 100vw, 216px\" \/><\/p>\n<p>&#8211; El montaje teatral explora la crisis existencial de \u00c1ngelo Moscarda, quien descubre que no es \u201cuno\u201d, sino \u201ccien mil\u201d seg\u00fan las miradas de los dem\u00e1s, en una puesta en escena desnuda y on\u00edrica que dialoga con la novela Uno, ninguno y cien mil.<\/p>\n<p>&nbsp;<\/p>\n<p>&#8211; Dirigida por Ver\u00f3nica Albarr\u00e1n, cuenta con las actuaciones de Eduardo Cand\u00e1s y Alexia \u00c1vila.<\/p>\n<p>&nbsp;<\/p>\n<p>&#8211; Temporada del 10 al 31 de mayo de 2026, domingos a las 13:00 horas en el Foro Principal del Foro Shakespeare; boletos generales a 350 pesos.<\/p>\n<p>&nbsp;<\/p>\n<p>El espect\u00e1culo Moscarda sumerge al p\u00fablico en el di\u00e1logo interior de un hombre llamado \u00c1ngelo Moscarda, cuya vida se quiebra el d\u00eda en que su esposa, la Sra. Moscarda, hace una simple observaci\u00f3n sobre su nariz mientras \u00e9l se mira al espejo. A partir de ese instante, su propio reflejo le devuelve la imagen de alguien que ya no es \u201cuno\u201d, sino \u201ccien mil\u201d: un ser fragmentado por todas las versiones que los dem\u00e1s proyectan sobre \u00e9l.<\/p>\n<p>El recorrido esc\u00e9nico reconstruye puntualmente los sucesos que lo llevan a esta revelaci\u00f3n existencial, desde su relaci\u00f3n matrimonial hasta las rebeld\u00edas que lo disuelven en la locura, convirtiendo el escenario en un espacio de memoria y confrontaci\u00f3n.<\/p>\n<p>La dramaturgia y direcci\u00f3n corren a cargo de Ver\u00f3nica Albarr\u00e1n, quien se inspira en la novela de Luigi Pirandello. El concepto de la puesta en escena retoma las reflexiones filos\u00f3ficas del personaje protag\u00f3nico para llevar la problem\u00e1tica cervantina del ser y el parecer hasta sus \u00faltimas consecuencias: la brutalidad humana.<\/p>\n<p>Las actuaciones de Eduardo Cand\u00e1s (como Moscarda) y Alexia \u00c1vila (como la Sra. Moscarda) encarnan esta dial\u00e9ctica entre identidad abierta y el mundo que la construye y la destruye.<\/p>\n<p>La propuesta en escena se materializa en di\u00e1logo directo con la arquitectura teatral a trav\u00e9s de un escenario completamente desnudo y sin afores. Muebles obsoletos, anticuados y en desuso, cuidadosamente seleccionados, evocan el paso del tiempo y la intimidad de la casa donde ocurre la acci\u00f3n. La iluminaci\u00f3n se construye con un dispositivo de l\u00e1mparas, candiles y velas que los propios actores activan en escena, generando una realidad on\u00edrica de claroscuros inspirada en la po\u00e9tica del film noir y el expresionismo alem\u00e1n. Esta po\u00e9tica del espacio retoma los valores de intimidad planteados por Gast\u00f3n Bachelard, al convertir la casa en el ensue\u00f1o po\u00e9tico del mundo interior y en instrumento de an\u00e1lisis del ser humano.<\/p>\n<p>&nbsp;<\/p>\n<p>Dirigida a un p\u00fablico adulto, especialmente a quienes disfrutan del cine negro y su exaltaci\u00f3n de la psicolog\u00eda en una sociedad corrupta, violenta y c\u00ednica, Moscarda dialoga con la relaci\u00f3n ambivalente entre erotismo y crueldad. En un mundo reventado por la virtualidad, los espejos m\u00faltiples y los laberintos infinitos de pantallas, la obra retoma las preguntas pirandellianas con urgencia: \u00bfQui\u00e9nes somos? \u00bfUno? \u00bfNinguno? \u00bfCien mil? Es, adem\u00e1s, una reflexi\u00f3n sobre los efectos de las tecnolog\u00edas en la vida cotidiana y las tensiones intergeneracionales entre baby boomers y generaciones X, Y y Z.<\/p>\n<p>&nbsp;<\/p>\n<p>&nbsp;<\/p>\n<p>Testimonio de la directora Ver\u00f3nica Albarr\u00e1n:<\/p>\n<p>\u201cMoscarda nace de la necesidad de confrontar al espectador con la violencia m\u00e1s sutil y cotidiana: la que ejercen las miradas ajenas sobre nuestra identidad. Al despojar el escenario de todo adorno y dejar solo los muebles que el tiempo ha vuelto obsoletos, buscamos que el p\u00fablico se convierta en voyeur de un alma que se deshace y se reconstruye. Quisimos que la luz misma fuera un personaje, para que los actores encendieran sus propias realidades y que, al final, cada espectador saliera pregunt\u00e1ndose cu\u00e1ntas versiones de s\u00ed mismo ha permitido que los dem\u00e1s escriban. Esta no es solo una obra sobre la locura; es un espejo brutal y necesario para nuestro tiempo de pantallas infinitas\u201d.<\/p>\n<p>DATOS DE LA TEMPORADA<\/p>\n<p>Temporada: Del 10 al 31 de mayo de 2026 Funciones: Domingos a las 13:00 horas Lugar: Foro Principal del Foro Shakespeare Boletos: $350 pesos (general)<\/p>\n","protected":false},"excerpt":{"rendered":"<p>\u00a1CIEN MIL CARAS EN UN SOLO ESPEJO! DE LUIGI PIRANDELLO; PARA DESNUDAR LA IDENTIDAD FRAGMENTADA DEL SER HUMANO &#8211; El montaje teatral explora la crisis existencial de \u00c1ngelo Moscarda, quien descubre que no es \u201cuno\u201d, sino \u201ccien mil\u201d seg\u00fan las miradas de los dem\u00e1s, en una puesta en escena desnuda y on\u00edrica que dialoga con [&hellip;]<\/p>\n","protected":false},"author":14,"featured_media":716839,"comment_status":"open","ping_status":"open","sticky":false,"template":"","format":"standard","meta":{"_monsterinsights_skip_tracking":false,"_monsterinsights_sitenote_active":false,"_monsterinsights_sitenote_note":"","_monsterinsights_sitenote_category":0,"footnotes":""},"categories":[12],"tags":[],"class_list":["post-716838","post","type-post","status-publish","format-standard","has-post-thumbnail","hentry","category-espectaculos"],"_links":{"self":[{"href":"https:\/\/www.diarioimagen.net\/index.php?rest_route=\/wp\/v2\/posts\/716838","targetHints":{"allow":["GET"]}}],"collection":[{"href":"https:\/\/www.diarioimagen.net\/index.php?rest_route=\/wp\/v2\/posts"}],"about":[{"href":"https:\/\/www.diarioimagen.net\/index.php?rest_route=\/wp\/v2\/types\/post"}],"author":[{"embeddable":true,"href":"https:\/\/www.diarioimagen.net\/index.php?rest_route=\/wp\/v2\/users\/14"}],"replies":[{"embeddable":true,"href":"https:\/\/www.diarioimagen.net\/index.php?rest_route=%2Fwp%2Fv2%2Fcomments&post=716838"}],"version-history":[{"count":1,"href":"https:\/\/www.diarioimagen.net\/index.php?rest_route=\/wp\/v2\/posts\/716838\/revisions"}],"predecessor-version":[{"id":716840,"href":"https:\/\/www.diarioimagen.net\/index.php?rest_route=\/wp\/v2\/posts\/716838\/revisions\/716840"}],"wp:featuredmedia":[{"embeddable":true,"href":"https:\/\/www.diarioimagen.net\/index.php?rest_route=\/wp\/v2\/media\/716839"}],"wp:attachment":[{"href":"https:\/\/www.diarioimagen.net\/index.php?rest_route=%2Fwp%2Fv2%2Fmedia&parent=716838"}],"wp:term":[{"taxonomy":"category","embeddable":true,"href":"https:\/\/www.diarioimagen.net\/index.php?rest_route=%2Fwp%2Fv2%2Fcategories&post=716838"},{"taxonomy":"post_tag","embeddable":true,"href":"https:\/\/www.diarioimagen.net\/index.php?rest_route=%2Fwp%2Fv2%2Ftags&post=716838"}],"curies":[{"name":"wp","href":"https:\/\/api.w.org\/{rel}","templated":true}]}}