{"id":716847,"date":"2026-04-21T21:27:45","date_gmt":"2026-04-22T03:27:45","guid":{"rendered":"https:\/\/www.diarioimagen.net\/?p=716847"},"modified":"2026-04-21T21:27:45","modified_gmt":"2026-04-22T03:27:45","slug":"agentes-muertos-de-eu-sitrabajaban-en-conjunto-con-mexico-reconoce-csp","status":"publish","type":"post","link":"https:\/\/www.diarioimagen.net\/?p=716847","title":{"rendered":"\u00a0  Agentes muertos de EU  s\u00edtrabajaban en conjunto  con M\u00e9xico, reconoce CSP"},"content":{"rendered":"<p>&nbsp;<\/p>\n<ul>\n<li><strong>Operativo contra el narco<\/strong><\/li>\n<li><strong>\u201cEstamos investigando que hac\u00edan estas personas y de qu\u00e9 agencia eran\u00bb, se\u00f1ala la Presidenta<\/strong><\/li>\n<\/ul>\n<p><img loading=\"lazy\" decoding=\"async\" class=\"alignnone wp-image-716848 size-large\" src=\"https:\/\/www.diarioimagen.net\/wp-content\/uploads\/2026\/04\/MANANERA-ok-2-405x270.jpg\" alt=\"\" width=\"405\" height=\"270\" srcset=\"https:\/\/www.diarioimagen.net\/wp-content\/uploads\/2026\/04\/MANANERA-ok-2-405x270.jpg 405w, https:\/\/www.diarioimagen.net\/wp-content\/uploads\/2026\/04\/MANANERA-ok-2-240x160.jpg 240w, https:\/\/www.diarioimagen.net\/wp-content\/uploads\/2026\/04\/MANANERA-ok-2-768x512.jpg 768w, https:\/\/www.diarioimagen.net\/wp-content\/uploads\/2026\/04\/MANANERA-ok-2.jpg 1500w\" sizes=\"auto, (max-width: 405px) 100vw, 405px\" \/><\/p>\n<p>&nbsp;<\/p>\n<p>La presidenta Claudia Sheinbaum confirm\u00f3 este martes que agentes de Estados Unidos que murieron en un accidente automovil\u00edstico en Chihuahua s\u00ed trabajan conjuntamente en M\u00e9xico.<\/p>\n<p>\u201cAyer, el Fiscal de Chihuahua cambi\u00f3 su declaraci\u00f3n y estamos investigando que hac\u00edan estas personas y de qu\u00e9 agencia eran. Hasta ahora, la informaci\u00f3n que tenemos nosotros es que s\u00ed estaban trabajando conjuntamente, vamos a decirlo as\u00ed.<\/p>\n<p>\u201cEntonces, tiene que hacerse toda la investigaci\u00f3n por parte de la Fiscal\u00eda para ver si se viol\u00f3 la Constituci\u00f3n o la ley de Seguridad Nacional y que den toda la informaci\u00f3n las autoridades del Estado de Chihuahua\u201d, coment\u00f3 Sheinbaum en su conferencia ma\u00f1anera.<\/p>\n<p>Esto, luego que se le preguntara si se ten\u00eda informaci\u00f3n en torno a que los dos elementos ser\u00edan agentes de la Agencia Central de Inteligencia (CIA) que trabajaban en territorio en M\u00e9xico, como parte de una estrategia de mayor presencia en el pa\u00eds, como public\u00f3 el diario estadunidense The Washington Post.<\/p>\n<p>Un d\u00eda despu\u00e9s de revelar un supuesto accidente vehicular donde fallecieron dos agentes adscritos a la Embajada de EU en M\u00e9xico, el Fiscal de Chihuahua, C\u00e9sar J\u00e1uregui, dio una nueva versi\u00f3n.<\/p>\n<p>El domingo dijo que los estadounidenses, junto con elementos de la Agencia Estatal de Investigaci\u00f3n (AEI), regresaban de un operativo en narcolaboratorios en la zona de El Pinal en la Sierra Tarahumara.<\/p>\n<p>Seg\u00fan el Fiscal J\u00e1uregui, agentes estatales, incluido el jefe de la AEI, Pedro Oseguera, regresaban en un convoy de seis veh\u00edculos y en el poblado de Polanco, los agentes de EU les pidieron un \u00abride\u00bb para viajar a la capital del Estado, donde tomar\u00edan un vuelo.<\/p>\n<p>Despu\u00e9s, el veh\u00edculo donde viajaba el jefe de la AEI y los elementos estadounidenses se desbarranc\u00f3.<\/p>\n<p>Este martes, en Palacio Nacional, la mandataria federal afirm\u00f3 que a\u00fan no ha tenido comunicaci\u00f3n con la gobernadora de Chihuahua, Maru Campos, respecto a lo ocurrido, pero s\u00ed intercambio condolencias con el Embajador de Estados Unidos en M\u00e9xico, Ronald Johnson.<\/p>\n<p>\u00abSolamente nos dimos condolencias porque eso es lo primero en la parte humana, evidentemente del fallecimiento, y comentamos que despu\u00e9s se iba acercar tanto el Secretario de Seguridad como el Gabinete para poder platicar con \u00e9l y, en su momento, pues ya platicar nuevamente el embajador y su servidor\u00bb, a\u00f1adi\u00f3.<\/p>\n<p>&nbsp;<\/p>\n<p><strong>Seguridad en el Mundial, garantizada: SSPC<\/strong><\/p>\n<p>&nbsp;<\/p>\n<p>Al ofrecer detalles sobre el ataque registrado el pasado lunes en Teotihuacan,\u00a0 el secretario de Seguridad P\u00fablica y Protecci\u00f3n Ciudadana, Omar Garc\u00eda Harfuch lament\u00f3 este episodio pero destac\u00f3 que la r\u00e1pida actuaci\u00f3n de la Guardia Nacional para neutralizar al agresor impidi\u00f3 que se registraran m\u00e1s v\u00edctimas. Consider\u00f3 que es un hecho in\u00e9dito este homicidio ocurrido en una zona arqueol\u00f3gica pero hubo \u201cuna respuesta del Estado inmediata y contundente\u201d.<\/p>\n<p>Por su parte, la presidenta Claudia Sheinbaum lament\u00f3 nuevamente este hecho pero destac\u00f3 que por las investigaciones que han realizado las autoridades del Estado de M\u00e9xico no hay indicio de que\u00a0 sea un hecho relacionado con delincuencia, \u201csino un hecho de alguien que toma esta decisi\u00f3n. Lo ten\u00eda preparado,\u00a0 de acuerdo con las investigaciones. No hay que especular\u201d. A partir de una investigaci\u00f3n rigurosa que hacen las fiscal\u00edas, no hay base para otra cuesti\u00f3n sino que es una persona que se presume ten\u00eda desequilibrios psicol\u00f3gicos.<\/p>\n<p>Sheinbaum destac\u00f3 que hay indicios de que esta persona actu\u00f3 a partir de influencias de hechos violentos que ocurrieron en otros pa\u00edses.<\/p>\n<p>\u201cQuiz\u00e1 la pregunta es c\u00f3mo entra con un arma. No hay arcos de seguridad en sitios arqueol\u00f3gicos\u201d, por eso dio instrucciones, para que se coordine la SSP con la Secretar\u00eda de Cultura para reforzar la seguridad en los sitios arqueol\u00f3gicos. Adem\u00e1s, se solicit\u00f3\u00a0 a la Guardia Nacional reforzar la presencia en estos espacios.<\/p>\n<p>Garc\u00eda Harfuch confirm\u00f3 que se reforzar\u00e1 la vigilancia en zonas arqueol\u00f3gicas y en otros sitios tur\u00edsticos por parte de la Guardia Nacional y habr\u00e1 controles de acceso, se reforzar\u00e1n los controles de seguridad.<\/p>\n<p>El secretario dijo que el arma con el que se cometi\u00f3 el homicidio era ya muy vieja y se le encontr\u00f3 al homicida literatura relacionada con violencia de este tipo en otros lugares.<\/p>\n<p>Sin embargo, subray\u00f3 que la seguridad durante la celebraci\u00f3n del Mundial de Futbol est\u00e1 garantizada porque los protocolos para este certamen est\u00e1n plenamente definidos y ya se tiene la coordinaci\u00f3n desde ahora con los gobiernos de la Ciudad de M\u00e9xico, Guadalajara y Monterrey , pero tambi\u00e9n de otras entidades.<\/p>\n<p>Por su parte, la secretaria de Gobernaci\u00f3n, Rosa Icela Rodr\u00edguez detall\u00f3 las acciones del gobierno federal para atender esta emergencia, desde el apoyo a las v\u00edctimas, seguimiento puntual de su situaci\u00f3n en cada caso, por parte de la Comisi\u00f3n Especial de Atenci\u00f3n a V\u00edctimas. Adem\u00e1s de la vinculaci\u00f3n con los consulados\u00a0 de los turistas que resultaron heridos pues eran de seis nacionalidades ( Estados Unidos, Canad\u00e1, Brasil, Pa\u00edses Bajos, Brasil y Colombia).<\/p>\n<p>&nbsp;<\/p>\n<p><strong>\u00a0<\/strong><\/p>\n<p><strong>P\u00fablico, el Tren Suburbano Buenavista-AIFA<\/strong><\/p>\n<p><strong>\u00a0<\/strong><\/p>\n<p>La presidenta Claudia Sheinbaum Pardo inform\u00f3 que el gobierno federal adquiri\u00f3 \u201cbuena parte\u201d del Tren Suburbano, que a partir del domingo llegar\u00e1 de la ruta Buenavista al Aeropuerto Internacional Felipe \u00c1ngeles. En su mayor\u00eda, \u201cya es un tren p\u00fablico\u201d.<\/p>\n<p>En la ma\u00f1anera, record\u00f3 que el domingo 26 de abril se inaugurar\u00e1 la ruta que conectar\u00e1 este transporte desde la estaci\u00f3n Lecher\u00eda hacia la nueva terminal a\u00e9rea del Valle de M\u00e9xico.<\/p>\n<p>\u201cAqu\u00ed vamos a informar en la semana, porque adquirimos una buena parte de este tren, el de Ciudad de M\u00e9xico a Lecher\u00eda, lo que se conoc\u00eda como Suburbano, estaba la mayor parte en propiedad de la empresa CAF. Ya adquirimos la mayor parte, ya es un tren p\u00fablico, en su mayor\u00eda\u201d.<\/p>\n<p>Indic\u00f3 que el Fondo Nacional de Infraestructura estar\u00e1 a cargo de ese tren, que es la misma instancia que opera el ferrocarril Ciudad de M\u00e9xico-Toluca y lo har\u00e1 con el que ir\u00e1 de la capital del pa\u00eds a Pachuca.<\/p>\n<p>&nbsp;<\/p>\n","protected":false},"excerpt":{"rendered":"<p>&nbsp; Operativo contra el narco \u201cEstamos investigando que hac\u00edan estas personas y de qu\u00e9 agencia eran\u00bb, se\u00f1ala la Presidenta &nbsp; La presidenta Claudia Sheinbaum confirm\u00f3 este martes que agentes de Estados Unidos que murieron en un accidente automovil\u00edstico en Chihuahua s\u00ed trabajan conjuntamente en M\u00e9xico. \u201cAyer, el Fiscal de Chihuahua cambi\u00f3 su declaraci\u00f3n y estamos [&hellip;]<\/p>\n","protected":false},"author":14,"featured_media":716848,"comment_status":"open","ping_status":"open","sticky":false,"template":"","format":"standard","meta":{"_monsterinsights_skip_tracking":false,"_monsterinsights_sitenote_active":false,"_monsterinsights_sitenote_note":"","_monsterinsights_sitenote_category":0,"footnotes":""},"categories":[3],"tags":[],"class_list":["post-716847","post","type-post","status-publish","format-standard","has-post-thumbnail","hentry","category-nacional"],"_links":{"self":[{"href":"https:\/\/www.diarioimagen.net\/index.php?rest_route=\/wp\/v2\/posts\/716847","targetHints":{"allow":["GET"]}}],"collection":[{"href":"https:\/\/www.diarioimagen.net\/index.php?rest_route=\/wp\/v2\/posts"}],"about":[{"href":"https:\/\/www.diarioimagen.net\/index.php?rest_route=\/wp\/v2\/types\/post"}],"author":[{"embeddable":true,"href":"https:\/\/www.diarioimagen.net\/index.php?rest_route=\/wp\/v2\/users\/14"}],"replies":[{"embeddable":true,"href":"https:\/\/www.diarioimagen.net\/index.php?rest_route=%2Fwp%2Fv2%2Fcomments&post=716847"}],"version-history":[{"count":1,"href":"https:\/\/www.diarioimagen.net\/index.php?rest_route=\/wp\/v2\/posts\/716847\/revisions"}],"predecessor-version":[{"id":716849,"href":"https:\/\/www.diarioimagen.net\/index.php?rest_route=\/wp\/v2\/posts\/716847\/revisions\/716849"}],"wp:featuredmedia":[{"embeddable":true,"href":"https:\/\/www.diarioimagen.net\/index.php?rest_route=\/wp\/v2\/media\/716848"}],"wp:attachment":[{"href":"https:\/\/www.diarioimagen.net\/index.php?rest_route=%2Fwp%2Fv2%2Fmedia&parent=716847"}],"wp:term":[{"taxonomy":"category","embeddable":true,"href":"https:\/\/www.diarioimagen.net\/index.php?rest_route=%2Fwp%2Fv2%2Fcategories&post=716847"},{"taxonomy":"post_tag","embeddable":true,"href":"https:\/\/www.diarioimagen.net\/index.php?rest_route=%2Fwp%2Fv2%2Ftags&post=716847"}],"curies":[{"name":"wp","href":"https:\/\/api.w.org\/{rel}","templated":true}]}}