{"id":716876,"date":"2026-04-21T21:41:33","date_gmt":"2026-04-22T03:41:33","guid":{"rendered":"https:\/\/www.diarioimagen.net\/?p=716876"},"modified":"2026-04-21T21:41:33","modified_gmt":"2026-04-22T03:41:33","slug":"plantel-atlacomulco-de-la-uaemex-impulsa-campana-de-alfabetizacion-comunitaria","status":"publish","type":"post","link":"https:\/\/www.diarioimagen.net\/?p=716876","title":{"rendered":"Plantel Atlacomulco de la UAEM\u00e9x impulsa campa\u00f1a de alfabetizaci\u00f3n comunitaria"},"content":{"rendered":"<p>&nbsp;<\/p>\n<p><strong>\u00a0<\/strong><\/p>\n<ul>\n<li><strong>En la actualidad, m\u00e1s de 130 estudiantes participan en esta iniciativa, consolid\u00e1ndose como agentes de cambio social durante su formaci\u00f3n <\/strong><\/li>\n<\/ul>\n<p><strong>\u00a0<\/strong><\/p>\n<div id=\"attachment_716879\" style=\"width: 415px\" class=\"wp-caption alignnone\"><img loading=\"lazy\" decoding=\"async\" aria-describedby=\"caption-attachment-716879\" class=\"wp-image-716879 size-large\" src=\"https:\/\/www.diarioimagen.net\/wp-content\/uploads\/2026\/04\/UAEM-01-405x270.jpg\" alt=\"\" width=\"405\" height=\"270\" srcset=\"https:\/\/www.diarioimagen.net\/wp-content\/uploads\/2026\/04\/UAEM-01-405x270.jpg 405w, https:\/\/www.diarioimagen.net\/wp-content\/uploads\/2026\/04\/UAEM-01-240x160.jpg 240w, https:\/\/www.diarioimagen.net\/wp-content\/uploads\/2026\/04\/UAEM-01-768x512.jpg 768w, https:\/\/www.diarioimagen.net\/wp-content\/uploads\/2026\/04\/UAEM-01-1536x1023.jpg 1536w, https:\/\/www.diarioimagen.net\/wp-content\/uploads\/2026\/04\/UAEM-01.jpg 1575w\" sizes=\"auto, (max-width: 405px) 100vw, 405px\" \/><p id=\"caption-attachment-716879\" class=\"wp-caption-text\">El profesor Francisco Octavio Col\u00edn Plata, explic\u00f3 que esta iniciativa, realizada en colaboraci\u00f3n con el INEA Atlacomulco, capacit\u00f3 al estudiantado para alfabetizar y apoyar acad\u00e9micamente a familiares, amistades y vecinos.<\/p><\/div>\n<p>&nbsp;<\/p>\n<p>Atlacomulco, M\u00e9x.\u2013 Con el objetivo de fortalecer el nivel educativo en la regi\u00f3n y formar estudiantes comprometidos con la mejora de su entorno, el Plantel \u201cIsidro Fabela Alfaro\u201d de la Escuela Preparatoria de la Universidad Aut\u00f3noma del Estado de M\u00e9xico (UAEM\u00e9x) desarroll\u00f3 el proyecto \u201cCampa\u00f1a de alfabetizaci\u00f3n y abatimiento del rezago educativo\u201d.<\/p>\n<p>El profesor de tiempo completo y responsable del Comit\u00e9 de Responsabilidad Social del Plantel, Francisco Octavio Col\u00edn Plata, explic\u00f3 que esta iniciativa, realizada en colaboraci\u00f3n con el Instituto Nacional para la Educaci\u00f3n de los Adultos (INEA) Atlacomulco, capacit\u00f3 al estudiantado para alfabetizar y apoyar acad\u00e9micamente a familiares, amistades y vecinos, con el prop\u00f3sito de que obtuvieran certificados oficiales con validez nacional.<\/p>\n<p>Detall\u00f3 que, en el marco del Curr\u00edculo de Bachillerato Universitario (CBU2024) y en concordancia con la Nueva Escuela Mexicana, se impuls\u00f3 el desarrollo de proyectos escolares comunitarios como parte de una formaci\u00f3n integral.<\/p>\n<p>A partir de un diagn\u00f3stico socioeducativo aplicado al alumnado de nuevo ingreso al inicio del semestre 2024B, el comit\u00e9 \u2014integrado por directivos, docentes, estudiantes y personal administrativo\u2014 identific\u00f3 que 56% de sus familiares cercanos presentaban rezago educativo, como primaria o secundaria inconclusa, as\u00ed como casos de analfabetismo.<\/p>\n<p>Para atender esta problem\u00e1tica, el INEA Atlacomulco, a trav\u00e9s del Movimiento Nacional por la Alfabetizaci\u00f3n y la Educaci\u00f3n (MoNAE), brind\u00f3 capacitaci\u00f3n y materiales did\u00e1cticos a las y los estudiantes, quienes, en horario extraescolar, ense\u00f1aron a personas adultas mediante metodolog\u00edas personalizadas, adaptadas a sus ritmos de aprendizaje.<\/p>\n<p>Col\u00edn Plata destac\u00f3 que este modelo no solo contribuy\u00f3 al aprendizaje, sino que tambi\u00e9n fortaleci\u00f3 la convivencia familiar y promovi\u00f3 una mayor valoraci\u00f3n de la educaci\u00f3n en el hogar. Como resultado, 74 personas adultas lograron avanzar en su formaci\u00f3n: 30 concluyeron la secundaria, 23 la primaria y 21 aprendieron a leer y escribir.<\/p>\n<p>\u201cEste logro represent\u00f3 una gran motivaci\u00f3n para las y los participantes, ya que muchos continuaron con su formaci\u00f3n acad\u00e9mica. Adem\u00e1s, impuls\u00f3 al plantel a fortalecer este proyecto, que ha generado impactos positivos tanto dentro como fuera de la comunidad escolar\u201d, se\u00f1al\u00f3.<\/p>\n<p>Actualmente, m\u00e1s de 130 estudiantes participan en esta iniciativa, consolid\u00e1ndose como agentes de cambio social durante su formaci\u00f3n en el nivel medio superior.<\/p>\n<p>El acad\u00e9mico subray\u00f3 que este programa se alinea con los principios de la Transformaci\u00f3n Universitaria, al promover una instituci\u00f3n incluyente, cercana y con alto compromiso social, capaz de trascender sus aulas para generar beneficios en la sociedad.<\/p>\n<p>El proyecto fue reconocido con el primer lugar en el Concurso C\u00edrculos de Calidad 2025, lo que representa un motivo de orgullo para la comunidad del Plantel y un incentivo para continuar transformando la vida de las familias mexiquenses.<\/p>\n<p><strong>\u00a0<\/strong><\/p>\n<p>&nbsp;<\/p>\n<p>&nbsp;<\/p>\n","protected":false},"excerpt":{"rendered":"<p>&nbsp; \u00a0 En la actualidad, m\u00e1s de 130 estudiantes participan en esta iniciativa, consolid\u00e1ndose como agentes de cambio social durante su formaci\u00f3n \u00a0 &nbsp; Atlacomulco, M\u00e9x.\u2013 Con el objetivo de fortalecer el nivel educativo en la regi\u00f3n y formar estudiantes comprometidos con la mejora de su entorno, el Plantel \u201cIsidro Fabela Alfaro\u201d de la Escuela [&hellip;]<\/p>\n","protected":false},"author":14,"featured_media":716879,"comment_status":"open","ping_status":"open","sticky":false,"template":"","format":"standard","meta":{"_monsterinsights_skip_tracking":false,"_monsterinsights_sitenote_active":false,"_monsterinsights_sitenote_note":"","_monsterinsights_sitenote_category":0,"footnotes":""},"categories":[5],"tags":[],"class_list":["post-716876","post","type-post","status-publish","format-standard","has-post-thumbnail","hentry","category-estado-de-mexico"],"_links":{"self":[{"href":"https:\/\/www.diarioimagen.net\/index.php?rest_route=\/wp\/v2\/posts\/716876","targetHints":{"allow":["GET"]}}],"collection":[{"href":"https:\/\/www.diarioimagen.net\/index.php?rest_route=\/wp\/v2\/posts"}],"about":[{"href":"https:\/\/www.diarioimagen.net\/index.php?rest_route=\/wp\/v2\/types\/post"}],"author":[{"embeddable":true,"href":"https:\/\/www.diarioimagen.net\/index.php?rest_route=\/wp\/v2\/users\/14"}],"replies":[{"embeddable":true,"href":"https:\/\/www.diarioimagen.net\/index.php?rest_route=%2Fwp%2Fv2%2Fcomments&post=716876"}],"version-history":[{"count":1,"href":"https:\/\/www.diarioimagen.net\/index.php?rest_route=\/wp\/v2\/posts\/716876\/revisions"}],"predecessor-version":[{"id":716880,"href":"https:\/\/www.diarioimagen.net\/index.php?rest_route=\/wp\/v2\/posts\/716876\/revisions\/716880"}],"wp:featuredmedia":[{"embeddable":true,"href":"https:\/\/www.diarioimagen.net\/index.php?rest_route=\/wp\/v2\/media\/716879"}],"wp:attachment":[{"href":"https:\/\/www.diarioimagen.net\/index.php?rest_route=%2Fwp%2Fv2%2Fmedia&parent=716876"}],"wp:term":[{"taxonomy":"category","embeddable":true,"href":"https:\/\/www.diarioimagen.net\/index.php?rest_route=%2Fwp%2Fv2%2Fcategories&post=716876"},{"taxonomy":"post_tag","embeddable":true,"href":"https:\/\/www.diarioimagen.net\/index.php?rest_route=%2Fwp%2Fv2%2Ftags&post=716876"}],"curies":[{"name":"wp","href":"https:\/\/api.w.org\/{rel}","templated":true}]}}