{"id":716953,"date":"2026-04-21T22:19:00","date_gmt":"2026-04-22T04:19:00","guid":{"rendered":"https:\/\/www.diarioimagen.net\/?p=716953"},"modified":"2026-04-21T22:19:00","modified_gmt":"2026-04-22T04:19:00","slug":"mujeres-lideran-nueva-etapa-en-canaco-y-apuntalan-despegue-economico-del-sur","status":"publish","type":"post","link":"https:\/\/www.diarioimagen.net\/?p=716953","title":{"rendered":"Mujeres lideran nueva etapa en Canaco  y apuntalan despegue econ\u00f3mico del sur"},"content":{"rendered":"<ul>\n<li><strong>Avanza el liderazgo femenino en el sector empresarial<\/strong><\/li>\n<li><strong>Con ventajas estrat\u00e9gicas como el Tren Maya, el Polo del Bienestar en Chetumal y est\u00edmulos fiscales, la regi\u00f3n fortalece su competitividad, destaca MLE<\/strong><\/li>\n<\/ul>\n<div id=\"attachment_716954\" style=\"width: 415px\" class=\"wp-caption alignnone\"><img loading=\"lazy\" decoding=\"async\" aria-describedby=\"caption-attachment-716954\" class=\"wp-image-716954 size-large\" src=\"https:\/\/www.diarioimagen.net\/wp-content\/uploads\/2026\/04\/MARA-1-ok-7-405x270.jpg\" alt=\"\" width=\"405\" height=\"270\" srcset=\"https:\/\/www.diarioimagen.net\/wp-content\/uploads\/2026\/04\/MARA-1-ok-7-405x270.jpg 405w, https:\/\/www.diarioimagen.net\/wp-content\/uploads\/2026\/04\/MARA-1-ok-7-240x160.jpg 240w, https:\/\/www.diarioimagen.net\/wp-content\/uploads\/2026\/04\/MARA-1-ok-7-768x513.jpg 768w, https:\/\/www.diarioimagen.net\/wp-content\/uploads\/2026\/04\/MARA-1-ok-7.jpg 1500w\" sizes=\"auto, (max-width: 405px) 100vw, 405px\" \/><p id=\"caption-attachment-716954\" class=\"wp-caption-text\">La gobernadora Mara Lezama Espinosa asisti\u00f3 a la ceremonia de toma de protesta de la nueva mesa directiva de la C\u00e1mara Nacional de Comercio, Servicios y Turismo Chetumal-Tulum<\/p><\/div>\n<p>Chetumal.- Durante la ceremonia de toma de protesta de la nueva mesa directiva de la C\u00e1mara Nacional de Comercio, Servicios y Turismo (Canaco) Chetumal-Tulum, la gobernadora Mara Lezama Espinosa destac\u00f3 el potencial econ\u00f3mico de la zona sur del estado, subrayando una coyuntura favorable para la inversi\u00f3n, el crecimiento y la prosperidad compartida.<\/p>\n<p>En el evento en el que asumi\u00f3 la presidencia Adrienne D\u00edaz Villanueva, la gobernadora resalt\u00f3 el avance del liderazgo femenino en espacios estrat\u00e9gicos, se\u00f1alando que su llegada marca una nueva etapa en la vida empresarial de la regi\u00f3n.<\/p>\n<p>Acompa\u00f1ada por Octavio de la Torre St\u00e9ffano, presidente de la Confederaci\u00f3n de C\u00e1maras Nacionales de Comercio, Servicios y Turismo de M\u00e9xico, (CONCANACO Servytur M\u00e9xico), la titular del Ejecutivo subray\u00f3 que el sur de Quintana Roo cuenta con condiciones como nunca antes para detonar su crecimiento con prosperidad compartida, entre ellas la designaci\u00f3n de Chetumal como Polo del Bienestar, lo que abre oportunidades para atraer inversi\u00f3n y generar empleos.<\/p>\n<p>\u201cVa haber inversi\u00f3n como nunca en Chetumal\u201d, expres\u00f3 al dejar en claro que Chetumal seguir\u00e1 siendo la capital de Quintana Roo. \u201cVamos a seguir invirtiendo como nunca antes, vamos a decirle al mundo que aqu\u00ed est\u00e1 Chetumal, de sus bellezas, de sus negocios familiares\u201d, dijo.<\/p>\n<p>Entre las principales ventajas competitivas, Mara Lezama mencion\u00f3 la consolidaci\u00f3n de infraestructura estrat\u00e9gica como el Tren Maya y el Aeropuerto Internacional de Tulum, que se suma al de Chetumal para fortalecer la conectividad regional, los proyectos tur\u00edsticos, el barrio m\u00e1gico, los servicios de salud con hospital de 120 camas y equipos como un tom\u00f3grafo de tercera generaci\u00f3n, el Parque Quintana Roo, sede de la ExpoFer, con parque arqueol\u00f3gico; la recuperaci\u00f3n del zool\u00f3gico, etc.<\/p>\n<p>Despu\u00e9s de rendir protesta, Adrienne D\u00edaz Villanueva, quien sustituye a Amir Efr\u00e9n Padilla Espadas, record\u00f3 que esta C\u00e1mara es el organismo empresarial con 96 a\u00f1os de historia que se reflejan en cada negocio familiar y en cada local que se abre.<\/p>\n<p>Reconoci\u00f3 que impulso que la gobernadora Mara Lezama le da a este esfuerzo, con resultados concretos que le est\u00e1n cambiando el rostro a Chetumal, pero tambi\u00e9n se\u00f1al\u00f3 que hay retos que siguen presentes y donde se tiene que redoblar el paso.<\/p>\n<p>Por su parte, el presidente de la Confederaci\u00f3n de C\u00e1maras Nacionales de Comercio, Servicios y Turismo de M\u00e9xico, Octavio de la Torre St\u00e9fano, asegur\u00f3 que hoy se renueva la responsabilidad con Chetumal con esta nueva Directiva, pero que representa una comunidad organizada.<\/p>\n<p>Explic\u00f3 los objetivos de la CONCANACO en favor de los peque\u00f1os y medianos comercios, que son los que mueven la econom\u00eda del pa\u00eds, impulsando la formalidad, el financiamiento, la digitalizaci\u00f3n, la seguridad econ\u00f3mica para frenar la extorsi\u00f3n y el turismo comunitario.<\/p>\n<p>Durante la toma de protesta de la Mesa Directiva 2026 de la CANACO Chetumal Tulum sirvi\u00f3 de marco para la firma del Nuevo Acuerdo por el Bienestar y el Desarrollo de Quintana Roo para el Fortalecimiento del Comercio Local y el Desarrollo Econ\u00f3mico del Sur.<\/p>\n<p>&nbsp;<\/p>\n<p>&nbsp;<\/p>\n<p><strong>\u00a0<\/strong><\/p>\n<p><strong>Entregan Mara Lezama y Ana Paty Peralta 503 escrituras en Canc\u00fan <\/strong><\/p>\n<p>&nbsp;<\/p>\n<p>&nbsp;<\/p>\n<p>&nbsp;<\/p>\n<p>Canc\u00fan.- En un acto que representa aut\u00e9ntica justicia social, la gobernadora Mara Lezama Espinosa y la presidenta municipal de Benito Ju\u00e1rez, Ana Paty Peralta, encabezaron la entrega m\u00e1s grande de t\u00edtulos de propiedad en beneficio de 503 familias de 18 colonias, algunas con m\u00e1s de 30 a\u00f1os de espera.<\/p>\n<p>&nbsp;<\/p>\n<p>Como parte del Programa de Regularizaci\u00f3n para el Bienestar Patrimonial, la gobernadora Mara Lezama celebr\u00f3 con estas familias la entrega de escrituras de las colonias Real del Bosque, Santa Ana, Rivera I, San Ignacio, Diamante, Tucanes, Tierra y Libertad III, Sacb\u00e9, Norias, Huayas, Los Pinos, Rivera II, Tropical, Agua Azul, Tierra y Libertad II, M\u00e9xico, San Alfredo y Santos.<\/p>\n<p>&nbsp;<\/p>\n<p>La entrega se realiz\u00f3 en la explanada del Malec\u00f3n Tajamar, en donde la Gobernadora destac\u00f3 que la mejor manera de celebrar 56 a\u00f1os de Canc\u00fan es haciendo justicia social, en un evento con el pueblo, con la familia que esperaron largos a\u00f1os para tener los papeles que les dan certeza jur\u00eddica sobre su propiedad.<\/p>\n<p>&nbsp;<\/p>\n<p>Pero adem\u00e1s, el Gobierno del Estado otorg\u00f3 subsidios para estas escrituras; el 100% de los derechos del primer aviso, el 100% de los derechos del certificado de grav\u00e1menes o de libertad de gravamen; el 100% de los derechos por el segundo aviso; el 100% por los derechos de inscripci\u00f3n, el 100% por los derechos por acta aclaratoria, el 100% por los derechos de foja, que representa 7 millones de pesos.<\/p>\n<p>&nbsp;<\/p>\n<p>Mara Lezama destac\u00f3 la importancia de invertir m\u00e1s de 500 millones de pesos en zona irregulares que hoy ya son regulares, porque son donde viven meseras, meseros, garroteras, garroteros, electricistas, jardineros, de la industria tur\u00edstica. \u201cVamos cerrando las brechas de desigualdad\u201d, afirm\u00f3.<\/p>\n<p>&nbsp;<\/p>\n<p>Record\u00f3 que, por d\u00e9cadas, diversas colonias de Canc\u00fan crecieron sin respaldo legal, lo que dej\u00f3 a miles de familias sin seguridad sobre sus propiedades. Ante este panorama, record\u00f3 que desde su gesti\u00f3n como presidenta municipal impuls\u00f3 acciones para atender esta problem\u00e1tica, incluyendo la firma de un convenio con el Instituto Nacional del Suelo Sustentable, con el objetivo de avanzar en la municipalizaci\u00f3n de asentamientos irregulares.<\/p>\n<p>&nbsp;<\/p>\n<p>En su intervenci\u00f3n, reconoci\u00f3 el trabajo de la presidenta municipal de Benito Ju\u00e1rez, Ana Paty Peralta, por dar continuidad y ampliar el alcance del programa, que actualmente atiende m\u00e1s de 100 colonias en proceso de regularizaci\u00f3n.<\/p>\n<p>&nbsp;<\/p>\n<p>&nbsp;<\/p>\n<p>&nbsp;<\/p>\n<p>&nbsp;<\/p>\n","protected":false},"excerpt":{"rendered":"<p>Avanza el liderazgo femenino en el sector empresarial Con ventajas estrat\u00e9gicas como el Tren Maya, el Polo del Bienestar en Chetumal y est\u00edmulos fiscales, la regi\u00f3n fortalece su competitividad, destaca MLE Chetumal.- Durante la ceremonia de toma de protesta de la nueva mesa directiva de la C\u00e1mara Nacional de Comercio, Servicios y Turismo (Canaco) Chetumal-Tulum, [&hellip;]<\/p>\n","protected":false},"author":14,"featured_media":716954,"comment_status":"open","ping_status":"open","sticky":false,"template":"","format":"standard","meta":{"_monsterinsights_skip_tracking":false,"_monsterinsights_sitenote_active":false,"_monsterinsights_sitenote_note":"","_monsterinsights_sitenote_category":0,"footnotes":""},"categories":[101305],"tags":[],"class_list":["post-716953","post","type-post","status-publish","format-standard","has-post-thumbnail","hentry","category-quintana-roo"],"_links":{"self":[{"href":"https:\/\/www.diarioimagen.net\/index.php?rest_route=\/wp\/v2\/posts\/716953","targetHints":{"allow":["GET"]}}],"collection":[{"href":"https:\/\/www.diarioimagen.net\/index.php?rest_route=\/wp\/v2\/posts"}],"about":[{"href":"https:\/\/www.diarioimagen.net\/index.php?rest_route=\/wp\/v2\/types\/post"}],"author":[{"embeddable":true,"href":"https:\/\/www.diarioimagen.net\/index.php?rest_route=\/wp\/v2\/users\/14"}],"replies":[{"embeddable":true,"href":"https:\/\/www.diarioimagen.net\/index.php?rest_route=%2Fwp%2Fv2%2Fcomments&post=716953"}],"version-history":[{"count":1,"href":"https:\/\/www.diarioimagen.net\/index.php?rest_route=\/wp\/v2\/posts\/716953\/revisions"}],"predecessor-version":[{"id":716955,"href":"https:\/\/www.diarioimagen.net\/index.php?rest_route=\/wp\/v2\/posts\/716953\/revisions\/716955"}],"wp:featuredmedia":[{"embeddable":true,"href":"https:\/\/www.diarioimagen.net\/index.php?rest_route=\/wp\/v2\/media\/716954"}],"wp:attachment":[{"href":"https:\/\/www.diarioimagen.net\/index.php?rest_route=%2Fwp%2Fv2%2Fmedia&parent=716953"}],"wp:term":[{"taxonomy":"category","embeddable":true,"href":"https:\/\/www.diarioimagen.net\/index.php?rest_route=%2Fwp%2Fv2%2Fcategories&post=716953"},{"taxonomy":"post_tag","embeddable":true,"href":"https:\/\/www.diarioimagen.net\/index.php?rest_route=%2Fwp%2Fv2%2Ftags&post=716953"}],"curies":[{"name":"wp","href":"https:\/\/api.w.org\/{rel}","templated":true}]}}