{"id":716966,"date":"2026-04-21T22:29:08","date_gmt":"2026-04-22T04:29:08","guid":{"rendered":"https:\/\/www.diarioimagen.net\/?p=716966"},"modified":"2026-04-21T22:29:08","modified_gmt":"2026-04-22T04:29:08","slug":"incentivo-para-modernizar-el-transporte-publico-en-cancun","status":"publish","type":"post","link":"https:\/\/www.diarioimagen.net\/?p=716966","title":{"rendered":"Incentivo para modernizar\u00a0el transporte p\u00fablico en Canc\u00fan"},"content":{"rendered":"<ul>\n<li><strong>Por parte del Imoveqroo<\/strong><\/li>\n<li><strong>Se otorgar\u00e1 subsidio del 10% a concesionarios que adquieran nuevas unidades<\/strong><\/li>\n<\/ul>\n<div id=\"attachment_716967\" style=\"width: 404px\" class=\"wp-caption alignnone\"><img loading=\"lazy\" decoding=\"async\" aria-describedby=\"caption-attachment-716967\" class=\"wp-image-716967 size-large\" src=\"https:\/\/www.diarioimagen.net\/wp-content\/uploads\/2026\/04\/TRANSPORTE01-ok-394x270.jpg\" alt=\"\" width=\"394\" height=\"270\" srcset=\"https:\/\/www.diarioimagen.net\/wp-content\/uploads\/2026\/04\/TRANSPORTE01-ok-394x270.jpg 394w, https:\/\/www.diarioimagen.net\/wp-content\/uploads\/2026\/04\/TRANSPORTE01-ok-240x165.jpg 240w, https:\/\/www.diarioimagen.net\/wp-content\/uploads\/2026\/04\/TRANSPORTE01-ok-768x527.jpg 768w, https:\/\/www.diarioimagen.net\/wp-content\/uploads\/2026\/04\/TRANSPORTE01-ok.jpg 1500w\" sizes=\"auto, (max-width: 394px) 100vw, 394px\" \/><p id=\"caption-attachment-716967\" class=\"wp-caption-text\">La renovaci\u00f3n de la flotilla de transporte p\u00fablico en Benito Ju\u00e1rez dej\u00f3 de ser una aspiraci\u00f3n y se convirti\u00f3 en una pol\u00edtica concreta.<\/p><\/div>\n<p>Por redacci\u00f3n DIARIOIMAGEN<\/p>\n<p>Canc\u00fan.- La renovaci\u00f3n de la flotilla de transporte p\u00fablico en Benito Ju\u00e1rez dej\u00f3 de ser una aspiraci\u00f3n y se convirti\u00f3 en una pol\u00edtica concreta: el Instituto de Movilidad de Quintana Roo (Imoveqroo) otorgar\u00e1 un subsidio del 10% a los concesionarios que adquieran nuevas unidades y cumplan con los requisitos t\u00e9cnicos establecidos. El beneficio estar\u00e1 vigente hasta septiembre de 2027, cuando concluya la actual administraci\u00f3n.<\/p>\n<p>El acuerdo, publicado en el Peri\u00f3dico Oficial del Estado el 31 de marzo de 2026, establece que el valor m\u00e1ximo de cada unidad susceptible de incentivo ser\u00e1 de 10 millones de pesos, aplic\u00e1ndose el porcentaje de apoyo de manera mensual y gradual conforme a la disponibilidad presupuestal.<\/p>\n<p>La medida responde a la urgencia de sustituir veh\u00edculos que ya no cumplen con est\u00e1ndares m\u00ednimos de seguridad, accesibilidad y eficiencia operativa. El Imoveqroo reconoci\u00f3 que la inversi\u00f3n necesaria para renovar la flotilla representa un reto financiero para los concesionarios, por lo que el subsidio busca facilitar la transici\u00f3n hacia un Sistema Integrado de Transporte P\u00fablico m\u00e1s moderno y sostenible.<\/p>\n<p>El incentivo econ\u00f3mico se aplicar\u00e1 directamente como una aportaci\u00f3n de capital, ya sea en contratos de compraventa, arrendamiento financiero o leasing. Con ello, se pretende reducir el rezago tecnol\u00f3gico y ambiental de las unidades, adem\u00e1s de garantizar que la modernizaci\u00f3n se realice de manera progresiva y ordenada.<\/p>\n<p>Entre las mejoras previstas destacan unidades con aire acondicionado, sistemas de accesibilidad universal, monitoreo y preparaci\u00f3n para recaudo electr\u00f3nico, lo que impactar\u00e1 directamente en la calidad del servicio para quienes dependen diariamente del transporte p\u00fablico para trabajar, estudiar o acceder a servicios de salud y recreaci\u00f3n.<\/p>\n<p>El Imoveqroo subray\u00f3 que este apoyo no constituye un beneficio aislado para los concesionarios, sino una acci\u00f3n estructural para garantizar el derecho humano a la movilidad en condiciones de seguridad, calidad e inclusi\u00f3n. Adem\u00e1s, al absorber parte del costo de renovaci\u00f3n, el Estado evita que los gastos se trasladen a las tarifas, protegiendo as\u00ed la econom\u00eda de las familias usuarias<\/p>\n<p>Finalmente, el decreto enfatiza que los recursos destinados al subsidio deber\u00e1n ejercerse de manera eficiente, transparente y oportuna, consolidando la modernizaci\u00f3n del transporte p\u00fablico en Benito Ju\u00e1rez como un paso clave hacia un modelo integrado y sostenible.<\/p>\n<p>&nbsp;<\/p>\n<p><strong>Restaurantes: m\u00e1s aperturas que cierres<\/strong><\/p>\n<p>&nbsp;<\/p>\n<p>Lejos de una crisis, el sector restaurantero en Playa del Carmen mantiene un ritmo de crecimiento constante. Aunque algunos negocios han cerrado, la C\u00e1mara Nacional de la Industria Restaurantera y Alimentos Condimentados (CANIRAC) asegura que las aperturas superan a las bajas, especialmente en zonas tur\u00edsticas como la Quinta Avenida, donde la inversi\u00f3n gastron\u00f3mica sigue siendo atractiva.<\/p>\n<p>\u201cS\u00ed, por supuesto, han abierto m\u00e1s de los que han cerrado\u201d, afirm\u00f3 Manuel Garc\u00eda Maldonado, director de CANIRAC en el municipio, al destacar que incluso hay proyectos en puerta de nuevos inversionistas interesados en el destino.<\/p>\n<p>El dirigente explic\u00f3 que muchos de los cierres recientes no responden a falta de rentabilidad, sino a decisiones estrat\u00e9gicas de grupos empresariales que operan bajo metas espec\u00edficas de venta. \u201cLos que se han cerrado no son de particulares, son de grupos\u2026 y si no cumplen sus metas, los cierran\u201d, puntualiz\u00f3.<\/p>\n<p>Este comportamiento, a\u00f1adi\u00f3, forma parte de la din\u00e1mica normal de un mercado tur\u00edstico altamente competitivo, donde la rotaci\u00f3n de marcas es constante y la oferta se renueva de manera continua.<\/p>\n<p>Garc\u00eda Maldonado subray\u00f3 que Playa del Carmen sigue siendo un polo de atracci\u00f3n para la inversi\u00f3n gastron\u00f3mica gracias al flujo tur\u00edstico y a la demanda sostenida de servicios. \u201cAcabo de hablar con un abogado que quiere dar de alta dos restaurantes que se est\u00e1n abriendo\u201d, coment\u00f3 como ejemplo del inter\u00e9s vigente.<\/p>\n<p>En conclusi\u00f3n, pese a los cierres aislados, la industria restaurantera local se mantiene din\u00e1mica y en expansi\u00f3n, consolidando a Playa del Carmen como uno de los destinos m\u00e1s atractivos para la gastronom\u00eda en el Caribe mexicano.<\/p>\n<p>&nbsp;<\/p>\n<p>&nbsp;<\/p>\n","protected":false},"excerpt":{"rendered":"<p>Por parte del Imoveqroo Se otorgar\u00e1 subsidio del 10% a concesionarios que adquieran nuevas unidades Por redacci\u00f3n DIARIOIMAGEN Canc\u00fan.- La renovaci\u00f3n de la flotilla de transporte p\u00fablico en Benito Ju\u00e1rez dej\u00f3 de ser una aspiraci\u00f3n y se convirti\u00f3 en una pol\u00edtica concreta: el Instituto de Movilidad de Quintana Roo (Imoveqroo) otorgar\u00e1 un subsidio del 10% [&hellip;]<\/p>\n","protected":false},"author":14,"featured_media":716967,"comment_status":"open","ping_status":"open","sticky":false,"template":"","format":"standard","meta":{"_monsterinsights_skip_tracking":false,"_monsterinsights_sitenote_active":false,"_monsterinsights_sitenote_note":"","_monsterinsights_sitenote_category":0,"footnotes":""},"categories":[101305],"tags":[],"class_list":["post-716966","post","type-post","status-publish","format-standard","has-post-thumbnail","hentry","category-quintana-roo"],"_links":{"self":[{"href":"https:\/\/www.diarioimagen.net\/index.php?rest_route=\/wp\/v2\/posts\/716966","targetHints":{"allow":["GET"]}}],"collection":[{"href":"https:\/\/www.diarioimagen.net\/index.php?rest_route=\/wp\/v2\/posts"}],"about":[{"href":"https:\/\/www.diarioimagen.net\/index.php?rest_route=\/wp\/v2\/types\/post"}],"author":[{"embeddable":true,"href":"https:\/\/www.diarioimagen.net\/index.php?rest_route=\/wp\/v2\/users\/14"}],"replies":[{"embeddable":true,"href":"https:\/\/www.diarioimagen.net\/index.php?rest_route=%2Fwp%2Fv2%2Fcomments&post=716966"}],"version-history":[{"count":1,"href":"https:\/\/www.diarioimagen.net\/index.php?rest_route=\/wp\/v2\/posts\/716966\/revisions"}],"predecessor-version":[{"id":716968,"href":"https:\/\/www.diarioimagen.net\/index.php?rest_route=\/wp\/v2\/posts\/716966\/revisions\/716968"}],"wp:featuredmedia":[{"embeddable":true,"href":"https:\/\/www.diarioimagen.net\/index.php?rest_route=\/wp\/v2\/media\/716967"}],"wp:attachment":[{"href":"https:\/\/www.diarioimagen.net\/index.php?rest_route=%2Fwp%2Fv2%2Fmedia&parent=716966"}],"wp:term":[{"taxonomy":"category","embeddable":true,"href":"https:\/\/www.diarioimagen.net\/index.php?rest_route=%2Fwp%2Fv2%2Fcategories&post=716966"},{"taxonomy":"post_tag","embeddable":true,"href":"https:\/\/www.diarioimagen.net\/index.php?rest_route=%2Fwp%2Fv2%2Ftags&post=716966"}],"curies":[{"name":"wp","href":"https:\/\/api.w.org\/{rel}","templated":true}]}}