{"id":716997,"date":"2026-04-22T19:30:38","date_gmt":"2026-04-23T01:30:38","guid":{"rendered":"https:\/\/www.diarioimagen.net\/?p=716997"},"modified":"2026-04-22T19:30:38","modified_gmt":"2026-04-23T01:30:38","slug":"ni-un-paso-atras-en-la-defensa-de-los-suteymistas-afirma-tomas-palomares","status":"publish","type":"post","link":"https:\/\/www.diarioimagen.net\/?p=716997","title":{"rendered":"Ni un paso atr\u00e1s en la defensa de los  suteymistas, afirma Tom\u00e1s Palomares\u00a0"},"content":{"rendered":"<p>&nbsp;<\/p>\n<ul>\n<li><strong>Destaca juicio contra ex tesorero de Naucalpan<\/strong><\/li>\n<\/ul>\n<div id=\"attachment_716999\" style=\"width: 318px\" class=\"wp-caption alignnone\"><img loading=\"lazy\" decoding=\"async\" aria-describedby=\"caption-attachment-716999\" class=\"wp-image-716999 size-large\" src=\"https:\/\/www.diarioimagen.net\/wp-content\/uploads\/2026\/04\/BAENA1-OK-308x270.jpg\" alt=\"\" width=\"308\" height=\"270\" srcset=\"https:\/\/www.diarioimagen.net\/wp-content\/uploads\/2026\/04\/BAENA1-OK-308x270.jpg 308w, https:\/\/www.diarioimagen.net\/wp-content\/uploads\/2026\/04\/BAENA1-OK-240x210.jpg 240w, https:\/\/www.diarioimagen.net\/wp-content\/uploads\/2026\/04\/BAENA1-OK-768x673.jpg 768w, https:\/\/www.diarioimagen.net\/wp-content\/uploads\/2026\/04\/BAENA1-OK-1536x1345.jpg 1536w, https:\/\/www.diarioimagen.net\/wp-content\/uploads\/2026\/04\/BAENA1-OK-2048x1794.jpg 2048w\" sizes=\"auto, (max-width: 308px) 100vw, 308px\" \/><p id=\"caption-attachment-716999\" class=\"wp-caption-text\">El dirigente del SUTEyM, Tom\u00e1s Palomares Parra, se dijo satisfecho por el juicio contra Leopoldo Corona Aguilar, ex tesorero de Naucalpan.<\/p><\/div>\n<p>&nbsp;<\/p>\n<p>&nbsp;<\/p>\n<p>Naucalpan, M\u00e9x.- Luego de que \u00a0el Tribunal de Justicia Administrativa del Estado de M\u00e9xico (Trijaem), emiti\u00f3 juicio contra el ex tesorero de este municipio, Leopoldo Corona Aguilar, quien fue inhabilitado por \u00a0un a\u00f1o para ocupar \u00a0cargos en el servicio p\u00fablico, el dirigente del SUTEyM, Tom\u00e1s Palomares Parra, se dijo satisfecho por esa resoluci\u00f3n.<\/p>\n<p>&nbsp;<\/p>\n<p>Afirm\u00f3 que este es un caso reivindicatorio para los \u00a0trabajadores toda vez que durante su cargo y dejando de lado las prestaciones que por ley le corresponden a cada uno de los servidores p\u00fablicos no solo sindicalizados, sino hasta los de confianza, \u00a0eventuales y de lista de raya, no se les pag\u00f3 ninguna prestaci\u00f3n.<\/p>\n<p>&nbsp;<\/p>\n<p>Reconoci\u00f3 que el Tribunal puso por delante los derechos laborales de los trabajadores al recibir sus prestaciones, arrojando como consecuencia, la inhabilitaci\u00f3n en firme del ex funcionario.<\/p>\n<p>&nbsp;<\/p>\n<p>Sin embargo, consider\u00f3 que la resoluci\u00f3n podr\u00eda ser a\u00fan m\u00e1s severa en t\u00e9rminos de la sanci\u00f3n, pero lo importante dijo, es que el trabajador se ve representado por la Resoluci\u00f3n emitida por el Trijaem.<\/p>\n<p>&nbsp;<\/p>\n<p>Plante\u00f3, adem\u00e1s, que esta resoluci\u00f3n sirva de escarmiento a cualquier otro funcionario que quiera violentar los derechos de los trabajadores, porque en el SUTEyM \u201cno damos marcha atr\u00e1s en la defensa de cada uno de los derechos laborales, signados en los respectivos convenios laborales, de prestaciones y sus colaterales.<\/p>\n<p>&nbsp;<\/p>\n<p>Palomares Parra anticip\u00f3 que, si fuese el caso, llegar\u00e1n hasta esas instancias y seguir\u00e1n llevando a cabo este tipo de diligencias jurisdiccionales, esperando que los funcionarios municipales tomen en cuenta este antecedente y no vulneren nunca m\u00e1s los derechos de los trabajadores.<\/p>\n<p>&nbsp;<\/p>\n<p><strong>\u00a0<\/strong><\/p>\n<p><strong>\u00a0<\/strong><\/p>\n<p><strong>\u00a0<\/strong><\/p>\n<p>&nbsp;<\/p>\n<p>&nbsp;<\/p>\n<p>&nbsp;<\/p>\n","protected":false},"excerpt":{"rendered":"<p>&nbsp; Destaca juicio contra ex tesorero de Naucalpan &nbsp; &nbsp; Naucalpan, M\u00e9x.- Luego de que \u00a0el Tribunal de Justicia Administrativa del Estado de M\u00e9xico (Trijaem), emiti\u00f3 juicio contra el ex tesorero de este municipio, Leopoldo Corona Aguilar, quien fue inhabilitado por \u00a0un a\u00f1o para ocupar \u00a0cargos en el servicio p\u00fablico, el dirigente del SUTEyM, Tom\u00e1s [&hellip;]<\/p>\n","protected":false},"author":14,"featured_media":716999,"comment_status":"open","ping_status":"open","sticky":false,"template":"","format":"standard","meta":{"_monsterinsights_skip_tracking":false,"_monsterinsights_sitenote_active":false,"_monsterinsights_sitenote_note":"","_monsterinsights_sitenote_category":0,"footnotes":""},"categories":[5],"tags":[],"class_list":["post-716997","post","type-post","status-publish","format-standard","has-post-thumbnail","hentry","category-estado-de-mexico"],"_links":{"self":[{"href":"https:\/\/www.diarioimagen.net\/index.php?rest_route=\/wp\/v2\/posts\/716997","targetHints":{"allow":["GET"]}}],"collection":[{"href":"https:\/\/www.diarioimagen.net\/index.php?rest_route=\/wp\/v2\/posts"}],"about":[{"href":"https:\/\/www.diarioimagen.net\/index.php?rest_route=\/wp\/v2\/types\/post"}],"author":[{"embeddable":true,"href":"https:\/\/www.diarioimagen.net\/index.php?rest_route=\/wp\/v2\/users\/14"}],"replies":[{"embeddable":true,"href":"https:\/\/www.diarioimagen.net\/index.php?rest_route=%2Fwp%2Fv2%2Fcomments&post=716997"}],"version-history":[{"count":1,"href":"https:\/\/www.diarioimagen.net\/index.php?rest_route=\/wp\/v2\/posts\/716997\/revisions"}],"predecessor-version":[{"id":717000,"href":"https:\/\/www.diarioimagen.net\/index.php?rest_route=\/wp\/v2\/posts\/716997\/revisions\/717000"}],"wp:featuredmedia":[{"embeddable":true,"href":"https:\/\/www.diarioimagen.net\/index.php?rest_route=\/wp\/v2\/media\/716999"}],"wp:attachment":[{"href":"https:\/\/www.diarioimagen.net\/index.php?rest_route=%2Fwp%2Fv2%2Fmedia&parent=716997"}],"wp:term":[{"taxonomy":"category","embeddable":true,"href":"https:\/\/www.diarioimagen.net\/index.php?rest_route=%2Fwp%2Fv2%2Fcategories&post=716997"},{"taxonomy":"post_tag","embeddable":true,"href":"https:\/\/www.diarioimagen.net\/index.php?rest_route=%2Fwp%2Fv2%2Ftags&post=716997"}],"curies":[{"name":"wp","href":"https:\/\/api.w.org\/{rel}","templated":true}]}}