{"id":717007,"date":"2026-04-22T19:39:11","date_gmt":"2026-04-23T01:39:11","guid":{"rendered":"https:\/\/www.diarioimagen.net\/?p=717007"},"modified":"2026-04-22T19:39:11","modified_gmt":"2026-04-23T01:39:11","slug":"llama-raciel-perez-a-morenistas-a-prepararse-para-el-debate-electoral","status":"publish","type":"post","link":"https:\/\/www.diarioimagen.net\/?p=717007","title":{"rendered":"Llama Raciel P\u00e9rez a morenistas a prepararse para el debate electoral"},"content":{"rendered":"<p><img loading=\"lazy\" decoding=\"async\" class=\"alignnone wp-image-717008 size-large\" src=\"https:\/\/www.diarioimagen.net\/wp-content\/uploads\/2026\/04\/BAENA-4-OK-12-371x270.jpg\" alt=\"\" width=\"371\" height=\"270\" srcset=\"https:\/\/www.diarioimagen.net\/wp-content\/uploads\/2026\/04\/BAENA-4-OK-12-371x270.jpg 371w, https:\/\/www.diarioimagen.net\/wp-content\/uploads\/2026\/04\/BAENA-4-OK-12-240x175.jpg 240w, https:\/\/www.diarioimagen.net\/wp-content\/uploads\/2026\/04\/BAENA-4-OK-12-768x559.jpg 768w, https:\/\/www.diarioimagen.net\/wp-content\/uploads\/2026\/04\/BAENA-4-OK-12-90x65.jpg 90w, https:\/\/www.diarioimagen.net\/wp-content\/uploads\/2026\/04\/BAENA-4-OK-12.jpg 1500w\" sizes=\"auto, (max-width: 371px) 100vw, 371px\" \/><\/p>\n<p>&nbsp;<\/p>\n<p>&nbsp;<\/p>\n<p>Tlalnepantla, M\u00e9x.- El alcalde Raciel P\u00e9rez, en su calidad de consejero nacional de Morena, al recibir en este municipio al senador, Gerardo Fern\u00e1ndez Noro\u00f1a, llam\u00f3\u00a0 a las bases del partido a prepararse para el debate y dar la batalla ante la embestida que plantean los conservadores del pa\u00eds. Por su parte, Fern\u00e1ndez Noro\u00f1a incrimin\u00f3 entre diversos temas que desahog\u00f3 en este encuentro, que sean la derecha y el PRI, quienes hoy est\u00e1n pidiendo la intervenci\u00f3n militar de EU en el pa\u00eds, calific\u00e1ndolos de \u201ctraidores a la Patria\u201d.<\/p>\n","protected":false},"excerpt":{"rendered":"<p>&nbsp; &nbsp; Tlalnepantla, M\u00e9x.- El alcalde Raciel P\u00e9rez, en su calidad de consejero nacional de Morena, al recibir en este municipio al senador, Gerardo Fern\u00e1ndez Noro\u00f1a, llam\u00f3\u00a0 a las bases del partido a prepararse para el debate y dar la batalla ante la embestida que plantean los conservadores del pa\u00eds. Por su parte, Fern\u00e1ndez Noro\u00f1a [&hellip;]<\/p>\n","protected":false},"author":14,"featured_media":717008,"comment_status":"open","ping_status":"open","sticky":false,"template":"","format":"standard","meta":{"_monsterinsights_skip_tracking":false,"_monsterinsights_sitenote_active":false,"_monsterinsights_sitenote_note":"","_monsterinsights_sitenote_category":0,"footnotes":""},"categories":[5],"tags":[],"class_list":["post-717007","post","type-post","status-publish","format-standard","has-post-thumbnail","hentry","category-estado-de-mexico"],"_links":{"self":[{"href":"https:\/\/www.diarioimagen.net\/index.php?rest_route=\/wp\/v2\/posts\/717007","targetHints":{"allow":["GET"]}}],"collection":[{"href":"https:\/\/www.diarioimagen.net\/index.php?rest_route=\/wp\/v2\/posts"}],"about":[{"href":"https:\/\/www.diarioimagen.net\/index.php?rest_route=\/wp\/v2\/types\/post"}],"author":[{"embeddable":true,"href":"https:\/\/www.diarioimagen.net\/index.php?rest_route=\/wp\/v2\/users\/14"}],"replies":[{"embeddable":true,"href":"https:\/\/www.diarioimagen.net\/index.php?rest_route=%2Fwp%2Fv2%2Fcomments&post=717007"}],"version-history":[{"count":1,"href":"https:\/\/www.diarioimagen.net\/index.php?rest_route=\/wp\/v2\/posts\/717007\/revisions"}],"predecessor-version":[{"id":717009,"href":"https:\/\/www.diarioimagen.net\/index.php?rest_route=\/wp\/v2\/posts\/717007\/revisions\/717009"}],"wp:featuredmedia":[{"embeddable":true,"href":"https:\/\/www.diarioimagen.net\/index.php?rest_route=\/wp\/v2\/media\/717008"}],"wp:attachment":[{"href":"https:\/\/www.diarioimagen.net\/index.php?rest_route=%2Fwp%2Fv2%2Fmedia&parent=717007"}],"wp:term":[{"taxonomy":"category","embeddable":true,"href":"https:\/\/www.diarioimagen.net\/index.php?rest_route=%2Fwp%2Fv2%2Fcategories&post=717007"},{"taxonomy":"post_tag","embeddable":true,"href":"https:\/\/www.diarioimagen.net\/index.php?rest_route=%2Fwp%2Fv2%2Ftags&post=717007"}],"curies":[{"name":"wp","href":"https:\/\/api.w.org\/{rel}","templated":true}]}}