{"id":717010,"date":"2026-04-22T19:41:51","date_gmt":"2026-04-23T01:41:51","guid":{"rendered":"https:\/\/www.diarioimagen.net\/?p=717010"},"modified":"2026-04-22T19:41:51","modified_gmt":"2026-04-23T01:41:51","slug":"tres-destacados-cantautores-en-la-bohemia-90","status":"publish","type":"post","link":"https:\/\/www.diarioimagen.net\/?p=717010","title":{"rendered":"Tres destacados cantautores en la Bohemia 90"},"content":{"rendered":"<ul>\n<li><strong>Ale Z\u00e9guer, Juan Solo y Carmen Mar\u00eda egresados del TCSACM<\/strong><\/li>\n<li><strong>El viernes 15 de mayo, a las 21:00 horas, Ale Z\u00e9guer, Juan Solo y Carmen Mar\u00eda ser\u00e1n los protagonistas de una noche donde la canci\u00f3n ser\u00e1 el hilo conductor.<\/strong><\/li>\n<\/ul>\n<div id=\"attachment_717011\" style=\"width: 280px\" class=\"wp-caption alignnone\"><img loading=\"lazy\" decoding=\"async\" aria-describedby=\"caption-attachment-717011\" class=\"wp-image-717011 size-large\" src=\"https:\/\/www.diarioimagen.net\/wp-content\/uploads\/2026\/04\/ANUNCIO-BOHEMIA-NOTA-270x270.jpg\" alt=\"\" width=\"270\" height=\"270\" srcset=\"https:\/\/www.diarioimagen.net\/wp-content\/uploads\/2026\/04\/ANUNCIO-BOHEMIA-NOTA-270x270.jpg 270w, https:\/\/www.diarioimagen.net\/wp-content\/uploads\/2026\/04\/ANUNCIO-BOHEMIA-NOTA-240x240.jpg 240w, https:\/\/www.diarioimagen.net\/wp-content\/uploads\/2026\/04\/ANUNCIO-BOHEMIA-NOTA-150x150.jpg 150w, https:\/\/www.diarioimagen.net\/wp-content\/uploads\/2026\/04\/ANUNCIO-BOHEMIA-NOTA-768x768.jpg 768w, https:\/\/www.diarioimagen.net\/wp-content\/uploads\/2026\/04\/ANUNCIO-BOHEMIA-NOTA-1536x1536.jpg 1536w, https:\/\/www.diarioimagen.net\/wp-content\/uploads\/2026\/04\/ANUNCIO-BOHEMIA-NOTA-2048x2048.jpg 2048w, https:\/\/www.diarioimagen.net\/wp-content\/uploads\/2026\/04\/ANUNCIO-BOHEMIA-NOTA-50x50.jpg 50w, https:\/\/www.diarioimagen.net\/wp-content\/uploads\/2026\/04\/ANUNCIO-BOHEMIA-NOTA-75x75.jpg 75w, https:\/\/www.diarioimagen.net\/wp-content\/uploads\/2026\/04\/ANUNCIO-BOHEMIA-NOTA-70x70.jpg 70w\" sizes=\"auto, (max-width: 270px) 100vw, 270px\" \/><p id=\"caption-attachment-717011\" class=\"wp-caption-text\">Tres destacados cantautores en la Bohemia 90<\/p><\/div>\n<p><strong>\u00a0<\/strong><\/p>\n<p><strong>\u00a0<\/strong><\/p>\n<p><strong>El Cantoral<\/strong> ser\u00e1 escenario de la <strong>Bohemia 90<\/strong>, concierto que reunir\u00e1 a tres destacados cantautores egresados del Taller de Composici\u00f3n de la SACM \u2014espacio que fue clave en la formaci\u00f3n de su voz art\u00edstica\u2014 y que son referentes de la escena musical contempor\u00e1nea en M\u00e9xico y m\u00e1s all\u00e1 de sus fronteras: <strong>Ale Z\u00e9guer<\/strong>, <strong>Juan Solo<\/strong> y <strong>Carmen Mar\u00eda<\/strong>.<\/p>\n<p>&nbsp;<\/p>\n<p>Tres propuestas distintas, forjadas bajo un mismo esp\u00edritu creativo, se unir\u00e1n el <strong>viernes 15 de mayo<\/strong> en un encuentro musical irrepetible. Una noche donde la canci\u00f3n ser\u00e1 el hilo conductor: letras que interpelan, melod\u00edas que permanecen y la intimidad de tres artistas compartiendo el mismo escenario.<\/p>\n<p>&nbsp;<\/p>\n<p>Con m\u00e1s de once a\u00f1os de trayectoria, <strong>Ale Z\u00e9guer<\/strong> se ha consolidado como una de las cantautoras m\u00e1s sensibles de su generaci\u00f3n. Su repertorio ha encontrado eco en las voces de figuras como Yuridia, Car\u00edn Le\u00f3n, Camila, Ha*Ash, \u00c1ngela Aguilar, R\u00edo Roma, Lasso, Mar\u00eda Jos\u00e9, Alejandra Guzm\u00e1n, Danna Paola y Matisse, por mencionar algunas.<\/p>\n<p>&nbsp;<\/p>\n<p>Entre sus creaciones m\u00e1s destacadas se encuentran: <em>Adi\u00f3s a las canciones tristes<\/em> (coautor\u00eda con Andr\u00e9s Alberto Guardado), interpretada por ella; <em>Todo el ruido del mundo<\/em> (coescrita con Josu\u00e9 Alaniz), popularizada por Ale y Leonel Garc\u00eda; <em>Jard\u00edn<\/em>, <em>feat<\/em> con Pedro Cap\u00f3, y <em>El amor de mi herida<\/em>, uno de los \u00e9xitos del regional mexicano reciente, reconocida con los premios Lo Nuestro y Juventud, e incluida en el \u00e1lbum <em>Palabra de to\u00b4s<\/em> de Car\u00edn Le\u00f3n, galardonado con el Grammy Anglo, entre muchos <em>hits<\/em> m\u00e1s.<\/p>\n<p>&nbsp;<\/p>\n<p>Adem\u00e1s de su faceta como compositora, ha desarrollado una carrera s\u00f3lida como int\u00e9rprete, llevando su m\u00fasica, adem\u00e1s de M\u00e9xico, a pa\u00edses como Chile, Estados Unidos, Per\u00fa, Argentina, Espa\u00f1a y Colombia. En 2021 present\u00f3 <em>Mis no lugares<\/em>, proyecto que dio pie a una gira por quince ciudades que culmin\u00f3 con dos fechas agotadas en el Lunario del Auditorio Nacional. Dos a\u00f1os despu\u00e9s profundiz\u00f3 en su universo creativo con <em>De rotos y descosidos<\/em> (2023), un \u00e1lbum completamente ac\u00fastico y grabado en vivo, y que present\u00f3 con un concierto <em>sold out<\/em> en El Cantoral. En 2024 lanz\u00f3 <em>Relatos<\/em>, material que le vali\u00f3 sus primeras nominaciones al Latin Grammy.<\/p>\n<p>&nbsp;<\/p>\n<p>El cantautor mexicano <strong>Juan Solo<\/strong> inici\u00f3 su carrera en 2012 desde la independencia, apostando por una relaci\u00f3n directa con su audiencia a trav\u00e9s de redes sociales y plataformas digitales. Desde sus primeros lanzamientos, su propuesta destac\u00f3 dentro del pop latino por una narrativa cercana y emocional que r\u00e1pidamente conect\u00f3 con su p\u00fablico. Su ep debut alcanz\u00f3 el primer lugar de ventas en iTunes M\u00e9xico, y poco despu\u00e9s su carrera adquiri\u00f3 proyecci\u00f3n internacional al obtener la Gaviota de Plata en el Festival Internacional de la Canci\u00f3n de Vi\u00f1a del Mar, uno de los escenarios m\u00e1s influyentes de la m\u00fasica latina.<\/p>\n<p>&nbsp;<\/p>\n<p>Con una s\u00f3lida comunidad digital y con composiciones como <em>Corazones incompletos<\/em>,\u00a0<em>Amnesia<\/em>, <em>Querido coraz\u00f3n<\/em> y\u00a0<em>\u00c1mame<\/em>\u00a0(colaboraci\u00f3n con Mon Laferte) contin\u00faa sumando reproducciones y consolid\u00e1ndose en el medio autoral. Paralelamente, ha ampliado su versatilidad art\u00edstica al incursionar en el teatro musical con papeles protag\u00f3nicos en <em>Mentiras, el musical<\/em>, <em>Hoy no me puedo levantar<\/em> y <em>La chica del bikini azul<\/em>.<\/p>\n<p>&nbsp;<\/p>\n<p>En 2017 present\u00f3 <em>Cap\u00edtulo uno<\/em>, disco en vivo acompa\u00f1ado de un documental, y en 2019 public\u00f3 los \u00e1lbumes <em>Masoquista<\/em> y <em>Malquerido<\/em>, este \u00faltimo concebido como un proyecto conceptual acompa\u00f1ado de un cortometraje que conecta visualmente con las canciones. A lo largo de su trayectoria ha escrito temas para int\u00e9rpretes como Edith M\u00e1rquez, Banda El Recodo, Kika Edgar y Los \u00c1ngeles Negros, adem\u00e1s de colaborar con artistas como Raymix, Kurt, Denise Rosenthal, Raquel Sof\u00eda, R\u00edo Roma y Vivianne Baeza.<\/p>\n<p>&nbsp;<\/p>\n<p><strong>Carmen Mar\u00eda<\/strong> es una cantautora mexicanoamericana que ha construido una propuesta singular dentro del pop latino contempor\u00e1neo a partir de su identidad fronteriza. Su m\u00fasica refleja la riqueza bicultural mediante una fusi\u00f3n poco convencional de g\u00e9neros como huapango, ranchero, r&amp;b, bossa nova y techno house, desarrollando un lenguaje sonoro propio que combina sensibilidad autoral y experimentaci\u00f3n.<\/p>\n<p>&nbsp;<\/p>\n<p>Su \u00e1lbum m\u00e1s reciente, <em>Rubedo<\/em>, producido junto a Mateo Lewis, profundiza en esa b\u00fasqueda creativa a trav\u00e9s de un relato \u00edntimo sobre transformaci\u00f3n personal inspirado en la simbolog\u00eda alqu\u00edmica, proyecto que fue reconocido por Rolling Stone en Espa\u00f1ol como uno de los mejores discos de 2024. Canciones de su inspiraci\u00f3n como <em>Tanto para nada<\/em> (en mancuerna con Ale Z\u00e9guer) y <em>\u00bfD\u00f3nde comienza tu amor?<\/em> (colaboraci\u00f3n con Manuel Alejandro Pozas) han acumulado millones de reproducciones y visualizaciones en plataformas digitales, consolidando el alcance de una obra que aborda el dolor, la evoluci\u00f3n y el renacimiento que marcaron el proceso de este material.<\/p>\n<p>&nbsp;<\/p>\n<p>Se ha presentado con \u00e9xito en recintos de la Ciudad de M\u00e9xico, Guadalajara, Monterrey, Quer\u00e9taro y Tijuana, y ha compartido escenario con figuras de la m\u00fasica como Ximena Sari\u00f1ana, Alejandro Sanz, Julieta Venegas, Franco de Vita, Emmanuel, Aleks Syntek, Noel Schajris, Yuridia, Ana Victoria y Luis Fonsi, en foros de M\u00e9xico, Per\u00fa, Argentina y Estados Unidos. Mientras su comunidad digital contin\u00faa creciendo con cientos de miles de oyentes y seguidores en plataformas, su voz, autenticidad y lirismo visceral la posicionan como una de las artistas emergentes m\u00e1s vibrantes de la nueva escena latina.<\/p>\n<p>&nbsp;<\/p>\n<p>El <strong>viernes 15 de mayo <\/strong>a las<strong> 21:00 horas<\/strong> tienes una cita en <strong>El Cantoral<\/strong> para la <strong>Bohemia 90<\/strong>. Adquiere tus boletos en <u>ticketmaster.com.mx<\/u> o directamente en la taquilla del recinto.<\/p>\n<p>&nbsp;<\/p>\n<p>&nbsp;<\/p>\n<blockquote><p>Los boletos est\u00e1n disponibles en Ticketmaster y en la taquilla de El Cantoral.<\/p><\/blockquote>\n<p>&nbsp;<\/p>\n","protected":false},"excerpt":{"rendered":"<p>Ale Z\u00e9guer, Juan Solo y Carmen Mar\u00eda egresados del TCSACM El viernes 15 de mayo, a las 21:00 horas, Ale Z\u00e9guer, Juan Solo y Carmen Mar\u00eda ser\u00e1n los protagonistas de una noche donde la canci\u00f3n ser\u00e1 el hilo conductor. \u00a0 \u00a0 El Cantoral ser\u00e1 escenario de la Bohemia 90, concierto que reunir\u00e1 a tres destacados [&hellip;]<\/p>\n","protected":false},"author":14,"featured_media":717011,"comment_status":"open","ping_status":"open","sticky":false,"template":"","format":"standard","meta":{"_monsterinsights_skip_tracking":false,"_monsterinsights_sitenote_active":false,"_monsterinsights_sitenote_note":"","_monsterinsights_sitenote_category":0,"footnotes":""},"categories":[12],"tags":[],"class_list":["post-717010","post","type-post","status-publish","format-standard","has-post-thumbnail","hentry","category-espectaculos"],"_links":{"self":[{"href":"https:\/\/www.diarioimagen.net\/index.php?rest_route=\/wp\/v2\/posts\/717010","targetHints":{"allow":["GET"]}}],"collection":[{"href":"https:\/\/www.diarioimagen.net\/index.php?rest_route=\/wp\/v2\/posts"}],"about":[{"href":"https:\/\/www.diarioimagen.net\/index.php?rest_route=\/wp\/v2\/types\/post"}],"author":[{"embeddable":true,"href":"https:\/\/www.diarioimagen.net\/index.php?rest_route=\/wp\/v2\/users\/14"}],"replies":[{"embeddable":true,"href":"https:\/\/www.diarioimagen.net\/index.php?rest_route=%2Fwp%2Fv2%2Fcomments&post=717010"}],"version-history":[{"count":1,"href":"https:\/\/www.diarioimagen.net\/index.php?rest_route=\/wp\/v2\/posts\/717010\/revisions"}],"predecessor-version":[{"id":717012,"href":"https:\/\/www.diarioimagen.net\/index.php?rest_route=\/wp\/v2\/posts\/717010\/revisions\/717012"}],"wp:featuredmedia":[{"embeddable":true,"href":"https:\/\/www.diarioimagen.net\/index.php?rest_route=\/wp\/v2\/media\/717011"}],"wp:attachment":[{"href":"https:\/\/www.diarioimagen.net\/index.php?rest_route=%2Fwp%2Fv2%2Fmedia&parent=717010"}],"wp:term":[{"taxonomy":"category","embeddable":true,"href":"https:\/\/www.diarioimagen.net\/index.php?rest_route=%2Fwp%2Fv2%2Fcategories&post=717010"},{"taxonomy":"post_tag","embeddable":true,"href":"https:\/\/www.diarioimagen.net\/index.php?rest_route=%2Fwp%2Fv2%2Ftags&post=717010"}],"curies":[{"name":"wp","href":"https:\/\/api.w.org\/{rel}","templated":true}]}}