{"id":717013,"date":"2026-04-22T19:45:15","date_gmt":"2026-04-23T01:45:15","guid":{"rendered":"https:\/\/www.diarioimagen.net\/?p=717013"},"modified":"2026-04-22T19:45:15","modified_gmt":"2026-04-23T01:45:15","slug":"cocoro-y-su-pandilla-regresan-con-un-abrazo","status":"publish","type":"post","link":"https:\/\/www.diarioimagen.net\/?p=717013","title":{"rendered":"C\u00f3coro y su Pandilla regresan con \u201cUn Abrazo\u201d"},"content":{"rendered":"<ul>\n<li><strong>Una propuesta musical con valores para la infancia<\/strong><\/li>\n<li><strong>\u201cQueremos devolverlos a la ni\u00f1ez sin aislarlos, pero s\u00ed protegerlos de los mensajes que no son adecuados\u201d<\/strong><\/li>\n<\/ul>\n<div id=\"attachment_717014\" style=\"width: 201px\" class=\"wp-caption alignnone\"><img loading=\"lazy\" decoding=\"async\" aria-describedby=\"caption-attachment-717014\" class=\"wp-image-717014 size-large\" src=\"https:\/\/www.diarioimagen.net\/wp-content\/uploads\/2026\/04\/COCORO01-191x270.jpeg\" alt=\"\" width=\"191\" height=\"270\" srcset=\"https:\/\/www.diarioimagen.net\/wp-content\/uploads\/2026\/04\/COCORO01-191x270.jpeg 191w, https:\/\/www.diarioimagen.net\/wp-content\/uploads\/2026\/04\/COCORO01-170x240.jpeg 170w, https:\/\/www.diarioimagen.net\/wp-content\/uploads\/2026\/04\/COCORO01-768x1084.jpeg 768w, https:\/\/www.diarioimagen.net\/wp-content\/uploads\/2026\/04\/COCORO01-1088x1536.jpeg 1088w, https:\/\/www.diarioimagen.net\/wp-content\/uploads\/2026\/04\/COCORO01-1451x2048.jpeg 1451w, https:\/\/www.diarioimagen.net\/wp-content\/uploads\/2026\/04\/COCORO01-scaled.jpeg 1813w\" sizes=\"auto, (max-width: 191px) 100vw, 191px\" \/><p id=\"caption-attachment-717014\" class=\"wp-caption-text\">El nuevo sencillo \u201cUn Abrazo\u201d promueve la importancia del afecto y la expresi\u00f3n emocional en la infancia.<\/p><\/div>\n<p><strong>Por Arturo Arellano <\/strong><\/p>\n<p>&nbsp;<\/p>\n<p>C\u00f3coro y su Pandilla iniciaron una nueva etapa de la mano de CC Entertainment, marcando un momento clave en la evoluci\u00f3n del proyecto con una renovaci\u00f3n de imagen, una propuesta musical renovada y el lanzamiento de nuevos contenidos dirigidos al p\u00fablico infantil y familiar.<\/p>\n<p>&nbsp;<\/p>\n<p>La nueva fase arranc\u00f3 con \u201cUn Abrazo\u201d, una canci\u00f3n que transmite la importancia del cari\u00f1o, la cercan\u00eda y el amor como elementos fundamentales para el bienestar emocional. El sencillo busca motivar a los ni\u00f1os a expresar sus emociones, conectar con los dem\u00e1s y reconocer el valor de un gesto tan simple como un abrazo.<\/p>\n<p>&nbsp;<\/p>\n<p>\u201cEs un renacimiento de C\u00f3coro y su pandilla. Es algo s\u00faper interesante: queremos m\u00fasica moderna, fresca, con canciones que conecten con los ni\u00f1os, pero con letras que lleven valores, mensajes, siempre algo educativo. Y al mismo tiempo que lo disfruten los padres de familia\u201d, explic\u00f3 Karla, l\u00edder del proyecto en entrevista.<\/p>\n<p>&nbsp;<\/p>\n<p><strong>El reto de conectar <\/strong><strong>con nuevas infancias<\/strong><\/p>\n<p><strong>\u00a0<\/strong><\/p>\n<p>Actualmente, el proyecto ya cuenta con m\u00fasica disponible en plataformas digitales que abarca desde el juego con el lenguaje en \u201cChirulero Chipocludo\u201d, mensajes de autoestima en \u201cGood Luck\u201d, hasta temas sobre afecto y v\u00ednculos en \u201cFlores Amarillas\u201d y aprendizaje del mundo en \u201cLos Planetas\u201d. En conjunto, estos temas suman m\u00e1s de 8.4 mil reproducciones.<\/p>\n<p>&nbsp;<\/p>\n<p>Sin embargo, el contexto actual representa un desaf\u00edo \u201cEl reto es conectar con los nuevos gustos, porque yo veo que ahora los ni\u00f1os crecen rapid\u00edsimo por todo el alcance que tienen en redes sociales. Siento que cada vez la ni\u00f1ez dura menos, ni\u00f1os de cinco a\u00f1os escuchando letras de grandes. Entonces el reto es devolverlos a la ni\u00f1ez sin aislarlos, pero s\u00ed protegerlos de los mensajes que no son adecuados\u201d, se\u00f1al\u00f3.<\/p>\n<p>&nbsp;<\/p>\n<p>A pesar de ser una propuesta reciente, la respuesta ha sido positiva \u201cTenemos muy poco de este regreso y ha sido algo que la gente poco a poco ir\u00e1 adoptando, porque si bien es una propuesta diferente con una canci\u00f3n por semana, es un poco complicado que las escuchen de nuevo. Hasta ahora a la gente le gusta, agradecen que haya temas sobre los abrazos, sobre las bendiciones que tenemos, sobre la valent\u00eda, el valor que tenemos. Los comentarios que llegan son muy buenos, porque tocamos temas diferentes\u201d, coment\u00f3.<\/p>\n<p>&nbsp;<\/p>\n<p><strong>M\u00fasica con valores y emociones<\/strong><\/p>\n<p><strong>\u00a0<\/strong><\/p>\n<p>En un entorno donde el contenido infantil est\u00e1 bajo la lupa, C\u00f3coro busca diferenciarse al ofrecer propuestas con valor educativo y emocional.<\/p>\n<p>&nbsp;<\/p>\n<p>\u201cLo m\u00e1s importante es sembrar los valores: empat\u00eda, respeto, que no hagan bullying, que pensemos en los otros y en ti mismo, en valorarlos. Muchas veces por darle gusto a los adultos, se hacen chiquitos con una autoestima baja. Queremos que los ni\u00f1os sepan que los sentimientos tienen valor, que pueden expresarse. Eso lo trabajamos con la m\u00fasica, que conecten con nuestros personajes\u201d, explic\u00f3 Karla.<\/p>\n<p>&nbsp;<\/p>\n<p>El proyecto tambi\u00e9n apuesta por una estrategia digital enfocada principalmente en YouTube \u201cIniciamos nuestra plataforma m\u00e1s fuerte en YouTube, donde hemos crecido mucho, afortunadamente ya tenemos m\u00e1s de 2 millones de suscriptores. Tambi\u00e9n estamos en TikTok, Instagram y Facebook, pero no es tanta nuestra presencia porque no es tan f\u00e1cil que los pap\u00e1s les dejen esas plataformas a sus ni\u00f1os, porque ah\u00ed est\u00e1n m\u00e1s expuestos. En YouTube contamos historias, les presentamos a los personajes\u201d, detall\u00f3.<\/p>\n<p>&nbsp;<\/p>\n<p><strong>Un show en puerta<\/strong><\/p>\n<p><strong>\u00a0<\/strong><\/p>\n<p>Como parte de esta nueva etapa, C\u00f3coro y su Pandilla prepara un espect\u00e1culo en vivo que busca ampliar la experiencia del p\u00fablico \u201cEstamos preparando un show que va a estar incre\u00edble, con una nueva propuesta. Son canciones nuevas adaptadas al nuevo estilo, duran un minuto o un minuto y medio, la propuesta en el show es contar una historia a trav\u00e9s de la m\u00fasica\u201d, adelant\u00f3.<\/p>\n<p>&nbsp;<\/p>\n<p>El concierto incluir\u00e1 m\u00e1s de treinta temas y una fuerte carga esc\u00e9nica \u201cSer\u00eda un concierto muy coreogr\u00e1fico. La gente se va a conectar con nosotros, ser\u00e1n parte del show. Ser\u00eda en la Ciudad de M\u00e9xico y despu\u00e9s una gira por el Baj\u00edo y ciudades cercanas\u201d, concluy\u00f3.<\/p>\n<p>&nbsp;<\/p>\n<p><strong>\u00a0<\/strong><\/p>\n<p><strong>\u00a0<\/strong><\/p>\n","protected":false},"excerpt":{"rendered":"<p>Una propuesta musical con valores para la infancia \u201cQueremos devolverlos a la ni\u00f1ez sin aislarlos, pero s\u00ed protegerlos de los mensajes que no son adecuados\u201d Por Arturo Arellano &nbsp; C\u00f3coro y su Pandilla iniciaron una nueva etapa de la mano de CC Entertainment, marcando un momento clave en la evoluci\u00f3n del proyecto con una renovaci\u00f3n [&hellip;]<\/p>\n","protected":false},"author":14,"featured_media":717014,"comment_status":"open","ping_status":"open","sticky":false,"template":"","format":"standard","meta":{"_monsterinsights_skip_tracking":false,"_monsterinsights_sitenote_active":false,"_monsterinsights_sitenote_note":"","_monsterinsights_sitenote_category":0,"footnotes":""},"categories":[16,12],"tags":[],"class_list":["post-717013","post","type-post","status-publish","format-standard","has-post-thumbnail","hentry","category-destacadas","category-espectaculos"],"_links":{"self":[{"href":"https:\/\/www.diarioimagen.net\/index.php?rest_route=\/wp\/v2\/posts\/717013","targetHints":{"allow":["GET"]}}],"collection":[{"href":"https:\/\/www.diarioimagen.net\/index.php?rest_route=\/wp\/v2\/posts"}],"about":[{"href":"https:\/\/www.diarioimagen.net\/index.php?rest_route=\/wp\/v2\/types\/post"}],"author":[{"embeddable":true,"href":"https:\/\/www.diarioimagen.net\/index.php?rest_route=\/wp\/v2\/users\/14"}],"replies":[{"embeddable":true,"href":"https:\/\/www.diarioimagen.net\/index.php?rest_route=%2Fwp%2Fv2%2Fcomments&post=717013"}],"version-history":[{"count":1,"href":"https:\/\/www.diarioimagen.net\/index.php?rest_route=\/wp\/v2\/posts\/717013\/revisions"}],"predecessor-version":[{"id":717015,"href":"https:\/\/www.diarioimagen.net\/index.php?rest_route=\/wp\/v2\/posts\/717013\/revisions\/717015"}],"wp:featuredmedia":[{"embeddable":true,"href":"https:\/\/www.diarioimagen.net\/index.php?rest_route=\/wp\/v2\/media\/717014"}],"wp:attachment":[{"href":"https:\/\/www.diarioimagen.net\/index.php?rest_route=%2Fwp%2Fv2%2Fmedia&parent=717013"}],"wp:term":[{"taxonomy":"category","embeddable":true,"href":"https:\/\/www.diarioimagen.net\/index.php?rest_route=%2Fwp%2Fv2%2Fcategories&post=717013"},{"taxonomy":"post_tag","embeddable":true,"href":"https:\/\/www.diarioimagen.net\/index.php?rest_route=%2Fwp%2Fv2%2Ftags&post=717013"}],"curies":[{"name":"wp","href":"https:\/\/api.w.org\/{rel}","templated":true}]}}