{"id":717029,"date":"2026-04-22T20:21:19","date_gmt":"2026-04-23T02:21:19","guid":{"rendered":"https:\/\/www.diarioimagen.net\/?p=717029"},"modified":"2026-04-22T20:21:19","modified_gmt":"2026-04-23T02:21:19","slug":"nadie-puede-obligar-a-la-gobernadora-de-chihuahua-a-comparecer-ante-el-senado","status":"publish","type":"post","link":"https:\/\/www.diarioimagen.net\/?p=717029","title":{"rendered":"Nadie puede obligar a la gobernadora  de Chihuahua a comparecer ante el Senado"},"content":{"rendered":"<p><strong>\u00a0<\/strong><\/p>\n<p><strong>CLASE POLITICA <\/strong>Miguel \u00c1ngel Rivera<\/p>\n<p><strong>\u00a0<\/strong><\/p>\n<p>&nbsp;<\/p>\n<p>Aunque se trata de \u201cun llamado a misa\u201d, los \u201cduros\u201d de Morena se esfuerzan en tratar de convertir al Senado en un tribunal, para juzgar a la gobernadora de Chihuahua, Mar\u00eda Eugenia Campo\u00a0Galv\u00e1n, conocida popularmente como Maru Campos, por la suposici\u00f3n de que permiti\u00f3 que agentes extranjeros, concretamente de los Estados Unidos, participaran en acciones contra organizaciones dedicadas al narcotr\u00e1fico.<\/p>\n<p>De antemano se sabe que no hay manera de que se obligue a la mandataria chihuahuense a comparecer ante los integrantes de la pomposamente llamada C\u00e1mara alta, pero lo que importa es debilitar a esa figura de la oposici\u00f3n y tratar de conquistar el gobierno de ese estado que es hasta ahora una de las pocas entidades federativas en donde Morena no ha tenido \u00e9xito, pues all\u00ed se han relevado en el gobierno s\u00f3lo el PRI y el PAN.<\/p>\n<p>De hecho, la actual mandataria fue impulsada por el PAN y aunque ha enfrentado severas cr\u00edticas de su antecesor Javier Corral Jurado \u2013quien inclusive renunci\u00f3 al partido azul y dio el salto a Morena\u2013 en lo general encabeza un gobierno bien calificado, que en la mayor parte de las encuestas aparece entre los diez mejores de la Rep\u00fablica, por lo que en las filas panistas se conf\u00eda en que abonar\u00e1 en beneficio del candidato de su partido en las elecciones venideras.<\/p>\n<p>Chihuahua es uno de los 17 estados que elegir\u00e1n nuevo gobernador en junio de 2027 y, como mencion\u00e9, Morena pretende sumarlo a su n\u00f3mina, por lo que desde hace tiempo ya tiene en campa\u00f1a a la senadora Andrea Ch\u00e1vez Trevi\u00f1o, quien ha gozado de pleno respaldo del ex coordinador de la bancada oficial en su C\u00e1mara, el muy criticado tabasque\u00f1o Ad\u00e1n Augusto L\u00f3pez Hern\u00e1ndez, el \u201chermano\u201d del caudillo de la llamada Cuarta Transformaci\u00f3n, Andr\u00e9s Manuel L\u00f3pez Obrador, de quien fue secretario de Gobernaci\u00f3n.<\/p>\n<p>Ch\u00e1vez Trevi\u00f1o est\u00e1 tan empe\u00f1ada en conquistar el gobierno de su estado que inclusive pidi\u00f3 licencia al Senado (adem\u00e1s de un avanzado embarazo) para dedicarse de tiempo a una campa\u00f1a que obviamente est\u00e1 fuera de los tiempos legales. Sus simpatizantes le conceden muchas posibilidades de triunfo, al tiempo que tiene gran resistencia dentro de su mismo partido, sobre todo del actual presidente municipal de la fronteriza Ciudad Ju\u00e1rez, Cruz P\u00e9rez Cu\u00e9llar, quien suma numerosas simpat\u00edas en las filas de Morena y, adem\u00e1s, tiene la ventaja de tener como base la ciudad m\u00e1s poblada de ese extenso estado norte\u00f1o.<\/p>\n<p>Pero, ese es otro asunto, lo actual es la embestida del oficialismo contra la gobernadora saliente.<\/p>\n<p>Primero, en la Comisi\u00f3n de Puntos Constitucionales aprob\u00f3 \u201cinvitar\u201d a la gobernadora Mar\u00eda Eugenia Campos y al fiscal chihuahuense C\u00e9sar J\u00e1uregui, a una reuni\u00f3n de trabajo el pr\u00f3ximo martes por la presunta participaci\u00f3n de dos agentes de la CIA en labores de seguridad dentro del estado sin autorizaci\u00f3n, los cuales fallecieron en un accidente carretero tras un operativo para desmantelar un narcolaboratorio en la Sierra Tarahumara.<\/p>\n<p>Ese acuerdo de comisiones fue turnado de inmediato al pleno de la C\u00e1mara, en donde gener\u00f3 una intensa discusi\u00f3n pol\u00edtica. De manera destacada, la defensa de los argumentos de Morena los encabez\u00f3 el mencionado ex gobernador chihuahuense Javier Corral, declarado pr\u00f3fugo de la justicia de su entidad, pero que se salv\u00f3 de ser aprehendido gracias a la protecci\u00f3n del gobierno \u201cmoreno\u201d de la Ciudad de M\u00e9xico.<\/p>\n<p>En contrario, se manifest\u00f3 el senador emecista Luis Donaldo Colosio Riojas, al precisar que \u201ceste pleno no deber\u00eda de estar votando este asunto, no por irrelevancia, sino porque, para empezar, la comisi\u00f3n que lo dictamin\u00f3 carece de la competencia para hacerlo.<\/p>\n<p>\u201cLa Comisi\u00f3n de Puntos Constitucionales tiene un objeto preciso muy bien definido y acotado, que es analizar y dictaminar asuntos de naturaleza estrictamente constitucional.<\/p>\n<p>\u201cPerd\u00f3n, pero ponerle cosas constitucionales al dictamen no lo hace materia constitucional\u201d\u2026, dijo Colosio, quien sentenci\u00f3:<\/p>\n<p>\u201cEstamos pas\u00e1ndonos por el Arco del Triunfo a la Constituci\u00f3n del estado libre y soberano de Chihuahua y la Constituci\u00f3n federal, adem\u00e1s.<\/p>\n<p>\u201cQuiero detenerme un momento tambi\u00e9n para voltear a ver un poquito el lenguaje que se utiliza en este dictamen, porque estamos diciendo que no se trata de ning\u00fan citatorio, \u00a1por favor!<\/p>\n<p>\u201cEsta cosa de una respetuosa invitaci\u00f3n que se le hace a la gobernadora mediante un punto de acuerdo pasado por la Comisi\u00f3n de Puntos Constitucionales, y posteriormente por el Pleno del Senado, es una completa simulaci\u00f3n, est\u00e1 matizando el lenguaje para decir que no la est\u00e1n citando de manera formal, cuando as\u00ed es.<\/p>\n<p>\u201cEstar\u00edamos sentando un grav\u00edsimo precedente en contra del federalismo en este Pleno, que es precisamente la casa del federalismo\u2026<\/p>\n<p>\u201cSi la motivaci\u00f3n realmente es de seguridad nacional, entonces el \u00f3rgano competente es la Comisi\u00f3n Bicameral de Seguridad Nacional, que por cierto no sea podido instalar todav\u00eda, pese a m\u00faltiples insistencias por parte de nuestro grupo legislativo\u201d, a\u00f1adi\u00f3 Colosio a sus denuncias.<\/p>\n<p>De manera sorpresiva, la bancada del PAN vot\u00f3 a favor de aprobar la \u201cinvitaci\u00f3n\u201d a la mandataria y al fiscal, pero revir\u00f3 con una solicitud similar, presentada por su coordinador, el ex candidato presidencial Ricaro Anaya Cort\u00e9s, para citar a los mandatarios\u00a0 \u201cmorenos\u201d de Sinaloa, Rub\u00e9n Rocha Cordero y de Baja California, Marina del Pilar \u00c1vila, a los que calific\u00f3 de \u201cnarcogobernadores\u201d.<\/p>\n<p>Al justificar la decisi\u00f3n de su bancada, Anaya Cort\u00e9s retom\u00f3 lo se\u00f1alado por Colosio, en el sentido de que \u201cel Senado de la Rep\u00fablica no tiene facultades para citar gobernadoras y gobernadores de los estados.<\/p>\n<p>\u201cAunque Morena no lo entienda, vivimos en una Federaci\u00f3n con estados libres y soberanos, no vivimos en un estado unitario\u201d, declar\u00f3 el coordinador panista, quien continu\u00f3: \u201cvamos a votar a favor porque el que nada debe nada teme, porque estamos orgullosos del trabajo de la gobernadora de Chihuahua, porque va a ser una extraordinaria oportunidad para que ella les explique c\u00f3mo es que en Chihuahua s\u00ed se combate al crimen organizado. C\u00f3mo en Chihuahua no se pacta con los narcotraficantes\u201d.<\/p>\n<p>Enseguida, Anaya agreg\u00f3 la propuesta de que tambi\u00e9n se cite a los gobernadores de Sinaloa y Baja California y les indic\u00f3 a los senadores oficialistas que si quieren saber c\u00f3mo y para qu\u00e9 entraron los agentes extranjeros \u201cno se los va a poder responder Maru Campos. Eso se los puede responder el Instituto Nacional de Migraci\u00f3n del gobierno de Morena\u201d.<\/p>\n<p>De hecho, lo expuesto por los senadores de oposici\u00f3n, ya hab\u00eda sido admitido por el presidente de la Comisi\u00f3n de Puntos Constitucionales, el senador por Tabasco, el ex priista \u00d3scar Cant\u00f3n Zetina, quien desde un d\u00eda antes, en una entrevista para un programa de Telef\u00f3rmula, admiti\u00f3 que el Senado no tiene facultades para citar a un gobernador y que, en todo caso, se har\u00eda una \u201cinvitaci\u00f3n\u201d.<\/p>\n<p>Posiblemente por las presiones dentro de su bancada, el referido Cant\u00f3n Zetina tuvo que organizar la reuni\u00f3n en la que se aprob\u00f3 el citatorio y luego, justificarlo ante el Pleno.<\/p>\n<p>Primero, precis\u00f3 que la propuesta para convocar a la mandataria la present\u00f3 el tambi\u00e9n senador por Chihuahua, de Morena, Carlos Loera.<\/p>\n<p>Luego hizo un recuento de las dudas surgidas respecto a lo sucedido en ese estado norte\u00f1o y explic\u00f3 que \u201cpor eso fue que en el seno de esta comisi\u00f3n dictaminadora se entendi\u00f3 que deb\u00eda proceder esa invitaci\u00f3n respetuosa\u201d.<\/p>\n<p>En resumen, la gobernadora y el fiscal est\u00e1n en su derecho de decidir si acuden o no a ese llamado del \u00f3rgano del Poder Judicial. A fin de cuentas, el fondo del asunto es tratar descalificar a la mandataria panista y exhibirla ante la opini\u00f3n p\u00fablica como violadora de la sacrosanta soberan\u00eda de la que la 4T intenta aparecer como \u00fanica defensora.<\/p>\n<p>Mientras tanto, siguen los cambios en la dirigencia nacional de Morena.<\/p>\n<p>Al nombramiento de Citlalli Hern\u00e1ndez Mora, como encargada de las negociaciones con los sat\u00e9lites de Morena, el PT y el PVEM, le sigui\u00f3 la remoci\u00f3n de la presidenta nacional del partido, Luisa Mar\u00eda Alcalde Luj\u00e1n.<\/p>\n<p>La presidenta (con A) Claudia Sheinbaum Pardo inform\u00f3 que la hab\u00eda nombrado consejera jur\u00eddica, en relevo de Esthela Dami\u00e1n Peralta, quien va a hacer campa\u00f1a para gobernadora de Guerrero, lo que deja fuera a F\u00e9lix Salgado Macedonio.<\/p>\n<p>Sheinbaum dedic\u00f3 elogios al trabajo de Alcalde Luj\u00e1n. Entonces \u00bfpor qu\u00e9 la remueve?<\/p>\n<p>\u00bfY \u201cno me digan Andy\u201d?<\/p>\n<p>&nbsp;<\/p>\n<p>&nbsp;<\/p>\n<p>&nbsp;<\/p>\n","protected":false},"excerpt":{"rendered":"<p>\u00a0 CLASE POLITICA Miguel \u00c1ngel Rivera \u00a0 &nbsp; Aunque se trata de \u201cun llamado a misa\u201d, los \u201cduros\u201d de Morena se esfuerzan en tratar de convertir al Senado en un tribunal, para juzgar a la gobernadora de Chihuahua, Mar\u00eda Eugenia Campo\u00a0Galv\u00e1n, conocida popularmente como Maru Campos, por la suposici\u00f3n de que permiti\u00f3 que agentes extranjeros, [&hellip;]<\/p>\n","protected":false},"author":14,"featured_media":0,"comment_status":"open","ping_status":"open","sticky":false,"template":"","format":"standard","meta":{"_monsterinsights_skip_tracking":false,"_monsterinsights_sitenote_active":false,"_monsterinsights_sitenote_note":"","_monsterinsights_sitenote_category":0,"footnotes":""},"categories":[84119,4],"tags":[],"class_list":["post-717029","post","type-post","status-publish","format-standard","hentry","category-miguel-angel-rivera","category-opinion"],"_links":{"self":[{"href":"https:\/\/www.diarioimagen.net\/index.php?rest_route=\/wp\/v2\/posts\/717029","targetHints":{"allow":["GET"]}}],"collection":[{"href":"https:\/\/www.diarioimagen.net\/index.php?rest_route=\/wp\/v2\/posts"}],"about":[{"href":"https:\/\/www.diarioimagen.net\/index.php?rest_route=\/wp\/v2\/types\/post"}],"author":[{"embeddable":true,"href":"https:\/\/www.diarioimagen.net\/index.php?rest_route=\/wp\/v2\/users\/14"}],"replies":[{"embeddable":true,"href":"https:\/\/www.diarioimagen.net\/index.php?rest_route=%2Fwp%2Fv2%2Fcomments&post=717029"}],"version-history":[{"count":1,"href":"https:\/\/www.diarioimagen.net\/index.php?rest_route=\/wp\/v2\/posts\/717029\/revisions"}],"predecessor-version":[{"id":717030,"href":"https:\/\/www.diarioimagen.net\/index.php?rest_route=\/wp\/v2\/posts\/717029\/revisions\/717030"}],"wp:attachment":[{"href":"https:\/\/www.diarioimagen.net\/index.php?rest_route=%2Fwp%2Fv2%2Fmedia&parent=717029"}],"wp:term":[{"taxonomy":"category","embeddable":true,"href":"https:\/\/www.diarioimagen.net\/index.php?rest_route=%2Fwp%2Fv2%2Fcategories&post=717029"},{"taxonomy":"post_tag","embeddable":true,"href":"https:\/\/www.diarioimagen.net\/index.php?rest_route=%2Fwp%2Fv2%2Ftags&post=717029"}],"curies":[{"name":"wp","href":"https:\/\/api.w.org\/{rel}","templated":true}]}}