{"id":717042,"date":"2026-04-22T20:50:41","date_gmt":"2026-04-23T02:50:41","guid":{"rendered":"https:\/\/www.diarioimagen.net\/?p=717042"},"modified":"2026-04-22T20:50:41","modified_gmt":"2026-04-23T02:50:41","slug":"que-lindo-es-mi-mexico-llega-al-teatro-las-torres","status":"publish","type":"post","link":"https:\/\/www.diarioimagen.net\/?p=717042","title":{"rendered":"\u00a1Qu\u00e9 lindo es mi M\u00e9xico&#8230;! llega al Teatro Las Torres"},"content":{"rendered":"<ul>\n<li><strong>Con Humberto Cravioto como padrino de los nuevos talentos<\/strong><\/li>\n<li><strong>Se presentar\u00e1n 15 nuevos exponentes de la m\u00fasica tradicional<\/strong><\/li>\n<\/ul>\n<p><em> <img loading=\"lazy\" decoding=\"async\" class=\"alignnone wp-image-717044 size-large\" src=\"https:\/\/www.diarioimagen.net\/wp-content\/uploads\/2026\/04\/MI-MEXICO-03-360x270.jpeg\" alt=\"\" width=\"360\" height=\"270\" srcset=\"https:\/\/www.diarioimagen.net\/wp-content\/uploads\/2026\/04\/MI-MEXICO-03-360x270.jpeg 360w, https:\/\/www.diarioimagen.net\/wp-content\/uploads\/2026\/04\/MI-MEXICO-03-240x180.jpeg 240w, https:\/\/www.diarioimagen.net\/wp-content\/uploads\/2026\/04\/MI-MEXICO-03-768x576.jpeg 768w, https:\/\/www.diarioimagen.net\/wp-content\/uploads\/2026\/04\/MI-MEXICO-03.jpeg 1260w\" sizes=\"auto, (max-width: 360px) 100vw, 360px\" \/><\/em><\/p>\n<p><em>Por: Asael Grande<\/em><\/p>\n<p>\u00a1Qu\u00e9 espect\u00e1culo tan vibrante se prepara en Sat\u00e9lite! El evento \u00a1Qu\u00e9 lindo es mi M\u00e9xico! \u201cLos Grandes Talentos de M\u00e9xico\u201d se presentar\u00e1 el pr\u00f3ximo 1 de mayo a las 18 hrs. en el Teatro Las Torres (ubicado en Cto. Circunvalaci\u00f3n Ote. 10, Ciudad Sat\u00e9lite, Naucalpan, Estado de M\u00e9xico). El concierto contar\u00e1 con la presencia de Humberto Cravioto, una de las voces m\u00e1s privilegiadas de M\u00e9xico, como padrino de los nuevos talentos.<\/p>\n<p>Se presentar\u00e1n 15 nuevos talentos de la m\u00fasica tradicional; acompa\u00f1amiento musical de Mariachi y la participaci\u00f3n de un Ballet Folkl\u00f3rico. Invitados especiales como el tenor internacional (reconocido como uno de los tres tenores mexicanos junto a Alberto \u00c1ngel \u201cEl Cuervo\u201d y Valente Pastor), descendientes de compositores ic\u00f3nicos como Guillermo Oteo Esparza y los hijos de Tom\u00e1s M\u00e9ndez.<\/p>\n<p>En conferencia de prensa, Mary S\u00e1nchez, conocida como \u201cLa Perla de la M\u00fasica Mexicana\u201d, creadora del espect\u00e1culo, \u00a1Qu\u00e9 lindo es mi M\u00e9xico! \u201cLos Grandes Talentos de M\u00e9xico\u201d, coment\u00f3: \u201c<em>se trata de promover a todos nuestros talentos, hay unos que ya tienen m\u00e1s experiencia; hay otros que apenas van con la ilusi\u00f3n de estar en un teatro, en un escenario, en donde su talento sea apreciado; Adri\u00e1n Alonso nos hace el favor de apoyarnos con el Teatro Las Torres; siempre he sido una gran so\u00f1adora, tengo veinte a\u00f1os de trayectoria como cantante, ocho a\u00f1os como conductora, y cuatro a\u00f1os como directora y creadora del programa \u2018Qu\u00e9 lindo es mi M\u00e9xico!\u2019, que cada vez va con m\u00e1s \u00e9xito en el Canal 22 M\u00e9xico, y Canal 22 Internacional, y Canal TV Migrante; cuando empec\u00e9 esta carrera me encontr\u00e9 con gente que \u2018promete las estrellas\u2019 sin que tengan el m\u00e9rito, a m\u00ed me gusta apoyar a los talentos, me siento muy orgullosa de apoyarlos, tienen mucho talento<\/em>\u201d.<\/p>\n<p>Por su parte, el destacado tenor y cantante Humberto Cravioto, quien apadrinar\u00e1 a todos los participantes e interpretar\u00e1 algunas canciones de m\u00fasica vern\u00e1cula, destac\u00f3: \u201c<em>quiero agradecer a Mary S\u00e1nchez, la conductora de este hermos\u00edsimo programa, \u00a1Qu\u00e9 lindo es mi M\u00e9xico!, que en esta ocasi\u00f3n tendr\u00e1 a talentos, no tan conocidos, que ya han luchado por alg\u00fan tiempo, y tienen que seguir pelda\u00f1o por pelda\u00f1o, escal\u00f3n por escal\u00f3n, porque en esta carrera no se sube en elevador, sino por la escalera, poco a poco; nosotros, tanto Mary como yo, no estamos lucrando con nada, yo vengo aqu\u00ed con todo mi coraz\u00f3n y con todo el alma, a servir y a tratar de ayudar a los nuevos talentos, y a la m\u00fasica que adoramos, y que queremos, que es la m\u00fasica mexicana, entonces, venimos a dar algo que vale m\u00e1s que cualquier dinero, que el oro, que todo lo que podamos tener\u00a0 el tiempo, porque el tiempo no se repone, el tiempo es lo m\u00e1s valioso que hay; espero que a los nuevos talentos les vaya muy bien, yo he tenido dentro de mi carrera la suerte de apadrinar a gente que ha sido muy popular, como Mary S\u00e1nchez, pero tambi\u00e9n a Aida Cuevas, a Rodrigo de la Cadena; Mary S\u00e1nchez jam\u00e1s etiqueta a nadie, ella tiende la mano en un programa muy popular en el Canal 22; para ella y para m\u00ed, todos ustedes los nuevos talentos, tienen un gran valor\u201d. <\/em>Las entradas para \u00a1Qu\u00e9 lindo es mi M\u00e9xico! \u201cLos Grandes Talentos de M\u00e9xico\u201d, est\u00e1n disponibles a trav\u00e9s de la plataforma TicketPoint.mx.<\/p>\n","protected":false},"excerpt":{"rendered":"<p>Con Humberto Cravioto como padrino de los nuevos talentos Se presentar\u00e1n 15 nuevos exponentes de la m\u00fasica tradicional Por: Asael Grande \u00a1Qu\u00e9 espect\u00e1culo tan vibrante se prepara en Sat\u00e9lite! El evento \u00a1Qu\u00e9 lindo es mi M\u00e9xico! \u201cLos Grandes Talentos de M\u00e9xico\u201d se presentar\u00e1 el pr\u00f3ximo 1 de mayo a las 18 hrs. en el Teatro [&hellip;]<\/p>\n","protected":false},"author":14,"featured_media":717044,"comment_status":"open","ping_status":"open","sticky":false,"template":"","format":"standard","meta":{"_monsterinsights_skip_tracking":false,"_monsterinsights_sitenote_active":false,"_monsterinsights_sitenote_note":"","_monsterinsights_sitenote_category":0,"footnotes":""},"categories":[16,12],"tags":[],"class_list":["post-717042","post","type-post","status-publish","format-standard","has-post-thumbnail","hentry","category-destacadas","category-espectaculos"],"_links":{"self":[{"href":"https:\/\/www.diarioimagen.net\/index.php?rest_route=\/wp\/v2\/posts\/717042","targetHints":{"allow":["GET"]}}],"collection":[{"href":"https:\/\/www.diarioimagen.net\/index.php?rest_route=\/wp\/v2\/posts"}],"about":[{"href":"https:\/\/www.diarioimagen.net\/index.php?rest_route=\/wp\/v2\/types\/post"}],"author":[{"embeddable":true,"href":"https:\/\/www.diarioimagen.net\/index.php?rest_route=\/wp\/v2\/users\/14"}],"replies":[{"embeddable":true,"href":"https:\/\/www.diarioimagen.net\/index.php?rest_route=%2Fwp%2Fv2%2Fcomments&post=717042"}],"version-history":[{"count":1,"href":"https:\/\/www.diarioimagen.net\/index.php?rest_route=\/wp\/v2\/posts\/717042\/revisions"}],"predecessor-version":[{"id":717045,"href":"https:\/\/www.diarioimagen.net\/index.php?rest_route=\/wp\/v2\/posts\/717042\/revisions\/717045"}],"wp:featuredmedia":[{"embeddable":true,"href":"https:\/\/www.diarioimagen.net\/index.php?rest_route=\/wp\/v2\/media\/717044"}],"wp:attachment":[{"href":"https:\/\/www.diarioimagen.net\/index.php?rest_route=%2Fwp%2Fv2%2Fmedia&parent=717042"}],"wp:term":[{"taxonomy":"category","embeddable":true,"href":"https:\/\/www.diarioimagen.net\/index.php?rest_route=%2Fwp%2Fv2%2Fcategories&post=717042"},{"taxonomy":"post_tag","embeddable":true,"href":"https:\/\/www.diarioimagen.net\/index.php?rest_route=%2Fwp%2Fv2%2Ftags&post=717042"}],"curies":[{"name":"wp","href":"https:\/\/api.w.org\/{rel}","templated":true}]}}