{"id":717049,"date":"2026-04-22T20:58:00","date_gmt":"2026-04-23T02:58:00","guid":{"rendered":"https:\/\/www.diarioimagen.net\/?p=717049"},"modified":"2026-04-22T20:58:00","modified_gmt":"2026-04-23T02:58:00","slug":"pagan-los-pobres","status":"publish","type":"post","link":"https:\/\/www.diarioimagen.net\/?p=717049","title":{"rendered":"Pagan los pobres"},"content":{"rendered":"<p><strong>Aunque Pese\u00a0<\/strong> Salvador Mart\u00ednez G.<\/p>\n<p>&nbsp;<\/p>\n<p>&nbsp;<\/p>\n<p>&nbsp;<\/p>\n<p>En un mundo donde el 60 por ciento de la poblaci\u00f3n vive con menos de 10 d\u00f3lares al d\u00eda, una guerra como la iniciada por Estados Unidos e Israel contra Ir\u00e1n no es s\u00f3lo una decisi\u00f3n b\u00e9lica, imperialista y expansionista, sino una condena econ\u00f3mica para miles de millones de personas ajenas al conflicto en todo el orbe.<\/p>\n<p>Las cifras del FMI o del Banco de Pagos Internacionales (BIS, por sus siglas en ingl\u00e9s) son definitivas: la inflaci\u00f3n por la guerra erosiona el poder adquisitivo de los m\u00e1s pobres 10 veces m\u00e1s r\u00e1pido que el de los m\u00e1s ricos, quienes pueden refugiarse en activos duros y bonos indexados.<\/p>\n<p>La historia econ\u00f3mica reciente ha ense\u00f1ado que las guerras actuales no se circunscriben a la l\u00ednea del frente, sino en el supermercado del sur global o en el abasto de gasolina del ciudadano estadounidense.<\/p>\n<p>A diferencia de los an\u00e1lisis geopol\u00edticos, una perspectiva social de los efectos de la guerra exige medir el costo en desigualdad, pues mientras aumenta la pobreza, un pu\u00f1ado de magnates del petr\u00f3leo y de las bolsas hinchan sus carteras.<\/p>\n<p>En estas guerras, la de Ir\u00e1n y tambi\u00e9n la de Ucrania, el enemigo no viste uniforme verde, sino traje y corbata en una junta directiva de una petrolera celebrando su nuevo r\u00e9cord de ingresos trimestrales. Ahora el precio del barril del crudo ronda los 100 d\u00f3lares para regocijo de unos cuantos y el padecimiento de los m\u00e1s.<\/p>\n<p>Lo ideal ser\u00eda una soluci\u00f3n pactada a los conflictos b\u00e9licos vigentes, pero ello dista mucho de ser posible.<\/p>\n<p><strong>Susurros<\/strong><\/p>\n<p>&nbsp;<\/p>\n<p>En el \u00faltimo quinquenio, del 2020 al 2025, la inversi\u00f3n china en M\u00e9xico gener\u00f3 157 mil 138 empleos, el mayor n\u00famero de puestos de trabajo en relaci\u00f3n con cualquier otro pa\u00eds de Latinoam\u00e9rica.<\/p>\n<p>En Brasil, China gener\u00f3 56 mil 938 empleos, pero en d\u00f3lares la inversi\u00f3n en la naci\u00f3n sudamericana acumul\u00f3 20 mil 87 millones de d\u00f3lares, m\u00e1s de los 11 mil 567 millones aportados a nuestro pa\u00eds en el mismo periodo mencionado.<\/p>\n<p>Sin embargo, es dif\u00edcil que la tendencia de inversi\u00f3n china en M\u00e9xico se mantenga para este lustro, del 2026 al 2030, principalmente por las presiones de Washington a nuestro pa\u00eds por la influencia del gigante asi\u00e1tico, as\u00ed como por pol\u00edticas arancelarias y las condiciones impuestas en la revisi\u00f3n del T-MEC.<\/p>\n<p>Lo ideal ser\u00eda aumentar la inversi\u00f3n china y de otras naciones, pero Washington dif\u00edcilmente lo permitir\u00e1 al pretender las ganancias de le\u00f3n y dejar para sus socios comerciales las migajas del rat\u00f3n. En los pr\u00f3ximos a\u00f1os se ver\u00e1.<\/p>\n<p>&nbsp;<\/p>\n<p>&nbsp;<\/p>\n<p>salvadormartinez@visionmx.com<\/p>\n<p>X: @salvador_mtz<\/p>\n","protected":false},"excerpt":{"rendered":"<p>Aunque Pese\u00a0 Salvador Mart\u00ednez G. &nbsp; &nbsp; &nbsp; En un mundo donde el 60 por ciento de la poblaci\u00f3n vive con menos de 10 d\u00f3lares al d\u00eda, una guerra como la iniciada por Estados Unidos e Israel contra Ir\u00e1n no es s\u00f3lo una decisi\u00f3n b\u00e9lica, imperialista y expansionista, sino una condena econ\u00f3mica para miles de [&hellip;]<\/p>\n","protected":false},"author":14,"featured_media":0,"comment_status":"open","ping_status":"open","sticky":false,"template":"","format":"standard","meta":{"_monsterinsights_skip_tracking":false,"_monsterinsights_sitenote_active":false,"_monsterinsights_sitenote_note":"","_monsterinsights_sitenote_category":0,"footnotes":""},"categories":[4,96743],"tags":[],"class_list":["post-717049","post","type-post","status-publish","format-standard","hentry","category-opinion","category-salvador-martinez-garcia"],"_links":{"self":[{"href":"https:\/\/www.diarioimagen.net\/index.php?rest_route=\/wp\/v2\/posts\/717049","targetHints":{"allow":["GET"]}}],"collection":[{"href":"https:\/\/www.diarioimagen.net\/index.php?rest_route=\/wp\/v2\/posts"}],"about":[{"href":"https:\/\/www.diarioimagen.net\/index.php?rest_route=\/wp\/v2\/types\/post"}],"author":[{"embeddable":true,"href":"https:\/\/www.diarioimagen.net\/index.php?rest_route=\/wp\/v2\/users\/14"}],"replies":[{"embeddable":true,"href":"https:\/\/www.diarioimagen.net\/index.php?rest_route=%2Fwp%2Fv2%2Fcomments&post=717049"}],"version-history":[{"count":1,"href":"https:\/\/www.diarioimagen.net\/index.php?rest_route=\/wp\/v2\/posts\/717049\/revisions"}],"predecessor-version":[{"id":717050,"href":"https:\/\/www.diarioimagen.net\/index.php?rest_route=\/wp\/v2\/posts\/717049\/revisions\/717050"}],"wp:attachment":[{"href":"https:\/\/www.diarioimagen.net\/index.php?rest_route=%2Fwp%2Fv2%2Fmedia&parent=717049"}],"wp:term":[{"taxonomy":"category","embeddable":true,"href":"https:\/\/www.diarioimagen.net\/index.php?rest_route=%2Fwp%2Fv2%2Fcategories&post=717049"},{"taxonomy":"post_tag","embeddable":true,"href":"https:\/\/www.diarioimagen.net\/index.php?rest_route=%2Fwp%2Fv2%2Ftags&post=717049"}],"curies":[{"name":"wp","href":"https:\/\/api.w.org\/{rel}","templated":true}]}}