{"id":717052,"date":"2026-04-22T21:01:33","date_gmt":"2026-04-23T03:01:33","guid":{"rendered":"https:\/\/www.diarioimagen.net\/?p=717052"},"modified":"2026-04-22T21:01:33","modified_gmt":"2026-04-23T03:01:33","slug":"organizaciones-feministas-demandan-eliminar-delito-de-aborto-en-todo-el-pais","status":"publish","type":"post","link":"https:\/\/www.diarioimagen.net\/?p=717052","title":{"rendered":"Organizaciones feministas demandan  eliminar delito de aborto en todo el pa\u00eds"},"content":{"rendered":"<p>&nbsp;<\/p>\n<ul>\n<li><strong>A 19 a\u00f1os de la despenalizaci\u00f3n parcial en CDMX<\/strong><\/li>\n<li><strong>Consideran necesario trascender la legislaci\u00f3n actual de las 12 semanas y atender criterios de la Corte<\/strong><\/li>\n<\/ul>\n<div id=\"attachment_717053\" style=\"width: 415px\" class=\"wp-caption alignnone\"><img loading=\"lazy\" decoding=\"async\" aria-describedby=\"caption-attachment-717053\" class=\"wp-image-717053 size-large\" src=\"https:\/\/www.diarioimagen.net\/wp-content\/uploads\/2026\/04\/ABORTO-ok-405x270.jpg\" alt=\"\" width=\"405\" height=\"270\" srcset=\"https:\/\/www.diarioimagen.net\/wp-content\/uploads\/2026\/04\/ABORTO-ok-405x270.jpg 405w, https:\/\/www.diarioimagen.net\/wp-content\/uploads\/2026\/04\/ABORTO-ok-240x160.jpg 240w, https:\/\/www.diarioimagen.net\/wp-content\/uploads\/2026\/04\/ABORTO-ok-768x512.jpg 768w, https:\/\/www.diarioimagen.net\/wp-content\/uploads\/2026\/04\/ABORTO-ok.jpg 1500w\" sizes=\"auto, (max-width: 405px) 100vw, 405px\" \/><p id=\"caption-attachment-717053\" class=\"wp-caption-text\">Mujeres participan en la marcha del d\u00eda de acci\u00f3n global por el acceso al aborto legal, seguro y gratuito, en Ciudad de M\u00e9xico (M\u00e9xico). Imagen de archivo. EFE\/S\u00e1shenka Guti\u00e9rrez<\/p><\/div>\n<p>&nbsp;<\/p>\n<p>Organizaciones feministas exigieron a las autoridades mexicanas eliminar el delito de aborto en todo el pa\u00eds, tal como orden\u00f3 la Suprema Corte en 2023, en el marco del 19 aniversario de la despenalizaci\u00f3n parcial del aborto en la Ciudad de M\u00e9xico.<\/p>\n<p>En un encuentro con medios, representantes de organizaciones civiles coincidieron en que este \u201clogro hist\u00f3rico\u201d resulta \u201cinsuficiente\u201d casi dos d\u00e9cadas despu\u00e9s, especialmente ante el auge de los movimientos conservadores en el mundo que suponen un riesgo de retroceso en los avances logrados.<\/p>\n<p>\u201cEs necesario trascender la legislaci\u00f3n actual de las 12 semanas, el siguiente paso debe ser la despenalizaci\u00f3n total del aborto del c\u00f3digo penal (\u2026) y la eliminaci\u00f3n del aborto del C\u00f3digo Penal federal, conforme a los criterios de la Suprema Corte de Justicia, para regular su atenci\u00f3n exclusivamente a trav\u00e9s del sector salud\u201d, expuso Alondra Carrasco, de REDefine M\u00e9xico.<\/p>\n<p>Patricia L\u00f3pez, coordinadora nacional de la Red por los Derechos Sexuales y Reproductivos en M\u00e9xico (Ddeser), coincidi\u00f3 en que \u201ces urgente y necesario\u201d que el modelo de la Ciudad de M\u00e9xico se transforme en la eliminaci\u00f3n del delito en el C\u00f3digo Penal \u201cpara seguir siendo un referente nacional, regional y global\u201d.<\/p>\n<p>El 24 de abril de 2007, la Ciudad de M\u00e9xico se convirti\u00f3 en la primera en despenalizar el aborto hasta las 12 semanas.<\/p>\n<p>A esta decisi\u00f3n se han sumado 23 de los 32 estados del pa\u00eds, tras la sentencia hist\u00f3rica de la Suprema Corte que en 2023 declar\u00f3 inconstitucional criminalizar el derecho a decidir, y orden\u00f3 al Congreso federal eliminar el delito de aborto del C\u00f3digo Penal, lo \u00faltimo a\u00fan en pendientes legislativos.<\/p>\n<p>\u201cEliminar el delito de aborto no solo es una deuda pendiente, es tambi\u00e9n una oportunidad para consolidar a la Ciudad de M\u00e9xico como referente de derechos humanos\u201d, enfatiz\u00f3 Aid\u00e9 Garc\u00eda Hern\u00e1ndez, directora de Cat\u00f3licas por el Derecho a Decidir M\u00e9xico.<\/p>\n<p>Adem\u00e1s, se\u00f1al\u00f3 que quienes impulsaron la despenalizaci\u00f3n hace 19 a\u00f1os hoy ocupan cargos en la pol\u00edtica nacional, por lo que el avance hacia la eliminaci\u00f3n del delito tambi\u00e9n depende de las autoridades actuales.<\/p>\n<p>\u201cLa despenalizaci\u00f3n del aborto tambi\u00e9n fortalece trayectorias pol\u00edticas\u201d, indic\u00f3.<\/p>\n<p>En el evento tambi\u00e9n estuvieron presentes la secretaria de las Mujeres de la Ciudad de M\u00e9xico, Dafne Cuevas, y la secretaria de Salud capitalina, Nadine Gasman, quienes participaron en la despenalizaci\u00f3n en 2007 y hoy ocupan cargos p\u00fablicos.<\/p>\n<p>Cuevas mencion\u00f3 que el gobierno alista una ley sobre criminalizaci\u00f3n del aborto, de la que pr\u00f3ximamente se dar\u00e1n m\u00e1s detalles, con el objetivo de avanzar hacia la despenalizaci\u00f3n social y atender la criminalizaci\u00f3n a\u00fan vigente.<\/p>\n<p>Gasman afirm\u00f3 que la pol\u00edtica ha sido efectiva en la capital, con cerca de 30,000 procedimientos sin muertes maternas en 19 a\u00f1os, aunque reconoci\u00f3 que persisten brechas en el acceso.<\/p>\n<p>En noviembre de 2024, activistas y diputadas presentaron en el Congreso de la Ciudad de M\u00e9xico una iniciativa para eliminar el delito de aborto del C\u00f3digo Penal local, pero no avanz\u00f3.<\/p>\n<p>&nbsp;<\/p>\n<p><strong>\u00a0<\/strong><\/p>\n<p>&nbsp;<\/p>\n<p>&nbsp;<\/p>\n<p>&nbsp;<\/p>\n","protected":false},"excerpt":{"rendered":"<p>&nbsp; A 19 a\u00f1os de la despenalizaci\u00f3n parcial en CDMX Consideran necesario trascender la legislaci\u00f3n actual de las 12 semanas y atender criterios de la Corte &nbsp; Organizaciones feministas exigieron a las autoridades mexicanas eliminar el delito de aborto en todo el pa\u00eds, tal como orden\u00f3 la Suprema Corte en 2023, en el marco del [&hellip;]<\/p>\n","protected":false},"author":14,"featured_media":717053,"comment_status":"open","ping_status":"open","sticky":false,"template":"","format":"standard","meta":{"_monsterinsights_skip_tracking":false,"_monsterinsights_sitenote_active":false,"_monsterinsights_sitenote_note":"","_monsterinsights_sitenote_category":0,"footnotes":""},"categories":[877],"tags":[],"class_list":["post-717052","post","type-post","status-publish","format-standard","has-post-thumbnail","hentry","category-salud"],"_links":{"self":[{"href":"https:\/\/www.diarioimagen.net\/index.php?rest_route=\/wp\/v2\/posts\/717052","targetHints":{"allow":["GET"]}}],"collection":[{"href":"https:\/\/www.diarioimagen.net\/index.php?rest_route=\/wp\/v2\/posts"}],"about":[{"href":"https:\/\/www.diarioimagen.net\/index.php?rest_route=\/wp\/v2\/types\/post"}],"author":[{"embeddable":true,"href":"https:\/\/www.diarioimagen.net\/index.php?rest_route=\/wp\/v2\/users\/14"}],"replies":[{"embeddable":true,"href":"https:\/\/www.diarioimagen.net\/index.php?rest_route=%2Fwp%2Fv2%2Fcomments&post=717052"}],"version-history":[{"count":1,"href":"https:\/\/www.diarioimagen.net\/index.php?rest_route=\/wp\/v2\/posts\/717052\/revisions"}],"predecessor-version":[{"id":717054,"href":"https:\/\/www.diarioimagen.net\/index.php?rest_route=\/wp\/v2\/posts\/717052\/revisions\/717054"}],"wp:featuredmedia":[{"embeddable":true,"href":"https:\/\/www.diarioimagen.net\/index.php?rest_route=\/wp\/v2\/media\/717053"}],"wp:attachment":[{"href":"https:\/\/www.diarioimagen.net\/index.php?rest_route=%2Fwp%2Fv2%2Fmedia&parent=717052"}],"wp:term":[{"taxonomy":"category","embeddable":true,"href":"https:\/\/www.diarioimagen.net\/index.php?rest_route=%2Fwp%2Fv2%2Fcategories&post=717052"},{"taxonomy":"post_tag","embeddable":true,"href":"https:\/\/www.diarioimagen.net\/index.php?rest_route=%2Fwp%2Fv2%2Ftags&post=717052"}],"curies":[{"name":"wp","href":"https:\/\/api.w.org\/{rel}","templated":true}]}}