{"id":717055,"date":"2026-04-22T21:06:40","date_gmt":"2026-04-23T03:06:40","guid":{"rendered":"https:\/\/www.diarioimagen.net\/?p=717055"},"modified":"2026-04-22T21:06:40","modified_gmt":"2026-04-23T03:06:40","slug":"si-soy-yo-no-eres-tu-una-comedia-emocional-sobre-lo-que-dejamos-pasar","status":"publish","type":"post","link":"https:\/\/www.diarioimagen.net\/?p=717055","title":{"rendered":"S\u00ed soy yo, no eres t\u00fa  Una comedia emocional sobre lo que dejamos pasar"},"content":{"rendered":"<ul>\n<li><strong>Con Olivia Collins, Daniela Carvallo, Loreli Mancilla y Andy Mora<\/strong><\/li>\n<li><strong>La obra no habla de relaciones fallidas, sino de decisiones que se postergan.<\/strong><\/li>\n<\/ul>\n<p><img loading=\"lazy\" decoding=\"async\" class=\"alignnone wp-image-717056 size-large\" src=\"https:\/\/www.diarioimagen.net\/wp-content\/uploads\/2026\/04\/SI-SOY-YO-02-405x270.jpg\" alt=\"\" width=\"405\" height=\"270\" srcset=\"https:\/\/www.diarioimagen.net\/wp-content\/uploads\/2026\/04\/SI-SOY-YO-02-405x270.jpg 405w, https:\/\/www.diarioimagen.net\/wp-content\/uploads\/2026\/04\/SI-SOY-YO-02-240x160.jpg 240w, https:\/\/www.diarioimagen.net\/wp-content\/uploads\/2026\/04\/SI-SOY-YO-02-768x512.jpg 768w, https:\/\/www.diarioimagen.net\/wp-content\/uploads\/2026\/04\/SI-SOY-YO-02.jpg 1260w\" sizes=\"auto, (max-width: 405px) 100vw, 405px\" \/><\/p>\n<p>Si Soy Yo, No Eres T\u00fa es una comedia emocional contempor\u00e1nea que se adentra en algunos de los territorios m\u00e1s inc\u00f3modos \u2014y m\u00e1s frecuentes\u2014 de las relaciones afectivas: el narcisismo, la manipulaci\u00f3n emocional y la codependencia, din\u00e1micas que a menudo se normalizan y se confunden con amor.<\/p>\n<p>La obra no habla de relaciones fallidas, sino de decisiones que se postergan. Se\u00f1ales que se reconocen tarde, l\u00edmites que no se colocan y del miedo \u2014silencioso pero poderoso\u2014 a quedarse solo, a creer que \u201cnadie m\u00e1s nos va a querer\u201d, y a permanecer en v\u00ednculos que da\u00f1an por temor a empezar de nuevo.<\/p>\n<p>Desde el humor y la cercan\u00eda, la puesta en escena propone una mirada honesta \u2014a ratos inc\u00f3moda\u2014 sobre la responsabilidad personal dentro del v\u00ednculo. No busca se\u00f1alar culpables ni ofrecer respuestas f\u00e1ciles; plantea algo m\u00e1s profundo: reconocer aquello que muchos han vivido, aunque no siempre se diga en voz alta.<\/p>\n<p>Si Soy Yo, No Eres T\u00fa hace re\u00edr, pero tambi\u00e9n despierta. Permite identificar conductas, reconocer se\u00f1ales que antes se ignoraban \u2014las conocidas red flags\u2014 y mirarse sin culpa, pero con conciencia. Porque entender lo que duele puede ser el primer paso para dejar de repetirlo.<\/p>\n<p>&nbsp;<\/p>\n<p>SINOPSIS<\/p>\n<p>&nbsp;<\/p>\n<p>Cuatro mujeres atraviesan distintos momentos de su vida emocional. Sus historias no son extraordinarias, pero s\u00ed profundamente reconocibles. Relaciones marcadas por el apego, el control, la manipulaci\u00f3n emocional y la dificultad de romper din\u00e1micas que da\u00f1an m\u00e1s de lo que sostienen.<\/p>\n<p>A trav\u00e9s de estos relatos entrelazados, Si Soy Yo, No Eres T\u00fa explora formas de codependencia conductas narcisistas y el miedo a la soledad: aferrarse por temor, justificar lo injustificable, aceptar el control disfrazado de cari\u00f1o o incluso buscar ayuda y descubrir que, en ese camino, tambi\u00e9n puede existir manipulaci\u00f3n.<\/p>\n<p>Una terapeuta observa, acompa\u00f1a y dialoga con el p\u00fablico, convirtiendo cada historia en un espejo colectivo. No para juzgar, sino para reconocer patrones que muchos han vivido \u2014aunque rara vez se atrevan a nombrar\u2014 y abrir un espacio de reflexi\u00f3n compartida.<\/p>\n<p>La puesta en escena alterna comedia y emoci\u00f3n con precisi\u00f3n, logrando que el espectador r\u00eda mientras se identifica, se cuestiona y despierta. Si Soy Yo, No Eres T\u00fa no ofrece moralejas ni recetas; deja algo m\u00e1s valioso: claridad. La posibilidad de ver lo que antes no se ve\u00eda y de entender que elegir distinto tambi\u00e9n es una forma de valent\u00eda.<\/p>\n<p>Porque a veces re\u00edrse es el inicio del despertar. Y reconocer lo vivido es el primer paso para no repetirlo.<\/p>\n<p>&nbsp;<\/p>\n<p>PARTICIPACIONES DESTACADAS EN TEMPORADAS ANTERIORES<\/p>\n<p>&nbsp;<\/p>\n<p>En temporadas previas, la obra ha contado con la participaci\u00f3n en el elenco de Ana Patricia Rojo, Anna Ciocchetti, Liza Muriel y Arleth Ter\u00e1n lo que refuerza la calidad art\u00edstica del proyecto y su atractivo para actrices de reconocida trayectoria.<\/p>\n<p>&nbsp;<\/p>\n<p>&nbsp;<\/p>\n<blockquote><p>&nbsp;<\/p>\n<p>FICHA ART\u00cdSTICA<\/p>\n<p>Idea Original :Bernardo Lartigue \/ Daniela Carvallo<\/p>\n<p>Dramaturgia: Daniela Carvallo \/ Mauricio Galaz<\/p>\n<p>Direcci\u00f3n: Mauricio Galaz<\/p>\n<p>M\u00fasica original y m\u00fasica en escena: Andy Mora<\/p>\n<p>Duraci\u00f3n: 90 min aprox.<\/p><\/blockquote>\n","protected":false},"excerpt":{"rendered":"<p>Con Olivia Collins, Daniela Carvallo, Loreli Mancilla y Andy Mora La obra no habla de relaciones fallidas, sino de decisiones que se postergan. Si Soy Yo, No Eres T\u00fa es una comedia emocional contempor\u00e1nea que se adentra en algunos de los territorios m\u00e1s inc\u00f3modos \u2014y m\u00e1s frecuentes\u2014 de las relaciones afectivas: el narcisismo, la manipulaci\u00f3n [&hellip;]<\/p>\n","protected":false},"author":14,"featured_media":717056,"comment_status":"open","ping_status":"open","sticky":false,"template":"","format":"standard","meta":{"_monsterinsights_skip_tracking":false,"_monsterinsights_sitenote_active":false,"_monsterinsights_sitenote_note":"","_monsterinsights_sitenote_category":0,"footnotes":""},"categories":[12],"tags":[],"class_list":["post-717055","post","type-post","status-publish","format-standard","has-post-thumbnail","hentry","category-espectaculos"],"_links":{"self":[{"href":"https:\/\/www.diarioimagen.net\/index.php?rest_route=\/wp\/v2\/posts\/717055","targetHints":{"allow":["GET"]}}],"collection":[{"href":"https:\/\/www.diarioimagen.net\/index.php?rest_route=\/wp\/v2\/posts"}],"about":[{"href":"https:\/\/www.diarioimagen.net\/index.php?rest_route=\/wp\/v2\/types\/post"}],"author":[{"embeddable":true,"href":"https:\/\/www.diarioimagen.net\/index.php?rest_route=\/wp\/v2\/users\/14"}],"replies":[{"embeddable":true,"href":"https:\/\/www.diarioimagen.net\/index.php?rest_route=%2Fwp%2Fv2%2Fcomments&post=717055"}],"version-history":[{"count":1,"href":"https:\/\/www.diarioimagen.net\/index.php?rest_route=\/wp\/v2\/posts\/717055\/revisions"}],"predecessor-version":[{"id":717057,"href":"https:\/\/www.diarioimagen.net\/index.php?rest_route=\/wp\/v2\/posts\/717055\/revisions\/717057"}],"wp:featuredmedia":[{"embeddable":true,"href":"https:\/\/www.diarioimagen.net\/index.php?rest_route=\/wp\/v2\/media\/717056"}],"wp:attachment":[{"href":"https:\/\/www.diarioimagen.net\/index.php?rest_route=%2Fwp%2Fv2%2Fmedia&parent=717055"}],"wp:term":[{"taxonomy":"category","embeddable":true,"href":"https:\/\/www.diarioimagen.net\/index.php?rest_route=%2Fwp%2Fv2%2Fcategories&post=717055"},{"taxonomy":"post_tag","embeddable":true,"href":"https:\/\/www.diarioimagen.net\/index.php?rest_route=%2Fwp%2Fv2%2Ftags&post=717055"}],"curies":[{"name":"wp","href":"https:\/\/api.w.org\/{rel}","templated":true}]}}