{"id":717166,"date":"2026-04-23T17:57:47","date_gmt":"2026-04-23T23:57:47","guid":{"rendered":"https:\/\/www.diarioimagen.net\/?p=717166"},"modified":"2026-04-23T17:57:47","modified_gmt":"2026-04-23T23:57:47","slug":"inauguran-el-alcalde-isaac-montoya-y-delfina-gomez-rehabilitacion-de-periferico","status":"publish","type":"post","link":"https:\/\/www.diarioimagen.net\/?p=717166","title":{"rendered":"Inauguran el alcalde Isaac Montoya y  Delfina G\u00f3mez rehabilitaci\u00f3n de perif\u00e9rico"},"content":{"rendered":"<p>&nbsp;<\/p>\n<p>&nbsp;<\/p>\n<ul>\n<li><strong>Segundo tramo de la lateral Viveros-Baden Powell<\/strong><\/li>\n<\/ul>\n<div id=\"attachment_717167\" style=\"width: 390px\" class=\"wp-caption alignnone\"><img loading=\"lazy\" decoding=\"async\" aria-describedby=\"caption-attachment-717167\" class=\"wp-image-717167 size-large\" src=\"https:\/\/www.diarioimagen.net\/wp-content\/uploads\/2026\/04\/BAENA-1-ok-12-380x270.jpg\" alt=\"\" width=\"380\" height=\"270\" srcset=\"https:\/\/www.diarioimagen.net\/wp-content\/uploads\/2026\/04\/BAENA-1-ok-12-380x270.jpg 380w, https:\/\/www.diarioimagen.net\/wp-content\/uploads\/2026\/04\/BAENA-1-ok-12-240x170.jpg 240w, https:\/\/www.diarioimagen.net\/wp-content\/uploads\/2026\/04\/BAENA-1-ok-12-768x545.jpg 768w, https:\/\/www.diarioimagen.net\/wp-content\/uploads\/2026\/04\/BAENA-1-ok-12-90x65.jpg 90w, https:\/\/www.diarioimagen.net\/wp-content\/uploads\/2026\/04\/BAENA-1-ok-12.jpg 1500w\" sizes=\"auto, (max-width: 380px) 100vw, 380px\" \/><p id=\"caption-attachment-717167\" class=\"wp-caption-text\">elfina G\u00f3mez \u00c1lvarez reconoci\u00f3 el esfuerzo del gobierno de Isaac Montoya M\u00e1rquez en la rehabilitaci\u00f3n del segundo tramo de la lateral del Perif\u00e9rico Norte.<\/p><\/div>\n<p>&nbsp;<\/p>\n<p>Naucalpan, M\u00e9x.- En la inauguraci\u00f3n de la reconstrucci\u00f3n con concreto hidr\u00e1ulico de un segundo tramo de la lateral del Perif\u00e9rico Norte, de Viveros-Baden Powell, la gobernadora Delfina G\u00f3mez \u00c1lvarez reconoci\u00f3 el esfuerzo del gobierno de Naucalpan, encabezado por el alcalde Isaac Montoya M\u00e1rquez, en la rehabilitaci\u00f3n de esta importante arteria vial que se realiz\u00f3 resultado de un trabajo coordinado y el manejo adecuado de los recursos.<\/p>\n<p>El presidente municipal al dar la bienvenida a la gobernadora, as\u00ed como a autoridades estatales y municipales, reconoci\u00f3 la coordinaci\u00f3n y visi\u00f3n metropolitana, a la vez que destac\u00f3 las grandes obras que se han impulsado durante el gobierno de la maestra Delfina G\u00f3mez, como la L\u00ednea 3 del Mexicable, la Universidad Nacional Rosario Castellanos y la rehabilitaci\u00f3n del Perif\u00e9rico Norte.<\/p>\n<p>El Perif\u00e9rico Norte es la vialidad m\u00e1s importante de la Zona Metropolitana, la principal puerta de acceso a la Ciudad de M\u00e9xico. Adem\u00e1s, rehabilitar 108 km de esta arteria vial, es un esfuerzo monumental que se tiene que valorar en todas sus proporciones, dijo lo que fue secundado por el titular de la Junta de Caminos.<\/p>\n<p>Recalc\u00f3 que se trata de dejar obras hist\u00f3ricas para la posteridad, este segundo tramo se realiz\u00f3 en 65 d\u00edas (del 14 de febrero al 20 de abril), con una inversi\u00f3n de m\u00e1s 115 mdp, en una longitud de 3.2 km, con un proceso constructivo de una caja de 65 cm de profundidad, sub base hidr\u00e1ulica de 20 cm, base cementada de 20 cm y el concreto hidr\u00e1ulico MR-45 (mayor durabilidad).<\/p>\n<p>En presencia del secretario de Movilidad, Juan Hugo de la Rosa, y de la Junta de Caminos, Joel Gonz\u00e1lez Toral, as\u00ed como de los alcaldes de Tlalnepantla, Atizap\u00e1n, Tultitl\u00e1n, Cuautitl\u00e1n Izcalli y Tepotzotl\u00e1n, empresarios, transportistas, de las y los vecinos, as\u00ed como la presidenta de la Asociaci\u00f3n de Colonos de La Florida, Ang\u00e9lica Bernal Antill\u00f3n, quienes reconocieron esta obra hist\u00f3rica.<\/p>\n<p>Montoya M\u00e1rquez explic\u00f3 que, entre las obras complementarias se trabaj\u00f3 en la renivelaci\u00f3n de pozos, rejillas y bocas de tormenta, as\u00ed como rehabilitaci\u00f3n y construcci\u00f3n de banquetas, balizamiento y se\u00f1alamiento para la seguridad vial y peatonal.<\/p>\n<p>&nbsp;<\/p>\n<p><strong>\u00a0<\/strong><\/p>\n<p>&nbsp;<\/p>\n","protected":false},"excerpt":{"rendered":"<p>&nbsp; &nbsp; Segundo tramo de la lateral Viveros-Baden Powell &nbsp; Naucalpan, M\u00e9x.- En la inauguraci\u00f3n de la reconstrucci\u00f3n con concreto hidr\u00e1ulico de un segundo tramo de la lateral del Perif\u00e9rico Norte, de Viveros-Baden Powell, la gobernadora Delfina G\u00f3mez \u00c1lvarez reconoci\u00f3 el esfuerzo del gobierno de Naucalpan, encabezado por el alcalde Isaac Montoya M\u00e1rquez, en la [&hellip;]<\/p>\n","protected":false},"author":14,"featured_media":717167,"comment_status":"open","ping_status":"open","sticky":false,"template":"","format":"standard","meta":{"_monsterinsights_skip_tracking":false,"_monsterinsights_sitenote_active":false,"_monsterinsights_sitenote_note":"","_monsterinsights_sitenote_category":0,"footnotes":""},"categories":[5],"tags":[],"class_list":["post-717166","post","type-post","status-publish","format-standard","has-post-thumbnail","hentry","category-estado-de-mexico"],"_links":{"self":[{"href":"https:\/\/www.diarioimagen.net\/index.php?rest_route=\/wp\/v2\/posts\/717166","targetHints":{"allow":["GET"]}}],"collection":[{"href":"https:\/\/www.diarioimagen.net\/index.php?rest_route=\/wp\/v2\/posts"}],"about":[{"href":"https:\/\/www.diarioimagen.net\/index.php?rest_route=\/wp\/v2\/types\/post"}],"author":[{"embeddable":true,"href":"https:\/\/www.diarioimagen.net\/index.php?rest_route=\/wp\/v2\/users\/14"}],"replies":[{"embeddable":true,"href":"https:\/\/www.diarioimagen.net\/index.php?rest_route=%2Fwp%2Fv2%2Fcomments&post=717166"}],"version-history":[{"count":1,"href":"https:\/\/www.diarioimagen.net\/index.php?rest_route=\/wp\/v2\/posts\/717166\/revisions"}],"predecessor-version":[{"id":717168,"href":"https:\/\/www.diarioimagen.net\/index.php?rest_route=\/wp\/v2\/posts\/717166\/revisions\/717168"}],"wp:featuredmedia":[{"embeddable":true,"href":"https:\/\/www.diarioimagen.net\/index.php?rest_route=\/wp\/v2\/media\/717167"}],"wp:attachment":[{"href":"https:\/\/www.diarioimagen.net\/index.php?rest_route=%2Fwp%2Fv2%2Fmedia&parent=717166"}],"wp:term":[{"taxonomy":"category","embeddable":true,"href":"https:\/\/www.diarioimagen.net\/index.php?rest_route=%2Fwp%2Fv2%2Fcategories&post=717166"},{"taxonomy":"post_tag","embeddable":true,"href":"https:\/\/www.diarioimagen.net\/index.php?rest_route=%2Fwp%2Fv2%2Ftags&post=717166"}],"curies":[{"name":"wp","href":"https:\/\/api.w.org\/{rel}","templated":true}]}}