{"id":717172,"date":"2026-04-23T18:00:23","date_gmt":"2026-04-24T00:00:23","guid":{"rendered":"https:\/\/www.diarioimagen.net\/?p=717172"},"modified":"2026-04-23T18:00:23","modified_gmt":"2026-04-24T00:00:23","slug":"capacita-pc-coacalco-sobre-el-manejo-de-cilindros-de-gas","status":"publish","type":"post","link":"https:\/\/www.diarioimagen.net\/?p=717172","title":{"rendered":"Capacita PC-Coacalco sobre el manejo de cilindros de gas"},"content":{"rendered":"<ul>\n<li><strong>Casas del Adulto Mayor del DIF Municipal<\/strong><\/li>\n<\/ul>\n<div id=\"attachment_717173\" style=\"width: 415px\" class=\"wp-caption alignnone\"><img loading=\"lazy\" decoding=\"async\" aria-describedby=\"caption-attachment-717173\" class=\"wp-image-717173 size-large\" src=\"https:\/\/www.diarioimagen.net\/wp-content\/uploads\/2026\/04\/BAENA-3-ok-13-405x270.jpg\" alt=\"\" width=\"405\" height=\"270\" srcset=\"https:\/\/www.diarioimagen.net\/wp-content\/uploads\/2026\/04\/BAENA-3-ok-13-405x270.jpg 405w, https:\/\/www.diarioimagen.net\/wp-content\/uploads\/2026\/04\/BAENA-3-ok-13-240x160.jpg 240w, https:\/\/www.diarioimagen.net\/wp-content\/uploads\/2026\/04\/BAENA-3-ok-13-768x511.jpg 768w, https:\/\/www.diarioimagen.net\/wp-content\/uploads\/2026\/04\/BAENA-3-ok-13.jpg 1500w\" sizes=\"auto, (max-width: 405px) 100vw, 405px\" \/><p id=\"caption-attachment-717173\" class=\"wp-caption-text\">Realizan campa\u00f1a de capacitaci\u00f3n sobre el manejo seguro de cilindros y el cuidado de instalaciones de gas en las Casas del Adulto Mayor del DIF de Coacalco.<\/p><\/div>\n<p>Coacalco, M\u00e9x.- El gobierno de esta localidad puso en marcha una campa\u00f1a de capacitaci\u00f3n sobre el manejo seguro de cilindros y el cuidado de instalaciones de gas en las Casas del Adulto Mayor del DIF Municipal.<\/p>\n<p>Personal de Protecci\u00f3n Civil y Bomberos de Coacalco imparte pl\u00e1ticas dirigidas a evitar incidentes que puedan poner en riesgo a la poblaci\u00f3n, derivados de instalaciones o tanques en mal estado.<\/p>\n<p>Las capacitaciones iniciaron con usuarios de las cinco Casas de la Tercera Edad del DIF, ubicadas en la cabecera municipal, Parque Residencial Coacalco, Villa de las Flores, Bosques del Valle y Unidad Morelos. El prop\u00f3sito es que las y los asistentes compartan esta informaci\u00f3n con sus familias y vecinos, fortaleciendo as\u00ed la cultura de la prevenci\u00f3n.<\/p>\n<p>Entre las principales recomendaciones destacan: Verificar que el cilindro no presente oxidaci\u00f3n, abolladuras o deformaciones; Revisar que la v\u00e1lvula cierre correctamente; No llenar el cilindro m\u00e1s del 85% de su capacidad; Exigir al proveedor un tanque en buen estado y solicitar comprobante de compra.<\/p>\n<p>Asimismo, se recomienda revisar las conexiones cada tres meses. En caso de detectar olor a gas, se debe mantener la calma, evitar el uso de aparatos el\u00e9ctricos o apagadores, evacuar el inmueble y comunicarse de inmediato con los servicios de emergencia.<\/p>\n<p>&nbsp;<\/p>\n","protected":false},"excerpt":{"rendered":"<p>Casas del Adulto Mayor del DIF Municipal Coacalco, M\u00e9x.- El gobierno de esta localidad puso en marcha una campa\u00f1a de capacitaci\u00f3n sobre el manejo seguro de cilindros y el cuidado de instalaciones de gas en las Casas del Adulto Mayor del DIF Municipal. Personal de Protecci\u00f3n Civil y Bomberos de Coacalco imparte pl\u00e1ticas dirigidas a [&hellip;]<\/p>\n","protected":false},"author":14,"featured_media":717173,"comment_status":"open","ping_status":"open","sticky":false,"template":"","format":"standard","meta":{"_monsterinsights_skip_tracking":false,"_monsterinsights_sitenote_active":false,"_monsterinsights_sitenote_note":"","_monsterinsights_sitenote_category":0,"footnotes":""},"categories":[5],"tags":[],"class_list":["post-717172","post","type-post","status-publish","format-standard","has-post-thumbnail","hentry","category-estado-de-mexico"],"_links":{"self":[{"href":"https:\/\/www.diarioimagen.net\/index.php?rest_route=\/wp\/v2\/posts\/717172","targetHints":{"allow":["GET"]}}],"collection":[{"href":"https:\/\/www.diarioimagen.net\/index.php?rest_route=\/wp\/v2\/posts"}],"about":[{"href":"https:\/\/www.diarioimagen.net\/index.php?rest_route=\/wp\/v2\/types\/post"}],"author":[{"embeddable":true,"href":"https:\/\/www.diarioimagen.net\/index.php?rest_route=\/wp\/v2\/users\/14"}],"replies":[{"embeddable":true,"href":"https:\/\/www.diarioimagen.net\/index.php?rest_route=%2Fwp%2Fv2%2Fcomments&post=717172"}],"version-history":[{"count":1,"href":"https:\/\/www.diarioimagen.net\/index.php?rest_route=\/wp\/v2\/posts\/717172\/revisions"}],"predecessor-version":[{"id":717174,"href":"https:\/\/www.diarioimagen.net\/index.php?rest_route=\/wp\/v2\/posts\/717172\/revisions\/717174"}],"wp:featuredmedia":[{"embeddable":true,"href":"https:\/\/www.diarioimagen.net\/index.php?rest_route=\/wp\/v2\/media\/717173"}],"wp:attachment":[{"href":"https:\/\/www.diarioimagen.net\/index.php?rest_route=%2Fwp%2Fv2%2Fmedia&parent=717172"}],"wp:term":[{"taxonomy":"category","embeddable":true,"href":"https:\/\/www.diarioimagen.net\/index.php?rest_route=%2Fwp%2Fv2%2Fcategories&post=717172"},{"taxonomy":"post_tag","embeddable":true,"href":"https:\/\/www.diarioimagen.net\/index.php?rest_route=%2Fwp%2Fv2%2Ftags&post=717172"}],"curies":[{"name":"wp","href":"https:\/\/api.w.org\/{rel}","templated":true}]}}