{"id":717175,"date":"2026-04-23T18:15:35","date_gmt":"2026-04-24T00:15:35","guid":{"rendered":"https:\/\/www.diarioimagen.net\/?p=717175"},"modified":"2026-04-23T18:15:35","modified_gmt":"2026-04-24T00:15:35","slug":"edomex-a-la-vanguardia-en-la-proteccion-animal","status":"publish","type":"post","link":"https:\/\/www.diarioimagen.net\/?p=717175","title":{"rendered":"Edomex, a la vanguardia en la protecci\u00f3n animal\u00a0"},"content":{"rendered":"<p style=\"text-align: left;\"><img loading=\"lazy\" decoding=\"async\" class=\"alignnone wp-image-717176 size-large\" src=\"https:\/\/www.diarioimagen.net\/wp-content\/uploads\/2026\/04\/BAENA-4-ok-13-397x270.jpg\" alt=\"\" width=\"397\" height=\"270\" srcset=\"https:\/\/www.diarioimagen.net\/wp-content\/uploads\/2026\/04\/BAENA-4-ok-13-397x270.jpg 397w, https:\/\/www.diarioimagen.net\/wp-content\/uploads\/2026\/04\/BAENA-4-ok-13-240x163.jpg 240w, https:\/\/www.diarioimagen.net\/wp-content\/uploads\/2026\/04\/BAENA-4-ok-13-768x523.jpg 768w, https:\/\/www.diarioimagen.net\/wp-content\/uploads\/2026\/04\/BAENA-4-ok-13-1536x1045.jpg 1536w, https:\/\/www.diarioimagen.net\/wp-content\/uploads\/2026\/04\/BAENA-4-ok-13-2048x1394.jpg 2048w\" sizes=\"auto, (max-width: 397px) 100vw, 397px\" \/><\/p>\n<p><strong>\u00a0<\/strong><\/p>\n<p>Toluca, M\u00e9x.- La Ley de Protecci\u00f3n, Cuidado y Bienestar Animal estatal y las reformas a ordenamientos aprobadas por el Congreso local colocan a la entidad a la vanguardia a nivel nacional con una normatividad progresista para la protecci\u00f3n de seres sintientes, coincidieron diputadas y diputados de Morena, PVEM y MC. Reconocieron la sensibilidad de la gobernadora Delfina G\u00f3mez \u00c1lvarez y las pol\u00edticas p\u00fablicas implementadas en la materia.<\/p>\n","protected":false},"excerpt":{"rendered":"<p>\u00a0 Toluca, M\u00e9x.- La Ley de Protecci\u00f3n, Cuidado y Bienestar Animal estatal y las reformas a ordenamientos aprobadas por el Congreso local colocan a la entidad a la vanguardia a nivel nacional con una normatividad progresista para la protecci\u00f3n de seres sintientes, coincidieron diputadas y diputados de Morena, PVEM y MC. Reconocieron la sensibilidad de [&hellip;]<\/p>\n","protected":false},"author":14,"featured_media":717176,"comment_status":"open","ping_status":"open","sticky":false,"template":"","format":"standard","meta":{"_monsterinsights_skip_tracking":false,"_monsterinsights_sitenote_active":false,"_monsterinsights_sitenote_note":"","_monsterinsights_sitenote_category":0,"footnotes":""},"categories":[5],"tags":[],"class_list":["post-717175","post","type-post","status-publish","format-standard","has-post-thumbnail","hentry","category-estado-de-mexico"],"_links":{"self":[{"href":"https:\/\/www.diarioimagen.net\/index.php?rest_route=\/wp\/v2\/posts\/717175","targetHints":{"allow":["GET"]}}],"collection":[{"href":"https:\/\/www.diarioimagen.net\/index.php?rest_route=\/wp\/v2\/posts"}],"about":[{"href":"https:\/\/www.diarioimagen.net\/index.php?rest_route=\/wp\/v2\/types\/post"}],"author":[{"embeddable":true,"href":"https:\/\/www.diarioimagen.net\/index.php?rest_route=\/wp\/v2\/users\/14"}],"replies":[{"embeddable":true,"href":"https:\/\/www.diarioimagen.net\/index.php?rest_route=%2Fwp%2Fv2%2Fcomments&post=717175"}],"version-history":[{"count":1,"href":"https:\/\/www.diarioimagen.net\/index.php?rest_route=\/wp\/v2\/posts\/717175\/revisions"}],"predecessor-version":[{"id":717177,"href":"https:\/\/www.diarioimagen.net\/index.php?rest_route=\/wp\/v2\/posts\/717175\/revisions\/717177"}],"wp:featuredmedia":[{"embeddable":true,"href":"https:\/\/www.diarioimagen.net\/index.php?rest_route=\/wp\/v2\/media\/717176"}],"wp:attachment":[{"href":"https:\/\/www.diarioimagen.net\/index.php?rest_route=%2Fwp%2Fv2%2Fmedia&parent=717175"}],"wp:term":[{"taxonomy":"category","embeddable":true,"href":"https:\/\/www.diarioimagen.net\/index.php?rest_route=%2Fwp%2Fv2%2Fcategories&post=717175"},{"taxonomy":"post_tag","embeddable":true,"href":"https:\/\/www.diarioimagen.net\/index.php?rest_route=%2Fwp%2Fv2%2Ftags&post=717175"}],"curies":[{"name":"wp","href":"https:\/\/api.w.org\/{rel}","templated":true}]}}