{"id":717181,"date":"2026-04-23T18:31:49","date_gmt":"2026-04-24T00:31:49","guid":{"rendered":"https:\/\/www.diarioimagen.net\/?p=717181"},"modified":"2026-04-23T18:31:49","modified_gmt":"2026-04-24T00:31:49","slug":"chayanne-convierte-el-auditorio-nacional-en-una-fiesta-de-generaciones","status":"publish","type":"post","link":"https:\/\/www.diarioimagen.net\/?p=717181","title":{"rendered":"Chayanne convierte el Auditorio Nacional en una fiesta de generaciones"},"content":{"rendered":"<ul>\n<li><strong>Con el Bailemos Otra Vez Tour <\/strong><\/li>\n<li><strong>Su retorno al recinto ocurri\u00f3 tras m\u00e1s de seis a\u00f1os de ausencia en este escenario<\/strong><\/li>\n<\/ul>\n<div id=\"attachment_717182\" style=\"width: 370px\" class=\"wp-caption alignnone\"><img loading=\"lazy\" decoding=\"async\" aria-describedby=\"caption-attachment-717182\" class=\"wp-image-717182 size-large\" src=\"https:\/\/www.diarioimagen.net\/wp-content\/uploads\/2026\/04\/CHAYANNE02-360x270.jpg\" alt=\"\" width=\"360\" height=\"270\" srcset=\"https:\/\/www.diarioimagen.net\/wp-content\/uploads\/2026\/04\/CHAYANNE02-360x270.jpg 360w, https:\/\/www.diarioimagen.net\/wp-content\/uploads\/2026\/04\/CHAYANNE02-240x180.jpg 240w, https:\/\/www.diarioimagen.net\/wp-content\/uploads\/2026\/04\/CHAYANNE02-768x576.jpg 768w, https:\/\/www.diarioimagen.net\/wp-content\/uploads\/2026\/04\/CHAYANNE02-1536x1152.jpg 1536w, https:\/\/www.diarioimagen.net\/wp-content\/uploads\/2026\/04\/CHAYANNE02.jpg 1575w\" sizes=\"auto, (max-width: 360px) 100vw, 360px\" \/><p id=\"caption-attachment-717182\" class=\"wp-caption-text\">Chayanne apareci\u00f3 desde una trampilla al fondo del escenario y abri\u00f3 su show con una coreograf\u00eda intensa y un vestuario de cuero y brillo.<\/p><\/div>\n<p>El puertorrique\u00f1o regres\u00f3 al Coloso de Reforma con el Bailemos Otra Vez Tour y ofreci\u00f3 una noche de casi dos horas, 27 canciones y una respuesta multitudinaria que altern\u00f3 baile, nostalgia y coro masivo. Su retorno al recinto ocurri\u00f3 tras m\u00e1s de seis a\u00f1os de ausencia en este escenario.<\/p>\n<p>&nbsp;<\/p>\n<p>Desde una trampilla al fondo del escenario, Chayanne emergi\u00f3 con pantal\u00f3n de cuero y chaqueta brillante para abrir con \u201cBailemos otra vez\u201d, \u201cSalom\u00e9\u201d y \u201cBoom Boom\u201d, un arranque sin pausa que dej\u00f3 claro el tono f\u00edsico del concierto. La puesta en escena incluy\u00f3 escaleras, desniveles, una plataforma elevadiza y un pasillo frontal que acerc\u00f3 al cantante a sus seguidoras desde los primeros temas.<\/p>\n<p>&nbsp;<\/p>\n<p>Sin dar demasiadas treguas al p\u00fablico, el puertorrique\u00f1o fue enlazando cl\u00e1sicos como \u201cEl centro de mi coraz\u00f3n\u201d, \u201cProv\u00f3came\u201d y \u201cCaprichosa\u201d, mientras la audiencia reaccionaba con gritos, piropos y movimientos en los pasillos. Tras saludar a M\u00e9xico, agradeci\u00f3 el regreso al Auditorio Nacional despu\u00e9s de m\u00e1s de siete a\u00f1os, una escala que en 2026 volvi\u00f3 a reunir a miles de asistentes en el recinto de Paseo de la Reforma.<\/p>\n<p>&nbsp;<\/p>\n<p>El bloque rom\u00e1ntico fue uno de los m\u00e1s coreados de la noche con \u201cCuidarte el alma\u201d, \u201cAtado a tu amor\u201d y \u201cY t\u00fa te vas\u201d, canciones que transformaron el foro en un coro colectivo. En otro tramo del show, Chayanne se baj\u00f3 del escenario, estrech\u00f3 manos y se dej\u00f3 abrazar, reforzando la cercan\u00eda que ha cultivado durante d\u00e9cadas con su p\u00fablico mexicano.<\/p>\n<p>&nbsp;<\/p>\n<p>La lista de \u00e9xitos continu\u00f3 con \u201cYo te amo\u201d, \u201cVolver a nacer\u201d, \u201cTu pirata soy yo\u201d y \u201cCompletamente enamorados\u201d, antes de que el cantante lanzara frases que desataron risas y m\u00e1s ovaciones, como cuando dijo que se sent\u00eda bien pese a haber empezado a cantar desde ni\u00f1o. El cierre mantuvo la energ\u00eda arriba con \u201cTe amo y punto\u201d, \u201cHumanos a marte\u201d, \u201cMadre tierra\u201d, \u201cDejar\u00eda todo\u201d, \u201cTiempo de vals\u201d y \u201cBailando bachata\u201d, en un recorrido que, de acuerdo con la cobertura del concierto, reuni\u00f3 27 temas y aproximadamente dos horas de espect\u00e1culo.<\/p>\n<p>&nbsp;<\/p>\n<p>Entre el p\u00fablico, la emoci\u00f3n tambi\u00e9n se volvi\u00f3 historia personal. Guadalupe Ram\u00edrez P\u00e9rez, de 50 a\u00f1os, record\u00f3 que sigue a Chayanne desde su adolescencia y que \u201cTiempo de Vals\u201d marc\u00f3 uno de sus recuerdos m\u00e1s entra\u00f1ables al bailarlo en sus 15 a\u00f1os; hoy forma parte del club de fans Musas de Chayanne.<\/p>\n<p>&nbsp;<\/p>\n","protected":false},"excerpt":{"rendered":"<p>Con el Bailemos Otra Vez Tour Su retorno al recinto ocurri\u00f3 tras m\u00e1s de seis a\u00f1os de ausencia en este escenario El puertorrique\u00f1o regres\u00f3 al Coloso de Reforma con el Bailemos Otra Vez Tour y ofreci\u00f3 una noche de casi dos horas, 27 canciones y una respuesta multitudinaria que altern\u00f3 baile, nostalgia y coro masivo. [&hellip;]<\/p>\n","protected":false},"author":14,"featured_media":717182,"comment_status":"open","ping_status":"open","sticky":false,"template":"","format":"standard","meta":{"_monsterinsights_skip_tracking":false,"_monsterinsights_sitenote_active":false,"_monsterinsights_sitenote_note":"","_monsterinsights_sitenote_category":0,"footnotes":""},"categories":[12],"tags":[],"class_list":["post-717181","post","type-post","status-publish","format-standard","has-post-thumbnail","hentry","category-espectaculos"],"_links":{"self":[{"href":"https:\/\/www.diarioimagen.net\/index.php?rest_route=\/wp\/v2\/posts\/717181","targetHints":{"allow":["GET"]}}],"collection":[{"href":"https:\/\/www.diarioimagen.net\/index.php?rest_route=\/wp\/v2\/posts"}],"about":[{"href":"https:\/\/www.diarioimagen.net\/index.php?rest_route=\/wp\/v2\/types\/post"}],"author":[{"embeddable":true,"href":"https:\/\/www.diarioimagen.net\/index.php?rest_route=\/wp\/v2\/users\/14"}],"replies":[{"embeddable":true,"href":"https:\/\/www.diarioimagen.net\/index.php?rest_route=%2Fwp%2Fv2%2Fcomments&post=717181"}],"version-history":[{"count":1,"href":"https:\/\/www.diarioimagen.net\/index.php?rest_route=\/wp\/v2\/posts\/717181\/revisions"}],"predecessor-version":[{"id":717183,"href":"https:\/\/www.diarioimagen.net\/index.php?rest_route=\/wp\/v2\/posts\/717181\/revisions\/717183"}],"wp:featuredmedia":[{"embeddable":true,"href":"https:\/\/www.diarioimagen.net\/index.php?rest_route=\/wp\/v2\/media\/717182"}],"wp:attachment":[{"href":"https:\/\/www.diarioimagen.net\/index.php?rest_route=%2Fwp%2Fv2%2Fmedia&parent=717181"}],"wp:term":[{"taxonomy":"category","embeddable":true,"href":"https:\/\/www.diarioimagen.net\/index.php?rest_route=%2Fwp%2Fv2%2Fcategories&post=717181"},{"taxonomy":"post_tag","embeddable":true,"href":"https:\/\/www.diarioimagen.net\/index.php?rest_route=%2Fwp%2Fv2%2Ftags&post=717181"}],"curies":[{"name":"wp","href":"https:\/\/api.w.org\/{rel}","templated":true}]}}