{"id":717184,"date":"2026-04-23T18:36:30","date_gmt":"2026-04-24T00:36:30","guid":{"rendered":"https:\/\/www.diarioimagen.net\/?p=717184"},"modified":"2026-04-23T18:36:30","modified_gmt":"2026-04-24T00:36:30","slug":"estado-de-mexico-logra-54-de-avance-en-el-reemplacamiento-2026","status":"publish","type":"post","link":"https:\/\/www.diarioimagen.net\/?p=717184","title":{"rendered":"\u00a0  Estado de M\u00e9xico logra 54% de  avance en el reemplacamiento 2026"},"content":{"rendered":"<ul>\n<li><strong>Con facilidades y condonaciones<\/strong><\/li>\n<li><strong>Este programa tiene el objetivo de mantener actualizado el padr\u00f3n vehicular, fortalecer el control administrativo y brindar certeza jur\u00eddica a propietarios<\/strong><\/li>\n<\/ul>\n<div id=\"attachment_717185\" style=\"width: 470px\" class=\"wp-caption alignnone\"><img loading=\"lazy\" decoding=\"async\" aria-describedby=\"caption-attachment-717185\" class=\"wp-image-717185 size-large\" src=\"https:\/\/www.diarioimagen.net\/wp-content\/uploads\/2026\/04\/EDOMEX-1-ok-12-460x258.jpg\" alt=\"\" width=\"460\" height=\"258\" srcset=\"https:\/\/www.diarioimagen.net\/wp-content\/uploads\/2026\/04\/EDOMEX-1-ok-12-460x258.jpg 460w, https:\/\/www.diarioimagen.net\/wp-content\/uploads\/2026\/04\/EDOMEX-1-ok-12-240x135.jpg 240w, https:\/\/www.diarioimagen.net\/wp-content\/uploads\/2026\/04\/EDOMEX-1-ok-12-768x431.jpg 768w, https:\/\/www.diarioimagen.net\/wp-content\/uploads\/2026\/04\/EDOMEX-1-ok-12-480x270.jpg 480w, https:\/\/www.diarioimagen.net\/wp-content\/uploads\/2026\/04\/EDOMEX-1-ok-12-235x132.jpg 235w, https:\/\/www.diarioimagen.net\/wp-content\/uploads\/2026\/04\/EDOMEX-1-ok-12-202x114.jpg 202w, https:\/\/www.diarioimagen.net\/wp-content\/uploads\/2026\/04\/EDOMEX-1-ok-12-350x196.jpg 350w, https:\/\/www.diarioimagen.net\/wp-content\/uploads\/2026\/04\/EDOMEX-1-ok-12-220x123.jpg 220w, https:\/\/www.diarioimagen.net\/wp-content\/uploads\/2026\/04\/EDOMEX-1-ok-12-237x132.jpg 237w, https:\/\/www.diarioimagen.net\/wp-content\/uploads\/2026\/04\/EDOMEX-1-ok-12.jpg 1500w\" sizes=\"auto, (max-width: 460px) 100vw, 460px\" \/><p id=\"caption-attachment-717185\" class=\"wp-caption-text\">La Secretar\u00eda de Finanzas inform\u00f3 que el Programa de Reemplacamiento 2026 avanza conforme a lo establecido, al facilitar la renovaci\u00f3n de placas para veh\u00edculos con matr\u00edculas expedidas en 2021 y a\u00f1os anteriores.<\/p><\/div>\n<p>&nbsp;<\/p>\n<p>Toluca, Estado de M\u00e9xico.\u2013 El Gobierno del Estado de M\u00e9xico, encabezado por la Maestra Delfina G\u00f3mez \u00c1lvarez, a trav\u00e9s de la Secretar\u00eda de Finanzas, informa que el Programa de Reemplacamiento 2026 avanza conforme a lo establecido, al facilitar la renovaci\u00f3n de placas para veh\u00edculos con matr\u00edculas expedidas en 2021 y a\u00f1os anteriores.<\/p>\n<p>A la fecha, se han realizado 245 mil tr\u00e1mites de reemplacamiento, lo que representa un avance del 54 por ciento respecto a la meta programada. Para el ejercicio fiscal 2026, se tiene como objetivo alcanzar 450 mil veh\u00edculos reemplacados, con una recaudaci\u00f3n estimada de 367 millones de pesos.<\/p>\n<p>Este programa, que concluye en agosto de 2026, tiene el objetivo de mantener actualizado el padr\u00f3n vehicular, fortalecer el control administrativo y brindar certeza jur\u00eddica a las y los propietarios, para contribuir a la seguridad y protecci\u00f3n del patrimonio de las familias mexiquenses.<\/p>\n<p>De acuerdo con el calendario oficial, el tr\u00e1mite se realiza conforme al \u00faltimo d\u00edgito de la placa: en abril corresponde a las terminaciones 1 y 2; mayo, 3 y 4; junio, 5 y 6; julio, 7 y 8, y agosto, 9 y 0. En el caso de placas expedidas entre septiembre y diciembre de 2021, la renovaci\u00f3n deber\u00e1 efectuarse dentro de los 15 d\u00edas h\u00e1biles posteriores a su vencimiento o de manera anticipada.<\/p>\n<p>El programa contempla beneficios fiscales que permiten a las y los contribuyentes acceder a condonaciones de hasta el 100 por ciento en adeudos de tenencia, refrendo y accesorios de a\u00f1os anteriores, as\u00ed como facilidades para regularizar su situaci\u00f3n sin recargos excesivos.<\/p>\n<p>Para realizar el tr\u00e1mite, las personas interesadas pueden hacerlo en l\u00ednea, a trav\u00e9s del Portal de Servicios al Contribuyente, https:\/\/sfpya.edomexico.gob.mx donde deber\u00e1n capturar la informaci\u00f3n del veh\u00edculo, generar su formato de pago y elegir la modalidad de entrega de placas, ya sea a domicilio o en m\u00f3dulos autorizados. Tambi\u00e9n se cuenta con la opci\u00f3n presencial mediante cita en los Centros de Servicios Fiscales.<\/p>\n<p>Entre los requisitos se encuentran: documento que acredite la propiedad del veh\u00edculo, identificaci\u00f3n oficial vigente, comprobante de domicilio y las placas anteriores o constancia de extrav\u00edo.<\/p>\n<p>El Gobierno del Estado de M\u00e9xico hace un llamado a la ciudadan\u00eda a aprovechar este periodo de facilidades, ya que cumplir hoy cuesta menos. Este tr\u00e1mite es personal, sencillo y sin intermediarios, por lo que no es necesario recurrir a gestores externos. Asimismo, hace un llamado a la ciudadan\u00eda a evitar pr\u00e1cticas irregulares y a reportar cualquier anomal\u00eda a los canales oficiales.<\/p>\n<p><strong>\u00a0<\/strong><\/p>\n<p><strong>\u00a0<\/strong><\/p>\n<p>&nbsp;<\/p>\n<p><strong>\u00a0<\/strong><\/p>\n<p>&nbsp;<\/p>\n","protected":false},"excerpt":{"rendered":"<p>Con facilidades y condonaciones Este programa tiene el objetivo de mantener actualizado el padr\u00f3n vehicular, fortalecer el control administrativo y brindar certeza jur\u00eddica a propietarios &nbsp; Toluca, Estado de M\u00e9xico.\u2013 El Gobierno del Estado de M\u00e9xico, encabezado por la Maestra Delfina G\u00f3mez \u00c1lvarez, a trav\u00e9s de la Secretar\u00eda de Finanzas, informa que el Programa de [&hellip;]<\/p>\n","protected":false},"author":14,"featured_media":717185,"comment_status":"open","ping_status":"open","sticky":false,"template":"","format":"standard","meta":{"_monsterinsights_skip_tracking":false,"_monsterinsights_sitenote_active":false,"_monsterinsights_sitenote_note":"","_monsterinsights_sitenote_category":0,"footnotes":""},"categories":[5],"tags":[],"class_list":["post-717184","post","type-post","status-publish","format-standard","has-post-thumbnail","hentry","category-estado-de-mexico"],"_links":{"self":[{"href":"https:\/\/www.diarioimagen.net\/index.php?rest_route=\/wp\/v2\/posts\/717184","targetHints":{"allow":["GET"]}}],"collection":[{"href":"https:\/\/www.diarioimagen.net\/index.php?rest_route=\/wp\/v2\/posts"}],"about":[{"href":"https:\/\/www.diarioimagen.net\/index.php?rest_route=\/wp\/v2\/types\/post"}],"author":[{"embeddable":true,"href":"https:\/\/www.diarioimagen.net\/index.php?rest_route=\/wp\/v2\/users\/14"}],"replies":[{"embeddable":true,"href":"https:\/\/www.diarioimagen.net\/index.php?rest_route=%2Fwp%2Fv2%2Fcomments&post=717184"}],"version-history":[{"count":1,"href":"https:\/\/www.diarioimagen.net\/index.php?rest_route=\/wp\/v2\/posts\/717184\/revisions"}],"predecessor-version":[{"id":717186,"href":"https:\/\/www.diarioimagen.net\/index.php?rest_route=\/wp\/v2\/posts\/717184\/revisions\/717186"}],"wp:featuredmedia":[{"embeddable":true,"href":"https:\/\/www.diarioimagen.net\/index.php?rest_route=\/wp\/v2\/media\/717185"}],"wp:attachment":[{"href":"https:\/\/www.diarioimagen.net\/index.php?rest_route=%2Fwp%2Fv2%2Fmedia&parent=717184"}],"wp:term":[{"taxonomy":"category","embeddable":true,"href":"https:\/\/www.diarioimagen.net\/index.php?rest_route=%2Fwp%2Fv2%2Fcategories&post=717184"},{"taxonomy":"post_tag","embeddable":true,"href":"https:\/\/www.diarioimagen.net\/index.php?rest_route=%2Fwp%2Fv2%2Ftags&post=717184"}],"curies":[{"name":"wp","href":"https:\/\/api.w.org\/{rel}","templated":true}]}}