{"id":717196,"date":"2026-04-23T18:50:27","date_gmt":"2026-04-24T00:50:27","guid":{"rendered":"https:\/\/www.diarioimagen.net\/?p=717196"},"modified":"2026-04-23T18:50:27","modified_gmt":"2026-04-24T00:50:27","slug":"futuro-incierto-lamine-yamal-se-lesiona-mexico-sin-arquero-y-argentina-sin-11-ideal","status":"publish","type":"post","link":"https:\/\/www.diarioimagen.net\/?p=717196","title":{"rendered":"\u00a0  Futuro incierto: Lamine Yamal se lesiona, M\u00e9xico sin arquero y Argentina sin 11 ideal"},"content":{"rendered":"<ul>\n<li><strong>Cada vez m\u00e1s cerca del Mundial 2026<\/strong><\/li>\n<li><strong>Lesiones, decisiones t\u00e9cnicas y figuras cuestionadas: el torneo ya se juega fuera de la cancha<\/strong><\/li>\n<\/ul>\n<div id=\"attachment_717198\" style=\"width: 383px\" class=\"wp-caption alignnone\"><img loading=\"lazy\" decoding=\"async\" aria-describedby=\"caption-attachment-717198\" class=\"wp-image-717198 size-large\" src=\"https:\/\/www.diarioimagen.net\/wp-content\/uploads\/2026\/04\/MUNDIAL01-ok-13-373x270.jpg\" alt=\"\" width=\"373\" height=\"270\" srcset=\"https:\/\/www.diarioimagen.net\/wp-content\/uploads\/2026\/04\/MUNDIAL01-ok-13-373x270.jpg 373w, https:\/\/www.diarioimagen.net\/wp-content\/uploads\/2026\/04\/MUNDIAL01-ok-13-240x174.jpg 240w, https:\/\/www.diarioimagen.net\/wp-content\/uploads\/2026\/04\/MUNDIAL01-ok-13-768x556.jpg 768w, https:\/\/www.diarioimagen.net\/wp-content\/uploads\/2026\/04\/MUNDIAL01-ok-13-90x65.jpg 90w, https:\/\/www.diarioimagen.net\/wp-content\/uploads\/2026\/04\/MUNDIAL01-ok-13.jpg 1500w\" sizes=\"auto, (max-width: 373px) 100vw, 373px\" \/><p id=\"caption-attachment-717198\" class=\"wp-caption-text\">Lamine Yamal abandona el campo tras lesionarse ante el Celta, mientras el Barcelona y Espa\u00f1a contienen la respiraci\u00f3n pensando en el Mundial.<\/p><\/div>\n<p><strong>Por Arturo Arellano <\/strong><\/p>\n<p>&nbsp;<\/p>\n<p>La lesi\u00f3n del joven del Bar\u00e7a lo deja fuera del final de LaLiga pero, por ahora, no lo baja de la Copa del Mundo, mientras la Selecci\u00f3n Mexicana afronta un relevo generacional obligado y Guillermo Ochoa vuelve al centro de la pol\u00e9mica tras un error garrafal en Chipre. Al mismo tiempo, la campeona del mundo, Argentina, llega con una base casi inamovible, pero con lucha feroz en cada l\u00ednea y varios nombres pendientes del parte m\u00e9dico final.<\/p>\n<p>El FC Barcelona confirm\u00f3 que Lamine Yamal sufri\u00f3 una lesi\u00f3n en el b\u00edceps femoral de la pierna izquierda, sufrida ante el Celta, que lo dejar\u00e1 fuera de lo que resta de la temporada en LaLiga EA Sports. El club inform\u00f3 que seguir\u00e1 un tratamiento conservador y que, aunque no volver\u00e1 a jugar en este curso, est\u00e1 previsto que llegue a tiempo para disputar el Mundial 2026 con la Selecci\u00f3n de Espa\u00f1a.<\/p>\n<p>Al tratarse de una lesi\u00f3n muscular de isquiotibiales, los reportes coinciden en un per\u00edodo de recuperaci\u00f3n estimado entre cuatro y ocho semanas, lo que lo descarta para los \u00faltimos seis partidos de liga, pero lo mantiene con opciones firmes de entrar en la lista mundialista. Diversos an\u00e1lisis se\u00f1alan que la recuperaci\u00f3n rondar\u00eda las cinco semanas, por lo que el extremo llegar\u00e1 justo, pero en principio con margen, a la concentraci\u00f3n de Luis de la Fuente antes del debut de Espa\u00f1a ante Cabo Verde el 15 de junio.<\/p>\n<p>El impacto deportivo para el Barcelona es enorme: pierde a un titular clave en el tramo final, sin posibilidad de reemplazar su desequilibrio en el uno contra uno y su peso en el marcador. Para Espa\u00f1a, el impacto es psicol\u00f3gico: perder a su futbolista m\u00e1s diferencial en banda derecha ser\u00eda un golpe que alterar\u00eda el plan ofensivo dise\u00f1ado alrededor de su cambio de ritmo y capacidad para decidir partidos cerrados.<\/p>\n<p>&nbsp;<\/p>\n<p><strong>\u00bfPeligra el Mundial 2026 para Lamine Yamal?<\/strong><\/p>\n<p>La pregunta que recorre Espa\u00f1a es clara: \u00bfllega o no llega al Mundial? El parte m\u00e9dico del Bar\u00e7a, insiste en que la previsi\u00f3n es que est\u00e9 disponible para el torneo, siempre que la recuperaci\u00f3n siga los plazos esperados sin reca\u00eddas.<\/p>\n<p>Analistas en Espa\u00f1a se\u00f1alan que, si bien la lesi\u00f3n es seria, no se trata de una rotura que, por fechas, lo margine autom\u00e1ticamente de la Copa del Mundo, sino de un contratiempo que obliga a manejar los tiempos con extremo cuidado. Eso explica que, en paralelo a la advertencia de que se pierde el resto de la campa\u00f1a con el Bar\u00e7a, tambi\u00e9n se hable de que toda su energ\u00eda estar\u00e1 puesta en llegar sano a Estados Unidos, donde Espa\u00f1a quiere construir su ataque en torno a \u00e9l.<\/p>\n<p>Si el cuerpo m\u00e9dico respeta el plan de recuperaci\u00f3n, lo l\u00f3gico es que Lamine llegue con menos carga de partidos que otros cracks, pero con frescura f\u00edsica para ser determinante en fase de grupos, siempre que las sensaciones en las primeras sesiones con la selecci\u00f3n sean positivas. Sin embargo, tambi\u00e9n se advierte que cualquier complicaci\u00f3n en el b\u00edceps femoral podr\u00eda condicionar sus minutos, obligando a Espa\u00f1a a gestionar con prudencia su participaci\u00f3n, al menos en los primeros partidos.<\/p>\n<p>&nbsp;<\/p>\n<p><strong>\u00bfC\u00f3mo cambiar\u00eda el Mundial sin Lamine Yamal?<\/strong><\/p>\n<p>Si el escenario se torciera y Lamine quedara fuera, no ser\u00eda s\u00f3lo un problema para Espa\u00f1a, sino una baja global de impacto similar a la ausencia de otras j\u00f3venes estrellas en torneos pasados. El extremo del Bar\u00e7a se ha convertido en una referencia de precocidad y desequilibrio, un jugador capaz de atraer defensas y liberar espacios para los mediocampistas llegadores y el nueve.<\/p>\n<p>Para Espa\u00f1a, su ausencia implicar\u00eda reconfigurar la banda derecha con alternativas menos explosivas, apostando m\u00e1s por volumen de pase que por desborde puro, algo que cambiar\u00eda el ADN ofensivo dise\u00f1ado en las \u00faltimas ventanas FIFA. A nivel del torneo, el Mundial perder\u00eda a una de sus grandes historias narrativas: la del adolescente que llega como figura a una Copa del Mundo en territorio norteamericano, un relato que potencia audiencias, mercadotecnia y expectativa general.<\/p>\n<p>En un grupo donde cada jugada puede definir lideratos y cruces, no contar con su talento reducir\u00eda el margen de error de Espa\u00f1a, obligando a un plan m\u00e1s pragm\u00e1tico y menos brillante en los \u00faltimos metros. Y para el resto de candidatos, especialmente en octavos y cuartos, enfrentar a una Roja sin su gran desequilibrante de banda cambiar\u00eda la forma de plantear los partidos.<\/p>\n<p>&nbsp;<\/p>\n<p><strong>Selecci\u00f3n Mexicana: Incertidumbre entre lesiones y decisiones t\u00e1cticas <\/strong><\/p>\n<p>En M\u00e9xico, el foco est\u00e1 en la lista que Javier Aguirre presentar\u00e1 para el Mundial 2026, condicionada por una larga lista de lesionados y por decisiones t\u00e9cnicas que ya han dejado a varios nombres pesados al margen. Entre los descartados por lesi\u00f3n se encuentra C\u00e9sar \u201cChino\u201d Huerta, quien arrastra una pubalgia que no ha logrado superar a tiempo, lo que hace muy improbable su presencia en la Copa del Mundo.<\/p>\n<p>Rodrigo Huescas contin\u00faa fuera de actividad por una rotura de ligamento cruzado anterior en la rodilla derecha sufrida en octubre de 2025, mientras que Luis Gerardo Ch\u00e1vez apenas volvi\u00f3 tras una lesi\u00f3n similar en 2025, sin haber recuperado su mejor ritmo de juego. Juli\u00e1n Araujo recay\u00f3 de una distensi\u00f3n en el cu\u00e1driceps lateral derecho en abril de 2026, quedando fuera el resto de la temporada, y el portero Luis \u00c1ngel Malag\u00f3n sufri\u00f3 una rotura del tend\u00f3n de Aquiles izquierdo en marzo de 2026, con un tiempo estimado de baja de seis a nueve meses, lo que pr\u00e1cticamente lo descarta para el Mundial.<\/p>\n<p>En el rubro de decisiones t\u00e9cnicas, Diego La\u00ednez no ha sido considerado en los \u00faltimos llamados, por lo que se asume que no entra en los planes de Aguirre, mientras que Hirving \u201cChucky\u201d Lozano qued\u00f3 fuera del proyecto al no tener actividad real tras ser descartado esta temporada por San Diego FC y optar por no buscar otro club. Luis Romo, otra pieza que fue fija en procesos anteriores, tampoco ha sido tomado en cuenta en 2026 por el t\u00e9cnico, lo que lo deja, salvo giro inesperado, fuera de la lista final.<\/p>\n<p>Entre los que est\u00e1n \u201cen la cuerda floja\u201d aparecen nombres como Marcel Ruiz, reci\u00e9n recuperado de lesi\u00f3n y a quien Aguirre pretende esperar hasta el final, y Obed Vargas, que no termin\u00f3 de convencer en la \u00faltima Fecha FIFA. Tambi\u00e9n se menciona a Guillermo Ochoa, Santiago Gim\u00e9nez y Gilberto Mora, todos en evaluaci\u00f3n por su momento futbol\u00edstico, continuidad y peso espec\u00edfico dentro del grupo.<\/p>\n<p>&nbsp;<\/p>\n<p><strong>Oribe Peralta vs Guillermo Ochoa<\/strong><\/p>\n<p>La figura de Guillermo \u201cMemo\u201d Ochoa vuelve a dividir opiniones en M\u00e9xico, y una de las voces que ha puesto el dedo en la llaga es la de Oribe Peralta, quien ha cuestionado la conveniencia de que el arquero dispute otro Mundial con el Tri. El debate gira en torno a la edad del guardameta, su rendimiento reciente en Europa y la necesidad de abrirle espacio a una nueva generaci\u00f3n tras la grave lesi\u00f3n de Malag\u00f3n.<\/p>\n<p>A favor de Ochoa pesan cinco Copas del Mundo, atajadas memorables y su jerarqu\u00eda en vestidor, elementos que muchos consideran clave en un torneo de alta presi\u00f3n. En contra, se le se\u00f1alan errores recientes, p\u00e9rdida de velocidad de reacci\u00f3n y el riesgo de frenar la consolidaci\u00f3n de porteros m\u00e1s j\u00f3venes que podr\u00edan dar un salto de calidad si se les da la responsabilidad.<\/p>\n<p>Las palabras de Peralta empatan con una parte de la afici\u00f3n que exige un corte generacional m\u00e1s dr\u00e1stico, aunque tambi\u00e9n chocan con quienes creen que, en un Mundial jugado en casa, la experiencia en la porter\u00eda no se negocia. En medio, Javier Aguirre tiene que decidir si privilegia el peso hist\u00f3rico o el estado de forma actual, sabiendo que cualquier camino encender\u00e1 pol\u00e9mica.<\/p>\n<p>&nbsp;<\/p>\n<p><strong>Error garrafal de Ochoa: m\u00e1s gasolina al fuego<\/strong><\/p>\n<p>La discusi\u00f3n sobre Ochoa no se entiende sin repasar el error que protagoniz\u00f3 con el AEL Limassol en las semifinales de la Copa de Chipre ante el Pafos FC, una jugada que dio la vuelta al mundo. Con el marcador 1-1 en la vuelta y la eliminatoria abierta, el portero recibi\u00f3 el bal\u00f3n en el \u00e1rea y, al intentar despejar bajo presi\u00f3n, lo estrell\u00f3 en el cuerpo del delantero rival, provocando un gol ins\u00f3lito que abri\u00f3 el 2-1 y cambi\u00f3 el rumbo del partido.<\/p>\n<p>El conjunto de Ochoa termin\u00f3 perdiendo 3-1 el juego de vuelta y 5-2 en el global, quedando fuera de la Copa de Chipre, y los an\u00e1lisis coinciden en que el fallo del arquero fue determinante en el derrumbe an\u00edmico del equipo. Medios deportivos subrayan que fue uno de dos errores clave que minaron la seguridad del guardameta de 40 a\u00f1os y encendieron las cr\u00edticas sobre su vigencia para sostener el arco de M\u00e9xico en 2026.<\/p>\n<p>En redes sociales y mesas de debate, esa jugada se ha usado como argumento para sostener que ya no est\u00e1 en el nivel requerido para un sexto Mundial, mientras otros recuerdan que incluso los grandes porteros han cometido errores graves a pocos meses de una Copa del Mundo. De cualquier forma, el episodio coloca m\u00e1s presi\u00f3n sobre Aguirre y sobre el propio Ochoa en las semanas previas al anuncio de la lista definitiva.<\/p>\n<p>&nbsp;<\/p>\n<p><strong>Argentina: un campe\u00f3n con base fija y pelea en cada puesto<\/strong><\/p>\n<p>La Selecci\u00f3n Argentina llega al mundial con una estructura que se recita de memoria: Emiliano \u201cDibu\u201d Mart\u00ednez en el arco, Lionel Messi iluminando los \u00faltimos metros y una columna vertebral consolidada por a\u00f1os de trabajo. Desde el cuerpo t\u00e9cnico se ha insistido en que la lista est\u00e1 \u201ccasi definida\u201d, pero las lesiones y el recambio han reabierto varias batallas internas por un lugar en los 26 elegidos.<\/p>\n<p>En la porter\u00eda, Dibu es intocable tras sus actuaciones decisivas en penales y finales, mientras que la pelea por ser su primer suplente enfrenta a Ger\u00f3nimo Rulli, con recorrido y experiencia europea, y a Juan Musso, que atraviesa un gran momento en Atl\u00e9tico de Madrid. Walter Ben\u00edtez y Facundo Cambeses parecen haber quedado algunos pasos por detr\u00e1s en esa carrera, aunque siguen en el radar como alternativas de fondo.<\/p>\n<p>&nbsp;<\/p>\n<p>En el lateral derecho, Nahuel Molina y Gonzalo Montiel mantienen un duelo cabeza a cabeza desde la Copa Am\u00e9rica 2021, con ligera ventaja actual para el jugador dirigido por Diego Simeone por su continuidad en la \u00e9lite. Por la izquierda, Nicol\u00e1s Tagliafico parte como titular proyectado, con Marcos Acu\u00f1a presionando desde su rol de jugador fiable y competitivo, ya sin los problemas f\u00edsicos recurrentes que lo aquejaron en otros tramos.<\/p>\n<p>&nbsp;<\/p>\n<p><strong>La zaga y las dudas por lesi\u00f3n<\/strong><\/p>\n<p>El caso m\u00e1s sensible en la defensa es el de Cristian \u201cCuti\u201d Romero, afectado por un esguince de ligamento colateral en la rodilla derecha, lo que ha generado dudas sobre si llegar\u00e1 al ciento por ciento al debut ante Argelia el 16 de junio en Kansas. Si no se recupera a tiempo, Leonardo Balerdi asoma como una de las principales opciones por perfil y experiencia, mientras que la posibilidad de correr a Nicol\u00e1s Otamendi hacia la derecha abrir\u00eda huecos para Lisandro Mart\u00ednez, Marcos Senesi o Facundo Medina en la izquierda.<\/p>\n<p>Lisandro Mart\u00ednez ya regres\u00f3 a la actividad con el Manchester United, aunque fue expulsado recientemente, mientras que Senesi destaca en el Bournemouth y Medina se ha ganado un lugar en el Marsella, por lo que la lucha es intensa y no todos podr\u00e1n entrar en la lista final. Adem\u00e1s, en Argentina el cuerpo t\u00e9cnico sigue de cerca la evoluci\u00f3n f\u00edsica de Dibu Mart\u00ednez y Lautaro Mart\u00ednez, ambos con molestias recientes, si bien con chances firmes de llegar a la Copa si no sufren reca\u00eddas.<\/p>\n<p>&nbsp;<\/p>\n<p><strong>El medio campo: jerarqu\u00eda y recambio joven<\/strong><\/p>\n<p>En el mediocampo hay nombres escritos con tinta indeleble: Leandro Paredes, Enzo Fern\u00e1ndez, Alexis Mac Allister y Rodrigo De Paul se perfilan como n\u00facleo de la zona media, aunque no necesariamente coincidir\u00e1n todos juntos en el once. Exequiel Palacios aparece como un recambio de jerarqu\u00eda, capaz de sostener el nivel cuando alguno de los titulares no est\u00e9 disponible, y Valent\u00edn Barco se ha ganado atenci\u00f3n en Racing de Estrasburgo, meti\u00e9ndose en la conversaci\u00f3n por su versatilidad.<\/p>\n<p>El crecimiento de Nico Paz, de descollante rendimiento en Como y con la Selecci\u00f3n, lo coloca por delante de Franco Mastantuono en la puja por un lugar como zurdo talentoso en la creaci\u00f3n, mientras que la reciente lesi\u00f3n y reaparecida de Giovani Lo Celso obligan a calibrar su estado f\u00edsico con lupa. Thiago Almada, que ha tenido menos protagonismo en Atl\u00e9tico de Madrid, pelea por sostenerse en un grupo donde la competencia interna es cada vez m\u00e1s feroz.<\/p>\n<p>En los carriles, los \u201ccorrecaminos\u201d parecen ser Nicol\u00e1s Gonz\u00e1lez y Giuliano Simeone, capaces de lanzar el equipo de defensa a ataque en cuesti\u00f3n de segundos, una caracter\u00edstica que el cuerpo t\u00e9cnico valora enormemente para partidos cerrados. All\u00ed la pelea no es s\u00f3lo por el once, sino por los minutos en un plantel que combina campeones del mundo con j\u00f3venes que reclaman espacio.<\/p>\n<p>&nbsp;<\/p>\n<p><strong>La delantera y el peso de los goles<\/strong><\/p>\n<p>Arriba, Messi es la pieza inamovible, todav\u00eda irreemplazable como generador de juego y definidor en momentos clave. La gran duda de Scaloni pasa por sostener el tridente con Juli\u00e1n \u00c1lvarez y Lautaro Mart\u00ednez, como se vio en varios tramos de las Eliminatorias, o por apostar por un solo nueve rodeado de mediapuntas.<\/p>\n<p>&nbsp;<\/p>\n<p>Juli\u00e1n vive una temporada formidable con 47 partidos, 19 goles y nueve asistencias, mientras busca coronarse en la Champions League, y Lautaro suma 36 encuentros, 20 goles y cuatro asistencias peleando por t\u00edtulos en Italia; entre ambos acumulan 50 goles con la Albiceleste (36 del Toro y 14 de la Ara\u00f1a). Tras la grave lesi\u00f3n ligamentaria de Joaqu\u00edn Panichelli, Jos\u00e9 \u201cFlaco\u201d L\u00f3pez, figura en Palmeiras con 25 partidos, diez goles y siete asistencias en el a\u00f1o, qued\u00f3 como principal candidato a ocupar el rol de tercer centrodelantero.<\/p>\n<p>La baja de Panichelli por rotura de ligamentos lo saca definitivamente del Mundial, y refuerza la idea de que Scaloni elegir\u00e1 a sus tres nueves entre los que ya est\u00e1n en la convocatoria, priorizando continuidad y qu\u00edmica dentro del grupo. El mensaje del t\u00e9cnico ha sido claro: salvo lesionados que se recuperen a tiempo, la lista saldr\u00e1 mayoritariamente del grupo que viene trabajando en las \u00faltimas fechas FIFA.<\/p>\n<p>&nbsp;<\/p>\n","protected":false},"excerpt":{"rendered":"<p>Cada vez m\u00e1s cerca del Mundial 2026 Lesiones, decisiones t\u00e9cnicas y figuras cuestionadas: el torneo ya se juega fuera de la cancha Por Arturo Arellano &nbsp; La lesi\u00f3n del joven del Bar\u00e7a lo deja fuera del final de LaLiga pero, por ahora, no lo baja de la Copa del Mundo, mientras la Selecci\u00f3n Mexicana afronta [&hellip;]<\/p>\n","protected":false},"author":14,"featured_media":717198,"comment_status":"open","ping_status":"open","sticky":false,"template":"","format":"standard","meta":{"_monsterinsights_skip_tracking":false,"_monsterinsights_sitenote_active":false,"_monsterinsights_sitenote_note":"","_monsterinsights_sitenote_category":0,"footnotes":""},"categories":[16,10,101309],"tags":[],"class_list":["post-717196","post","type-post","status-publish","format-standard","has-post-thumbnail","hentry","category-destacadas","category-deportes","category-mundial-mx-2026"],"_links":{"self":[{"href":"https:\/\/www.diarioimagen.net\/index.php?rest_route=\/wp\/v2\/posts\/717196","targetHints":{"allow":["GET"]}}],"collection":[{"href":"https:\/\/www.diarioimagen.net\/index.php?rest_route=\/wp\/v2\/posts"}],"about":[{"href":"https:\/\/www.diarioimagen.net\/index.php?rest_route=\/wp\/v2\/types\/post"}],"author":[{"embeddable":true,"href":"https:\/\/www.diarioimagen.net\/index.php?rest_route=\/wp\/v2\/users\/14"}],"replies":[{"embeddable":true,"href":"https:\/\/www.diarioimagen.net\/index.php?rest_route=%2Fwp%2Fv2%2Fcomments&post=717196"}],"version-history":[{"count":1,"href":"https:\/\/www.diarioimagen.net\/index.php?rest_route=\/wp\/v2\/posts\/717196\/revisions"}],"predecessor-version":[{"id":717199,"href":"https:\/\/www.diarioimagen.net\/index.php?rest_route=\/wp\/v2\/posts\/717196\/revisions\/717199"}],"wp:featuredmedia":[{"embeddable":true,"href":"https:\/\/www.diarioimagen.net\/index.php?rest_route=\/wp\/v2\/media\/717198"}],"wp:attachment":[{"href":"https:\/\/www.diarioimagen.net\/index.php?rest_route=%2Fwp%2Fv2%2Fmedia&parent=717196"}],"wp:term":[{"taxonomy":"category","embeddable":true,"href":"https:\/\/www.diarioimagen.net\/index.php?rest_route=%2Fwp%2Fv2%2Fcategories&post=717196"},{"taxonomy":"post_tag","embeddable":true,"href":"https:\/\/www.diarioimagen.net\/index.php?rest_route=%2Fwp%2Fv2%2Ftags&post=717196"}],"curies":[{"name":"wp","href":"https:\/\/api.w.org\/{rel}","templated":true}]}}