{"id":717197,"date":"2026-04-23T20:51:17","date_gmt":"2026-04-24T02:51:17","guid":{"rendered":"https:\/\/www.diarioimagen.net\/?p=717197"},"modified":"2026-04-23T20:51:17","modified_gmt":"2026-04-24T02:51:17","slug":"pequeno-pez-regresa-a-mexico-con-una-fiesta-musical-para-ninas-ninos-y-sus-familias","status":"publish","type":"post","link":"https:\/\/www.diarioimagen.net\/?p=717197","title":{"rendered":"Peque\u00f1o Pez regresa a M\u00e9xico con una fiesta musical para ni\u00f1as, ni\u00f1os y sus familias"},"content":{"rendered":"<ul>\n<li><strong>Este 26 de abril en el Teatro Silvia Pinal <\/strong><\/li>\n<li><strong>Un espect\u00e1culo interactivo, emotivo y lleno de ritmo<\/strong><\/li>\n<\/ul>\n<p><img loading=\"lazy\" decoding=\"async\" class=\"alignnone wp-image-717305 size-large\" src=\"https:\/\/www.diarioimagen.net\/wp-content\/uploads\/2026\/04\/951ee7d6-bced-44c9-b7eb-a59823b91400-318x270.jpg\" alt=\"\" width=\"318\" height=\"270\" srcset=\"https:\/\/www.diarioimagen.net\/wp-content\/uploads\/2026\/04\/951ee7d6-bced-44c9-b7eb-a59823b91400-318x270.jpg 318w, https:\/\/www.diarioimagen.net\/wp-content\/uploads\/2026\/04\/951ee7d6-bced-44c9-b7eb-a59823b91400-240x204.jpg 240w, https:\/\/www.diarioimagen.net\/wp-content\/uploads\/2026\/04\/951ee7d6-bced-44c9-b7eb-a59823b91400-768x652.jpg 768w, https:\/\/www.diarioimagen.net\/wp-content\/uploads\/2026\/04\/951ee7d6-bced-44c9-b7eb-a59823b91400-1536x1305.jpg 1536w, https:\/\/www.diarioimagen.net\/wp-content\/uploads\/2026\/04\/951ee7d6-bced-44c9-b7eb-a59823b91400.jpg 1600w\" sizes=\"auto, (max-width: 318px) 100vw, 318px\" \/><\/p>\n<p><strong>Por Arturo Arellano <\/strong><\/p>\n<p>La agrupaci\u00f3n argentina Peque\u00f1o Pez, vuelve al pa\u00eds tras el \u00e9xito de su visita anterior y promete un espect\u00e1culo interactivo, emotivo y lleno de ritmo para disfrutar en familia.<\/p>\n<p>En entrevista, Iv\u00e1n Fonrouge, integrante de la banda, explic\u00f3 que el proyecto ha encontrado su identidad en g\u00e9neros como el reggae, el ska y el punk, ritmos poco comunes dentro de la m\u00fasica infantil, pero que han logrado conectar tanto con las infancias como con sus padres. El regreso a M\u00e9xico, dijo, responde al entusiasmo del p\u00fablico que el a\u00f1o pasado agot\u00f3 entradas y se qued\u00f3 con ganas de ver nuevamente a la banda.<\/p>\n<p>Esa propuesta, adem\u00e1s, no se limita al gusto de los peque\u00f1os. Seg\u00fan explic\u00f3, una parte importante del proyecto es que tambi\u00e9n logra atraer a madres, padres y acompa\u00f1antes, de modo que cada presentaci\u00f3n se convierte en una experiencia compartida y familiar.<\/p>\n<p><strong>Influencias argentinas<\/strong><\/p>\n<p>Fonrouge tambi\u00e9n destac\u00f3 la huella que dejaron en la agrupaci\u00f3n referentes de la m\u00fasica infantil argentina como Luis Mar\u00eda Pescetti y Mar\u00eda Elena Walsh. Sus obras, se\u00f1al\u00f3, influyeron en la sensibilidad art\u00edstica y en la manera en que Peque\u00f1o Pez entiende la creaci\u00f3n musical para las infancias.<\/p>\n<p>Esa combinaci\u00f3n entre ritmos modernos, juego esc\u00e9nico y tradici\u00f3n de la canci\u00f3n infantil ha dado forma a una identidad propia, pues asegura que la banda es una propuesta de alta calidad art\u00edstica que, adem\u00e1s de entretener, busca estimular emociones, creatividad y v\u00ednculos familiares.<\/p>\n<p><strong>Un regreso esperado a M\u00e9xico<\/strong><\/p>\n<p>Iv\u00e1n Fonrouge coment\u00f3 que a la banda le gusta mucho venir a M\u00e9xico y record\u00f3 que esta es su segunda visita al pa\u00eds. La primera ocurri\u00f3 en noviembre del a\u00f1o pasado, cuando vivieron una experiencia muy positiva con el p\u00fablico mexicano, raz\u00f3n por la que decidieron volver.<\/p>\n<p>El regreso tambi\u00e9n responde a la demanda del p\u00fablico, pues en su visita anterior muchas familias se quedaron sin boletos tras agotarse las entradas. Ahora, la agrupaci\u00f3n vuelve con la intenci\u00f3n de ofrecer un espect\u00e1culo \u201cdivertido, m\u00e1gico\u201d y con mucha interacci\u00f3n entre ni\u00f1as, ni\u00f1os y sus pap\u00e1s.<\/p>\n<p><strong>Un show para cantar, bailar y participar<\/strong><\/p>\n<p>El espect\u00e1culo combina m\u00fasica en vivo, teatro, danza y t\u00edteres en una experiencia inmersiva donde el p\u00fablico no solo escucha, sino que tambi\u00e9n canta, baila, sue\u00f1a y participa. El recorrido musical atraviesa g\u00e9neros como el rock, el ska, la salsa, la chacarera y la murga, mientras la puesta en escena incorpora marionetas, coreograf\u00edas, invitados y sorpresas.<\/p>\n<p>En esa l\u00f3gica, Fonrouge subray\u00f3 que las canciones est\u00e1n hechas para que los ni\u00f1os bailen, interact\u00faen con sus pap\u00e1s y vivan un momento familiar. M\u00e1s que un concierto, Peque\u00f1o Pez busca convertir cada funci\u00f3n en una celebraci\u00f3n compartida alrededor de la m\u00fasica y el juego.<\/p>\n<p><strong>Fechas de la gira en M\u00e9xico<\/strong><\/p>\n<p>Peque\u00f1o Pez se presenta en abril en las siguientes ciudades:\u00a0 viernes 25 en Quer\u00e9taro, en el Teatro de la Ciudad; s\u00e1bado 26 en CDMX, en el Teatro Silvia Pinal y mi\u00e9rcoles 30 en Mexicali.<\/p>\n<p>Para mayo, la gira contin\u00faa con viernes 1 en Tijuana y s\u00e1bado 2 en Hermosillo.<\/p>\n<p>Peque\u00f1o Pez celebra 10 a\u00f1os de trayectoria con su s\u00e9ptimo disco y una gira por Iberoam\u00e9rica, despu\u00e9s de presentaciones en recintos emblem\u00e1ticos como el Teatro Gran Rex y el Teatro Broadway, adem\u00e1s de funciones en Argentina, Chile, Uruguay, Per\u00fa y M\u00e9xico. La agrupaci\u00f3n est\u00e1 conformada por Ceci Peredo (Galaxia) e Iv\u00e1n Fonrouge (Cone).<\/p>\n<p>El proyecto supera los 950 millones de reproducciones en YouTube y Spotify, que durante 2025 realiz\u00f3 m\u00e1s de 65 conciertos y que fue incorporado al cat\u00e1logo de Universal Latino. A ello se suman reconocimientos culturales y nominaciones a premios como los ACE y los Hugo, adem\u00e1s de galardones como ATINA y Estrella de Mar.<\/p>\n<blockquote><p><strong>Peque\u00f1o Pez celebra 10 a\u00f1os de trayectoria con su s\u00e9ptimo disco y una gira por Iberoam\u00e9rica, despu\u00e9s de presentaciones en recintos emblem\u00e1ticos como el Teatro Gran Rex y el Teatro Broadway.<\/strong><\/p><\/blockquote>\n<p>&nbsp;<\/p>\n","protected":false},"excerpt":{"rendered":"<p>Este 26 de abril en el Teatro Silvia Pinal Un espect\u00e1culo interactivo, emotivo y lleno de ritmo Por Arturo Arellano La agrupaci\u00f3n argentina Peque\u00f1o Pez, vuelve al pa\u00eds tras el \u00e9xito de su visita anterior y promete un espect\u00e1culo interactivo, emotivo y lleno de ritmo para disfrutar en familia. En entrevista, Iv\u00e1n Fonrouge, integrante de [&hellip;]<\/p>\n","protected":false},"author":14,"featured_media":717305,"comment_status":"open","ping_status":"open","sticky":false,"template":"","format":"standard","meta":{"_monsterinsights_skip_tracking":false,"_monsterinsights_sitenote_active":false,"_monsterinsights_sitenote_note":"","_monsterinsights_sitenote_category":0,"footnotes":""},"categories":[12],"tags":[],"class_list":["post-717197","post","type-post","status-publish","format-standard","has-post-thumbnail","hentry","category-espectaculos"],"_links":{"self":[{"href":"https:\/\/www.diarioimagen.net\/index.php?rest_route=\/wp\/v2\/posts\/717197","targetHints":{"allow":["GET"]}}],"collection":[{"href":"https:\/\/www.diarioimagen.net\/index.php?rest_route=\/wp\/v2\/posts"}],"about":[{"href":"https:\/\/www.diarioimagen.net\/index.php?rest_route=\/wp\/v2\/types\/post"}],"author":[{"embeddable":true,"href":"https:\/\/www.diarioimagen.net\/index.php?rest_route=\/wp\/v2\/users\/14"}],"replies":[{"embeddable":true,"href":"https:\/\/www.diarioimagen.net\/index.php?rest_route=%2Fwp%2Fv2%2Fcomments&post=717197"}],"version-history":[{"count":1,"href":"https:\/\/www.diarioimagen.net\/index.php?rest_route=\/wp\/v2\/posts\/717197\/revisions"}],"predecessor-version":[{"id":717306,"href":"https:\/\/www.diarioimagen.net\/index.php?rest_route=\/wp\/v2\/posts\/717197\/revisions\/717306"}],"wp:featuredmedia":[{"embeddable":true,"href":"https:\/\/www.diarioimagen.net\/index.php?rest_route=\/wp\/v2\/media\/717305"}],"wp:attachment":[{"href":"https:\/\/www.diarioimagen.net\/index.php?rest_route=%2Fwp%2Fv2%2Fmedia&parent=717197"}],"wp:term":[{"taxonomy":"category","embeddable":true,"href":"https:\/\/www.diarioimagen.net\/index.php?rest_route=%2Fwp%2Fv2%2Fcategories&post=717197"},{"taxonomy":"post_tag","embeddable":true,"href":"https:\/\/www.diarioimagen.net\/index.php?rest_route=%2Fwp%2Fv2%2Ftags&post=717197"}],"curies":[{"name":"wp","href":"https:\/\/api.w.org\/{rel}","templated":true}]}}