{"id":717200,"date":"2026-04-23T18:52:26","date_gmt":"2026-04-24T00:52:26","guid":{"rendered":"https:\/\/www.diarioimagen.net\/?p=717200"},"modified":"2026-04-23T18:52:26","modified_gmt":"2026-04-24T00:52:26","slug":"christian-nodal-hace-historia-en-el-palenque-de-aguascalientes","status":"publish","type":"post","link":"https:\/\/www.diarioimagen.net\/?p=717200","title":{"rendered":"Christian Nodal hace historia en el Palenque de Aguascalientes"},"content":{"rendered":"<ul>\n<li><strong>Un espect\u00e1culo lleno de emociones y romanticismo<\/strong><\/li>\n<\/ul>\n<p>&nbsp;<\/p>\n<p>&nbsp;<\/p>\n<p><img loading=\"lazy\" decoding=\"async\" class=\"alignnone wp-image-717201 size-large\" src=\"https:\/\/www.diarioimagen.net\/wp-content\/uploads\/2026\/04\/NODAL-01-460x257.jpg\" alt=\"\" width=\"460\" height=\"257\" srcset=\"https:\/\/www.diarioimagen.net\/wp-content\/uploads\/2026\/04\/NODAL-01-460x257.jpg 460w, https:\/\/www.diarioimagen.net\/wp-content\/uploads\/2026\/04\/NODAL-01-240x134.jpg 240w, https:\/\/www.diarioimagen.net\/wp-content\/uploads\/2026\/04\/NODAL-01-768x429.jpg 768w, https:\/\/www.diarioimagen.net\/wp-content\/uploads\/2026\/04\/NODAL-01-1536x857.jpg 1536w, https:\/\/www.diarioimagen.net\/wp-content\/uploads\/2026\/04\/NODAL-01-235x132.jpg 235w, https:\/\/www.diarioimagen.net\/wp-content\/uploads\/2026\/04\/NODAL-01-202x114.jpg 202w, https:\/\/www.diarioimagen.net\/wp-content\/uploads\/2026\/04\/NODAL-01-350x196.jpg 350w, https:\/\/www.diarioimagen.net\/wp-content\/uploads\/2026\/04\/NODAL-01-220x123.jpg 220w, https:\/\/www.diarioimagen.net\/wp-content\/uploads\/2026\/04\/NODAL-01-237x132.jpg 237w, https:\/\/www.diarioimagen.net\/wp-content\/uploads\/2026\/04\/NODAL-01.jpg 1575w\" sizes=\"auto, (max-width: 460px) 100vw, 460px\" \/><\/p>\n<p>&nbsp;<\/p>\n<p>&nbsp;<\/p>\n<p>Christian Nodal se present\u00f3 con rotundo \u00e9xito en el emblem\u00e1tico Palenque de San Marcos, brindando un espect\u00e1culo lleno de emociones, romanticismo y energ\u00eda ante un recinto completamente abarrotado. Desde las primeras canciones, el p\u00fablico de Aguascalientes recibi\u00f3 al sonorense con una ovaci\u00f3n que marc\u00f3 el inicio de una velada memorable.<\/p>\n<p>Con un recorrido por sus m\u00e1s grandes \u00e9xitos, Nodal interpret\u00f3 temas como: <strong>\u00abNo te contaron mal\u00bb, \u00abSe me olvid\u00f3\u00bb, \u00abBotella tras botella\u00bb, \u00abAdi\u00f3s amor\u00bb y \u00abYa no somos ni seremos\u00bb<\/strong>, entre muchos otros, logrando que los fans corearan cada canci\u00f3n de principio a fin.<\/p>\n<p>El show destac\u00f3 por la gran producci\u00f3n, as\u00ed como por la conexi\u00f3n del artista con su p\u00fablico. Durante la presentaci\u00f3n, Christian Nodal tambi\u00e9n sorprendi\u00f3 al incluir algunos covers y momentos ac\u00fasticos, donde demostr\u00f3 su versatilidad musical al interpretar la guitarra en vivo.<\/p>\n<p>La presentaci\u00f3n form\u00f3 parte de su gira, consolidando una vez m\u00e1s su posici\u00f3n como uno de los m\u00e1ximos exponentes del regional mexicano a nivel internacional. El ambiente del palenque permiti\u00f3 una cercan\u00eda especial entre el artista y sus fans, quienes vivieron una experiencia \u00fanica.<\/p>\n<p>&nbsp;<\/p>\n","protected":false},"excerpt":{"rendered":"<p>Un espect\u00e1culo lleno de emociones y romanticismo &nbsp; &nbsp; &nbsp; &nbsp; Christian Nodal se present\u00f3 con rotundo \u00e9xito en el emblem\u00e1tico Palenque de San Marcos, brindando un espect\u00e1culo lleno de emociones, romanticismo y energ\u00eda ante un recinto completamente abarrotado. Desde las primeras canciones, el p\u00fablico de Aguascalientes recibi\u00f3 al sonorense con una ovaci\u00f3n que marc\u00f3 [&hellip;]<\/p>\n","protected":false},"author":14,"featured_media":717201,"comment_status":"open","ping_status":"open","sticky":false,"template":"","format":"standard","meta":{"_monsterinsights_skip_tracking":false,"_monsterinsights_sitenote_active":false,"_monsterinsights_sitenote_note":"","_monsterinsights_sitenote_category":0,"footnotes":""},"categories":[12],"tags":[],"class_list":["post-717200","post","type-post","status-publish","format-standard","has-post-thumbnail","hentry","category-espectaculos"],"_links":{"self":[{"href":"https:\/\/www.diarioimagen.net\/index.php?rest_route=\/wp\/v2\/posts\/717200","targetHints":{"allow":["GET"]}}],"collection":[{"href":"https:\/\/www.diarioimagen.net\/index.php?rest_route=\/wp\/v2\/posts"}],"about":[{"href":"https:\/\/www.diarioimagen.net\/index.php?rest_route=\/wp\/v2\/types\/post"}],"author":[{"embeddable":true,"href":"https:\/\/www.diarioimagen.net\/index.php?rest_route=\/wp\/v2\/users\/14"}],"replies":[{"embeddable":true,"href":"https:\/\/www.diarioimagen.net\/index.php?rest_route=%2Fwp%2Fv2%2Fcomments&post=717200"}],"version-history":[{"count":1,"href":"https:\/\/www.diarioimagen.net\/index.php?rest_route=\/wp\/v2\/posts\/717200\/revisions"}],"predecessor-version":[{"id":717202,"href":"https:\/\/www.diarioimagen.net\/index.php?rest_route=\/wp\/v2\/posts\/717200\/revisions\/717202"}],"wp:featuredmedia":[{"embeddable":true,"href":"https:\/\/www.diarioimagen.net\/index.php?rest_route=\/wp\/v2\/media\/717201"}],"wp:attachment":[{"href":"https:\/\/www.diarioimagen.net\/index.php?rest_route=%2Fwp%2Fv2%2Fmedia&parent=717200"}],"wp:term":[{"taxonomy":"category","embeddable":true,"href":"https:\/\/www.diarioimagen.net\/index.php?rest_route=%2Fwp%2Fv2%2Fcategories&post=717200"},{"taxonomy":"post_tag","embeddable":true,"href":"https:\/\/www.diarioimagen.net\/index.php?rest_route=%2Fwp%2Fv2%2Ftags&post=717200"}],"curies":[{"name":"wp","href":"https:\/\/api.w.org\/{rel}","templated":true}]}}