{"id":717203,"date":"2026-04-23T18:56:31","date_gmt":"2026-04-24T00:56:31","guid":{"rendered":"https:\/\/www.diarioimagen.net\/?p=717203"},"modified":"2026-04-23T18:56:31","modified_gmt":"2026-04-24T00:56:31","slug":"teotihuacan-reanuda-actividades","status":"publish","type":"post","link":"https:\/\/www.diarioimagen.net\/?p=717203","title":{"rendered":"TEOTIHUACAN REANUDA ACTIVIDADES"},"content":{"rendered":"<ul>\n<li><strong>CON OPERACI\u00d3N COORDINADA Y MEDIDAS REFORZADAS<\/strong><\/li>\n<li><strong>Se instalaron filtros de revisi\u00f3n en los accesos y se reforz\u00f3 la seguridad en el sitio<\/strong><\/li>\n<\/ul>\n<p><strong> <img loading=\"lazy\" decoding=\"async\" class=\"alignnone wp-image-717204 size-large\" src=\"https:\/\/www.diarioimagen.net\/wp-content\/uploads\/2026\/04\/TEOTIHUACAN-01-460x270.jpeg\" alt=\"\" width=\"460\" height=\"270\" srcset=\"https:\/\/www.diarioimagen.net\/wp-content\/uploads\/2026\/04\/TEOTIHUACAN-01-460x270.jpeg 460w, https:\/\/www.diarioimagen.net\/wp-content\/uploads\/2026\/04\/TEOTIHUACAN-01-240x140.jpeg 240w, https:\/\/www.diarioimagen.net\/wp-content\/uploads\/2026\/04\/TEOTIHUACAN-01-768x449.jpeg 768w, https:\/\/www.diarioimagen.net\/wp-content\/uploads\/2026\/04\/TEOTIHUACAN-01-1536x898.jpeg 1536w, https:\/\/www.diarioimagen.net\/wp-content\/uploads\/2026\/04\/TEOTIHUACAN-01.jpeg 1575w\" sizes=\"auto, (max-width: 460px) 100vw, 460px\" \/><\/strong><\/p>\n<p>La Zona Arqueol\u00f3gica de Teotihuacan reanud\u00f3 actividades hoy, mi\u00e9rcoles 22 de abril de 2026, con una operaci\u00f3n coordinada entre autoridades de seguridad de los tres \u00f3rdenes de gobierno y personal del Instituto Nacional de Antropolog\u00eda e Historia (INAH), con el prop\u00f3sito de brindar atenci\u00f3n al p\u00fablico y fortalecer las condiciones de resguardo para las y los visitantes, as\u00ed como para las y los trabajadores\u00a0 del sitio patrimonial.<\/p>\n<p>A lo largo del d\u00eda, la zona arqueol\u00f3gica recibi\u00f3 a 1,500 visitantes, cifra que representa 75 por ciento de la afluencia promedio registrada durante un mi\u00e9rcoles, y mantuvo atenci\u00f3n al p\u00fablico en condiciones de operaci\u00f3n regular.<\/p>\n<p>Se implementaron filtros de revisi\u00f3n en los cinco accesos al espacio, con inspecci\u00f3n de bolsas y bultos, adem\u00e1s de recorridos de vigilancia en el per\u00edmetro de la Zona de Monumentos Arqueol\u00f3gicos y al interior del sitio patrimonial, como parte de las medidas adoptadas para favorecer una visita ordenada y una operaci\u00f3n responsable.<\/p>\n<p>En las acciones participaron elementos de la Guardia Nacional, la Polic\u00eda Auxiliar y custodios del INAH, bajo un esquema de coordinaci\u00f3n orientado a reforzar el cuidado de quienes acudieron el d\u00eda de hoy a la zona arqueol\u00f3gica, y a mantener condiciones adecuadas de operaci\u00f3n en uno de los espacios patrimoniales m\u00e1s visitados del pa\u00eds.<\/p>\n<p>Como parte de las medidas de fortalecimiento a la infraestructura de acceso, en los pr\u00f3ximos d\u00edas se incorporar\u00e1n arcos de seguridad.<\/p>\n<p>Con dichas acciones, el INAH da continuidad a una jornada de operaci\u00f3n coordinada, atenci\u00f3n al p\u00fablico y resguardo institucional de Teotihuacan.<\/p>\n<p>&nbsp;<\/p>\n<p><strong>\u00a0<\/strong><\/p>\n<ul>\n<li>Este d\u00eda, la zona arqueol\u00f3gica recibi\u00f3 1,500 visitantes, 75 por ciento de la afluencia promedio de un mi\u00e9rcoles<\/li>\n<li>Participaron la Guardia Nacional, la Polic\u00eda Auxiliar y personal de custodia del INAH<\/li>\n<\/ul>\n<p>&nbsp;<\/p>\n<p><strong>\u00a0<\/strong><\/p>\n","protected":false},"excerpt":{"rendered":"<p>CON OPERACI\u00d3N COORDINADA Y MEDIDAS REFORZADAS Se instalaron filtros de revisi\u00f3n en los accesos y se reforz\u00f3 la seguridad en el sitio La Zona Arqueol\u00f3gica de Teotihuacan reanud\u00f3 actividades hoy, mi\u00e9rcoles 22 de abril de 2026, con una operaci\u00f3n coordinada entre autoridades de seguridad de los tres \u00f3rdenes de gobierno y personal del Instituto Nacional [&hellip;]<\/p>\n","protected":false},"author":14,"featured_media":717204,"comment_status":"open","ping_status":"open","sticky":false,"template":"","format":"standard","meta":{"_monsterinsights_skip_tracking":false,"_monsterinsights_sitenote_active":false,"_monsterinsights_sitenote_note":"","_monsterinsights_sitenote_category":0,"footnotes":""},"categories":[156],"tags":[],"class_list":["post-717203","post","type-post","status-publish","format-standard","has-post-thumbnail","hentry","category-cultura"],"_links":{"self":[{"href":"https:\/\/www.diarioimagen.net\/index.php?rest_route=\/wp\/v2\/posts\/717203","targetHints":{"allow":["GET"]}}],"collection":[{"href":"https:\/\/www.diarioimagen.net\/index.php?rest_route=\/wp\/v2\/posts"}],"about":[{"href":"https:\/\/www.diarioimagen.net\/index.php?rest_route=\/wp\/v2\/types\/post"}],"author":[{"embeddable":true,"href":"https:\/\/www.diarioimagen.net\/index.php?rest_route=\/wp\/v2\/users\/14"}],"replies":[{"embeddable":true,"href":"https:\/\/www.diarioimagen.net\/index.php?rest_route=%2Fwp%2Fv2%2Fcomments&post=717203"}],"version-history":[{"count":1,"href":"https:\/\/www.diarioimagen.net\/index.php?rest_route=\/wp\/v2\/posts\/717203\/revisions"}],"predecessor-version":[{"id":717205,"href":"https:\/\/www.diarioimagen.net\/index.php?rest_route=\/wp\/v2\/posts\/717203\/revisions\/717205"}],"wp:featuredmedia":[{"embeddable":true,"href":"https:\/\/www.diarioimagen.net\/index.php?rest_route=\/wp\/v2\/media\/717204"}],"wp:attachment":[{"href":"https:\/\/www.diarioimagen.net\/index.php?rest_route=%2Fwp%2Fv2%2Fmedia&parent=717203"}],"wp:term":[{"taxonomy":"category","embeddable":true,"href":"https:\/\/www.diarioimagen.net\/index.php?rest_route=%2Fwp%2Fv2%2Fcategories&post=717203"},{"taxonomy":"post_tag","embeddable":true,"href":"https:\/\/www.diarioimagen.net\/index.php?rest_route=%2Fwp%2Fv2%2Ftags&post=717203"}],"curies":[{"name":"wp","href":"https:\/\/api.w.org\/{rel}","templated":true}]}}