{"id":717212,"date":"2026-04-23T19:02:42","date_gmt":"2026-04-24T01:02:42","guid":{"rendered":"https:\/\/www.diarioimagen.net\/?p=717212"},"modified":"2026-04-23T19:02:42","modified_gmt":"2026-04-24T01:02:42","slug":"el-icar-consolida-su-impacto-en-el-desarrollo-agropecuario-y-rural","status":"publish","type":"post","link":"https:\/\/www.diarioimagen.net\/?p=717212","title":{"rendered":"El ICAR consolida su impacto en el desarrollo agropecuario y rural"},"content":{"rendered":"<p>&nbsp;<\/p>\n<div id=\"attachment_717213\" style=\"width: 438px\" class=\"wp-caption alignnone\"><img loading=\"lazy\" decoding=\"async\" aria-describedby=\"caption-attachment-717213\" class=\"wp-image-717213 size-large\" src=\"https:\/\/www.diarioimagen.net\/wp-content\/uploads\/2026\/04\/UAEM-2-5-428x270.jpg\" alt=\"\" width=\"428\" height=\"270\" srcset=\"https:\/\/www.diarioimagen.net\/wp-content\/uploads\/2026\/04\/UAEM-2-5-428x270.jpg 428w, https:\/\/www.diarioimagen.net\/wp-content\/uploads\/2026\/04\/UAEM-2-5-240x151.jpg 240w, https:\/\/www.diarioimagen.net\/wp-content\/uploads\/2026\/04\/UAEM-2-5-768x485.jpg 768w, https:\/\/www.diarioimagen.net\/wp-content\/uploads\/2026\/04\/UAEM-2-5-1536x969.jpg 1536w, https:\/\/www.diarioimagen.net\/wp-content\/uploads\/2026\/04\/UAEM-2-5.jpg 1575w\" sizes=\"auto, (max-width: 428px) 100vw, 428px\" \/><p id=\"caption-attachment-717213\" class=\"wp-caption-text\">La rectora de la UAEM, Martha Patricia Zarza Delgado, encabez\u00f3 el cuarto informe de actividades del director del Instituto, Humberto Thom\u00e9 Ortiz.<\/p><\/div>\n<p>&nbsp;<\/p>\n<p>Toluca, M\u00e9x.- Durante los \u00faltimos cuatro a\u00f1os, el Instituto de Ciencias Agropecuarias y Rurales (ICAR) de la Universidad Aut\u00f3noma del Estado de M\u00e9xico (UAEM\u00e9x) ha consolidado un modelo s\u00f3lido de vinculaci\u00f3n con la sociedad mexiquense, fortaleciendo especialmente en el \u00faltimo a\u00f1o sus acciones orientadas a incidir de manera directa en el desarrollo humano y regional mediante la aplicaci\u00f3n del conocimiento cient\u00edfico, afirm\u00f3 la rectora Martha Patricia Zarza Delgado.<\/p>\n<p>Al encabezar el cuarto informe de actividades del director del Instituto, Humberto Thom\u00e9 Ortiz, la rectora destac\u00f3 avances relevantes en formaci\u00f3n acad\u00e9mica, investigaci\u00f3n cient\u00edfica, innovaci\u00f3n, vinculaci\u00f3n social y gesti\u00f3n institucional, lo que posiciona al ICAR como un referente en el \u00e1mbito agropecuario y rural del Estado de M\u00e9xico.<\/p>\n<p>En el marco de la inauguraci\u00f3n de la exposici\u00f3n \u201cSaberes y sabores del territorio mexiquense\u201d, subray\u00f3 los logros del Instituto en la valorizaci\u00f3n del patrimonio agroalimentario estatal. Entre ellos, resalt\u00f3 el reconocimiento del mezcal como producto mexiquense, la caracterizaci\u00f3n del chorizo de Toluca y la participaci\u00f3n en la instalaci\u00f3n de la mesa de trabajo para la obtenci\u00f3n de la Indicaci\u00f3n Geogr\u00e1fica del destilado de pulque de Ixtapaluca, en coordinaci\u00f3n con el Instituto Nacional de la Propiedad Industrial.<\/p>\n<p>Martha Patricia Zarza Delgado tambi\u00e9n puntualiz\u00f3 los avances del Instituto hacia el autoabastecimiento h\u00eddrico, mediante la implementaci\u00f3n de un sistema integral de captaci\u00f3n, almacenamiento y purificaci\u00f3n de agua de lluvia, el cual ya es considerado un referente a nivel institucional y estatal.<\/p>\n<p>Por su parte, Humberto Thom\u00e9 Ortiz enfatiz\u00f3 que el ICAR mantiene vigentes 19 proyectos de investigaci\u00f3n con financiamiento diversificado, en su mayor\u00eda provenientes de fuentes externas, lo que refleja su capacidad de gesti\u00f3n y el reconocimiento alcanzado en distintos \u00e1mbitos. Asimismo, destac\u00f3 que la totalidad de su planta acad\u00e9mica est\u00e1 adscrita al Sistema Nacional de Investigadoras e Investigadores.<\/p>\n<p>Subray\u00f3 que el ICAR cuenta con programas de maestr\u00eda y doctorado reconocidos por su calidad, en los que actualmente participan 32 estudiantes, fortaleciendo la formaci\u00f3n de especialistas en el \u00e1mbito agropecuario y rural.<\/p>\n<p>Ante integrantes de la comunidad del ICAR \u2014entre estudiantes, acad\u00e9micos y personal administrativo\u2014, as\u00ed como invitados de los sectores p\u00fablico y acad\u00e9mico de los \u00e1mbitos municipal y estatal, adem\u00e1s de productores mexiquenses, el directivo inform\u00f3 que, durante el periodo reportado, el Instituto logr\u00f3 la publicaci\u00f3n de 49 art\u00edculos cient\u00edficos y 10 cap\u00edtulos de libro.<\/p>\n<p>&nbsp;<\/p>\n<p><strong>\u00a0<\/strong><\/p>\n","protected":false},"excerpt":{"rendered":"<p>&nbsp; &nbsp; Toluca, M\u00e9x.- Durante los \u00faltimos cuatro a\u00f1os, el Instituto de Ciencias Agropecuarias y Rurales (ICAR) de la Universidad Aut\u00f3noma del Estado de M\u00e9xico (UAEM\u00e9x) ha consolidado un modelo s\u00f3lido de vinculaci\u00f3n con la sociedad mexiquense, fortaleciendo especialmente en el \u00faltimo a\u00f1o sus acciones orientadas a incidir de manera directa en el desarrollo humano [&hellip;]<\/p>\n","protected":false},"author":14,"featured_media":717213,"comment_status":"open","ping_status":"open","sticky":false,"template":"","format":"standard","meta":{"_monsterinsights_skip_tracking":false,"_monsterinsights_sitenote_active":false,"_monsterinsights_sitenote_note":"","_monsterinsights_sitenote_category":0,"footnotes":""},"categories":[16,5],"tags":[],"class_list":["post-717212","post","type-post","status-publish","format-standard","has-post-thumbnail","hentry","category-destacadas","category-estado-de-mexico"],"_links":{"self":[{"href":"https:\/\/www.diarioimagen.net\/index.php?rest_route=\/wp\/v2\/posts\/717212","targetHints":{"allow":["GET"]}}],"collection":[{"href":"https:\/\/www.diarioimagen.net\/index.php?rest_route=\/wp\/v2\/posts"}],"about":[{"href":"https:\/\/www.diarioimagen.net\/index.php?rest_route=\/wp\/v2\/types\/post"}],"author":[{"embeddable":true,"href":"https:\/\/www.diarioimagen.net\/index.php?rest_route=\/wp\/v2\/users\/14"}],"replies":[{"embeddable":true,"href":"https:\/\/www.diarioimagen.net\/index.php?rest_route=%2Fwp%2Fv2%2Fcomments&post=717212"}],"version-history":[{"count":1,"href":"https:\/\/www.diarioimagen.net\/index.php?rest_route=\/wp\/v2\/posts\/717212\/revisions"}],"predecessor-version":[{"id":717214,"href":"https:\/\/www.diarioimagen.net\/index.php?rest_route=\/wp\/v2\/posts\/717212\/revisions\/717214"}],"wp:featuredmedia":[{"embeddable":true,"href":"https:\/\/www.diarioimagen.net\/index.php?rest_route=\/wp\/v2\/media\/717213"}],"wp:attachment":[{"href":"https:\/\/www.diarioimagen.net\/index.php?rest_route=%2Fwp%2Fv2%2Fmedia&parent=717212"}],"wp:term":[{"taxonomy":"category","embeddable":true,"href":"https:\/\/www.diarioimagen.net\/index.php?rest_route=%2Fwp%2Fv2%2Fcategories&post=717212"},{"taxonomy":"post_tag","embeddable":true,"href":"https:\/\/www.diarioimagen.net\/index.php?rest_route=%2Fwp%2Fv2%2Ftags&post=717212"}],"curies":[{"name":"wp","href":"https:\/\/api.w.org\/{rel}","templated":true}]}}