{"id":717215,"date":"2026-04-23T19:04:23","date_gmt":"2026-04-24T01:04:23","guid":{"rendered":"https:\/\/www.diarioimagen.net\/?p=717215"},"modified":"2026-04-23T19:04:23","modified_gmt":"2026-04-24T01:04:23","slug":"seguros-de-gastos-medicos-registran-incrementos-de-entre-20-y-hasta-75","status":"publish","type":"post","link":"https:\/\/www.diarioimagen.net\/?p=717215","title":{"rendered":"\u00a0  Seguros de gastos m\u00e9dicos registran incrementos de entre 20 y hasta 75%"},"content":{"rendered":"<p><strong>\u00a0<\/strong><\/p>\n<ul>\n<li><strong>Casi son inaccesibles para familias y empresas<\/strong><\/li>\n<li><strong>Cambios en la Ley de Ingresos de la Federaci\u00f3n, la inflaci\u00f3n en el sector y la sobredemanda del sistema p\u00fablico de salud, entre las causas<\/strong><\/li>\n<\/ul>\n<div id=\"attachment_717216\" style=\"width: 415px\" class=\"wp-caption alignnone\"><img loading=\"lazy\" decoding=\"async\" aria-describedby=\"caption-attachment-717216\" class=\"wp-image-717216 size-large\" src=\"https:\/\/www.diarioimagen.net\/wp-content\/uploads\/2026\/04\/SEGUROS-1-405x270.jpeg\" alt=\"\" width=\"405\" height=\"270\" srcset=\"https:\/\/www.diarioimagen.net\/wp-content\/uploads\/2026\/04\/SEGUROS-1-405x270.jpeg 405w, https:\/\/www.diarioimagen.net\/wp-content\/uploads\/2026\/04\/SEGUROS-1-240x160.jpeg 240w, https:\/\/www.diarioimagen.net\/wp-content\/uploads\/2026\/04\/SEGUROS-1-768x512.jpeg 768w, https:\/\/www.diarioimagen.net\/wp-content\/uploads\/2026\/04\/SEGUROS-1.jpeg 1000w\" sizes=\"auto, (max-width: 405px) 100vw, 405px\" \/><p id=\"caption-attachment-717216\" class=\"wp-caption-text\">La inflaci\u00f3n m\u00e9dica, la reforma al IVA y un sistema p\u00fablico bajo presi\u00f3n en M\u00e9xico est\u00e1n empujando los incrementos relevantes en las p\u00f3lizas de gastos m\u00e9dicos de los seguros.<\/p><\/div>\n<p>&nbsp;<\/p>\n<p>En el primer trimestre del a\u00f1o, los seguros de gastos m\u00e9dicos registran incrementos de entre 20 y hasta 75 por ciento por el impacto de la reforma fiscal al Impuesto al Valor Agregado (IVA) para las aseguradoras, de acuerdo con un an\u00e1lisis de Welbe, compa\u00f1\u00eda de tecnolog\u00eda en salud.<\/p>\n<p>Para personas mayores de 65 a\u00f1os, algunos intermediarios reportaron aumentos superiores al 60 por ciento, con p\u00f3lizas que pueden superar los 300 mil pesos anuales. La firma advierte que este tipo de seguro, considerado por a\u00f1os una prestaci\u00f3n com\u00fan, se est\u00e1 convirtiendo en un servicio de alto costo.<\/p>\n<p>El seguro de gastos m\u00e9dicos, que durante d\u00e9cadas fue una prestaci\u00f3n est\u00e1ndar, se est\u00e1 convirtiendo en un art\u00edculo de lujo\u00bb, dijo Welbe en el an\u00e1lisis El Retorno de la Prevenci\u00f3n.<\/p>\n<p>La inflaci\u00f3n m\u00e9dica, la reforma al IVA y un sistema p\u00fablico bajo presi\u00f3n est\u00e1n empujando estos incrementos tan relevantes en las p\u00f3lizas de gastos m\u00e9dicos, sostiene.<\/p>\n<p>Aon estima que M\u00e9xico registrar\u00e1 en 2026 la inflaci\u00f3n m\u00e9dica m\u00e1s alta a nivel global, ya que la tasa estimada es de 14.8 por ciento, superior al 14.5 por ciento de 2025.\u00a0 La consultora Willis Towers Watson estima una cifra similar, de 13.5 por ciento.<\/p>\n<p>De acuerdo con Welbe, alrededor de 13.4 millones de personas en M\u00e9xico cuentan con seguro de gastos m\u00e9dicos privados y 64 por ciento est\u00e1 asegurado bajo esquemas colectivos empresariales. Por ello, la mayor parte del impacto financiero termina concentr\u00e1ndose en los presupuestos corporativos destinados a beneficios.<\/p>\n<p>Dado que en M\u00e9xico se proyecta la inflaci\u00f3n m\u00e9dica m\u00e1s alta del mundo para 2026, con primas en aumento y mayores costos hospitalarios y farmac\u00e9uticos, el modelo tradicional de contratar un seguro y absorber incrementos anuales se vuelve cada vez m\u00e1s dif\u00edcil de sostener.<\/p>\n<p>Ante este escenario, las empresas comienzan a replantear su estrategia, en lugar de reaccionar cuando el gasto ya ocurri\u00f3, est\u00e1n migrando hacia modelos preventivos basados en datos, donde la detecci\u00f3n temprana, el seguimiento estructurado y la medici\u00f3n del impacto\u00a0 permiten contener costos antes de que escalen.<\/p>\n<p>Mapfre Economics anticipa para M\u00e9xico una recuperaci\u00f3n gradual del crecimiento econ\u00f3mico, con una expansi\u00f3n del PIB estimada en 1.4 por ciento para 2026 y de 2.0 por ciento en 2027.<\/p>\n<p>En este escenario, el sector asegurador mantendr\u00e1 una senda de crecimiento estable, con perspectivas favorables.<\/p>\n<p>Mapfre Economics estima que las primas de seguros No Vida en M\u00e9xico crecer\u00edan en torno al 12.3 por ciento en 2026 y al 13.1 por ciento en 2027, muy por encima de la inflaci\u00f3n esperada.<\/p>\n<p>Para el segmento de seguros de Vida el crecimiento de las primas se situar\u00eda en 10.2 por ciento y 10.6 por ciento, en 2026 y 2027.<\/p>\n<p><strong>\u00a0<\/strong><\/p>\n<p><strong>Reclamaciones y alza en precios de aseguradoras<\/strong><\/p>\n<p>&nbsp;<\/p>\n<p>Con el alza de precios, la Comisi\u00f3n Nacional para la Protecci\u00f3n y Defensa de los Usuarios de Servicios Financieros (Condusef) ha detectado un incremento en el n\u00famero de reclamaciones contra empresas aseguradoras, como AXA, que lidera la lista de las aseguradoras con m\u00e1s quejas presentadas en su contra.<\/p>\n<p>Entre enero y marzo de 2026, las reclamaciones aumentaron entre el 30% y el 35% en comparaci\u00f3n con el mismo periodo del a\u00f1o pasado. Algunos de los motivos han sido la negativa de pago y la interpretaci\u00f3n de p\u00f3lizas enga\u00f1osas para aplicar exclusiones, condiciones o limitar el alcance de la cobertura de los distintos seguros m\u00e9dicos que ofrecen.<\/p>\n<p>Aunado a esta situaci\u00f3n, AXA tambi\u00e9n es la compa\u00f1\u00eda con el mayor incremento en sus planes b\u00e1sicos con un alza del 20% respecto a 2025, de acuerdo con los datos de la Condusef.<\/p>\n<p>&nbsp;<\/p>\n<p><strong>Respuesta de las aseguradoras<\/strong><\/p>\n<p>&nbsp;<\/p>\n<p>La Asociaci\u00f3n Mexicana de Instituciones de Seguros (AMIS) justific\u00f3 el incremento de precios derivado de los cambios en la Ley de Ingresos, que ahora proh\u00edbe la acreditaci\u00f3n del Impuesto al Valor Agregado (IVA) de la atenci\u00f3n de diferentes siniestros de sus clientes como propios.<\/p>\n<p>En un comunicado, publicado en enero pasado, la AMIS reconoci\u00f3 que cada aseguradora deber\u00eda hacerse responsable de analizar, conforme a sus propios modelos t\u00e9cnicos y operativos, \u201clos posibles ajustes que pudieran derivarse, en apego a la regulaci\u00f3n vigente y a las caracter\u00edsticas espec\u00edficas de sus productos\u201d. Por ahora, el incremento de los seguros m\u00e9dicos ha afectado a cerca de 14 millones de personas en el pa\u00eds.<\/p>\n<p><strong>\u00a0<\/strong><\/p>\n<p><strong>\u00a0<\/strong><\/p>\n<p><strong>Iniciativa de ley en materia de seguros de salud<\/strong><\/p>\n<p>&nbsp;<\/p>\n<p>En diciembre pasado, el diputado priista Jeric\u00f3 Abramo Masso present\u00f3 una iniciativa de ley en materia de seguros de salud, con el fin de frenar los abusos de aseguradoras y hospitales, pues afirma que ya se convirti\u00f3 en un c\u00edrculo vicioso para todos.<\/p>\n<p>\u201cLa aseguradora sube el costo de la p\u00f3liza, los hospitales no tienen un registro de sus servicios ante la Secretar\u00eda de Econom\u00eda, la Profeco no tiene dientes para poder sancionar a quienes prestan un servicio privado de salud ni sancionar a las aseguradoras que se han pasado de listas&#8230;\u201d.<\/p>\n<p>Entre las propuestas del proyecto, que es una reforma al art\u00edculo 200 fracci\u00f3n Vl de la Ley de Instituciones de Seguros y Fianzas, van la obligaci\u00f3n de los hospitales de publicar sus tarifas, dar facultades a la Profeco para que pueda sancionar los incrementos fuera de mercado, que las aseguradoras transparenten sus contratos, que no cobren m\u00e1s de lo que aumenta la inflaci\u00f3n anual y hasta cinco puntos porcentuales a las personas de 60 a\u00f1os y m\u00e1s, y la creaci\u00f3n de una p\u00f3liza con fondo de ahorro, tipo afore, que sirva para pagar los incrementos del mercado, cuando el beneficiario llegue a la edad de 60 a\u00f1os.<\/p>\n<p>&nbsp;<\/p>\n<p><strong>\u00a0<\/strong><\/p>\n<p>&nbsp;<\/p>\n<p><strong>\u00a0<\/strong><\/p>\n","protected":false},"excerpt":{"rendered":"<p>\u00a0 Casi son inaccesibles para familias y empresas Cambios en la Ley de Ingresos de la Federaci\u00f3n, la inflaci\u00f3n en el sector y la sobredemanda del sistema p\u00fablico de salud, entre las causas &nbsp; En el primer trimestre del a\u00f1o, los seguros de gastos m\u00e9dicos registran incrementos de entre 20 y hasta 75 por ciento [&hellip;]<\/p>\n","protected":false},"author":14,"featured_media":717216,"comment_status":"open","ping_status":"open","sticky":false,"template":"","format":"standard","meta":{"_monsterinsights_skip_tracking":false,"_monsterinsights_sitenote_active":false,"_monsterinsights_sitenote_note":"","_monsterinsights_sitenote_category":0,"footnotes":""},"categories":[16,8,877],"tags":[],"class_list":["post-717215","post","type-post","status-publish","format-standard","has-post-thumbnail","hentry","category-destacadas","category-finanzas","category-salud"],"_links":{"self":[{"href":"https:\/\/www.diarioimagen.net\/index.php?rest_route=\/wp\/v2\/posts\/717215","targetHints":{"allow":["GET"]}}],"collection":[{"href":"https:\/\/www.diarioimagen.net\/index.php?rest_route=\/wp\/v2\/posts"}],"about":[{"href":"https:\/\/www.diarioimagen.net\/index.php?rest_route=\/wp\/v2\/types\/post"}],"author":[{"embeddable":true,"href":"https:\/\/www.diarioimagen.net\/index.php?rest_route=\/wp\/v2\/users\/14"}],"replies":[{"embeddable":true,"href":"https:\/\/www.diarioimagen.net\/index.php?rest_route=%2Fwp%2Fv2%2Fcomments&post=717215"}],"version-history":[{"count":1,"href":"https:\/\/www.diarioimagen.net\/index.php?rest_route=\/wp\/v2\/posts\/717215\/revisions"}],"predecessor-version":[{"id":717217,"href":"https:\/\/www.diarioimagen.net\/index.php?rest_route=\/wp\/v2\/posts\/717215\/revisions\/717217"}],"wp:featuredmedia":[{"embeddable":true,"href":"https:\/\/www.diarioimagen.net\/index.php?rest_route=\/wp\/v2\/media\/717216"}],"wp:attachment":[{"href":"https:\/\/www.diarioimagen.net\/index.php?rest_route=%2Fwp%2Fv2%2Fmedia&parent=717215"}],"wp:term":[{"taxonomy":"category","embeddable":true,"href":"https:\/\/www.diarioimagen.net\/index.php?rest_route=%2Fwp%2Fv2%2Fcategories&post=717215"},{"taxonomy":"post_tag","embeddable":true,"href":"https:\/\/www.diarioimagen.net\/index.php?rest_route=%2Fwp%2Fv2%2Ftags&post=717215"}],"curies":[{"name":"wp","href":"https:\/\/api.w.org\/{rel}","templated":true}]}}