{"id":717222,"date":"2026-04-23T20:07:37","date_gmt":"2026-04-24T02:07:37","guid":{"rendered":"https:\/\/www.diarioimagen.net\/?p=717222"},"modified":"2026-04-23T20:07:37","modified_gmt":"2026-04-24T02:07:37","slug":"da-seguimiento-agepro-a-solicitudes-de-la-comunidad-de-francisco-may","status":"publish","type":"post","link":"https:\/\/www.diarioimagen.net\/?p=717222","title":{"rendered":"Da seguimiento Agepro a solicitudes  \u00a0de la comunidad de Francisco May  \u00a0"},"content":{"rendered":"<p>&nbsp;<\/p>\n<p><strong>\u00a0<\/strong><\/p>\n<ul>\n<li><strong>Se atiende a habitantes en proceso de formalizaci\u00f3n de sus predios<\/strong><\/li>\n<\/ul>\n<div id=\"attachment_717223\" style=\"width: 470px\" class=\"wp-caption alignnone\"><img loading=\"lazy\" decoding=\"async\" aria-describedby=\"caption-attachment-717223\" class=\"wp-image-717223 size-large\" src=\"https:\/\/www.diarioimagen.net\/wp-content\/uploads\/2026\/04\/AGEPRO-460x242.jpeg\" alt=\"\" width=\"460\" height=\"242\" srcset=\"https:\/\/www.diarioimagen.net\/wp-content\/uploads\/2026\/04\/AGEPRO-460x242.jpeg 460w, https:\/\/www.diarioimagen.net\/wp-content\/uploads\/2026\/04\/AGEPRO-240x126.jpeg 240w, https:\/\/www.diarioimagen.net\/wp-content\/uploads\/2026\/04\/AGEPRO-768x403.jpeg 768w, https:\/\/www.diarioimagen.net\/wp-content\/uploads\/2026\/04\/AGEPRO-1536x807.jpeg 1536w, https:\/\/www.diarioimagen.net\/wp-content\/uploads\/2026\/04\/AGEPRO.jpeg 1575w\" sizes=\"auto, (max-width: 460px) 100vw, 460px\" \/><p id=\"caption-attachment-717223\" class=\"wp-caption-text\">La Agepro brind\u00f3 atenci\u00f3n a habitantes de la comunidad de Francisco May, con el objetivo de avanzar en el proceso de formalizaci\u00f3n de sus predios y contribuir a la certeza jur\u00eddica de su patrimonio.<\/p><\/div>\n<p>Canc\u00fan.- En seguimiento a las solicitudes planteadas durante la audiencia p\u00fablica \u201cLa Voz del Pueblo\u201d realizada en Isla Mujeres, la Agencia de Proyectos Estrat\u00e9gicos del Estado de Quintana Roo (Agepro) brind\u00f3 atenci\u00f3n a habitantes de la comunidad de Francisco May, con el objetivo de avanzar en el proceso de formalizaci\u00f3n de sus predios y contribuir a la certeza jur\u00eddica de su patrimonio.<\/p>\n<p>Estas acciones forman parte del compromiso de la gobernadora Mara Lezama Espinosa de mantener un gobierno cercano a la gente, en el marco del Nuevo Acuerdo por el Bienestar y Desarrollo de Quintana Roo, priorizando la atenci\u00f3n directa a la ciudadan\u00eda y la soluci\u00f3n de sus necesidades.<\/p>\n<p>El director general de la Agepro, Carlos Flores Hidalgo, destac\u00f3 la importancia de dar seguimiento puntual a las solicitudes ciudadanas. \u201cNuestra labor es acompa\u00f1ar a las familias en este proceso, brindando atenci\u00f3n directa y facilitando los mecanismos necesarios para que puedan avanzar hacia la certeza jur\u00eddica de su patrimonio\u201d, expres\u00f3.<\/p>\n<p>Durante la jornada de atenci\u00f3n, se recibi\u00f3 a un grupo de habitantes de la comunidad, a quienes se les brind\u00f3 asesor\u00eda personalizada, revisi\u00f3n de documentaci\u00f3n e integraci\u00f3n de expedientes, como parte de los requisitos necesarios para continuar con los procesos de regularizaci\u00f3n.<\/p>\n<p>La Agencia de Proyectos Estrat\u00e9gicos del Estado de Quintana Roo reafirma su compromiso de seguir atendiendo de manera cercana y ordenada a la ciudadan\u00eda, impulsando acciones que permitan avanzar en la regularizaci\u00f3n de predios y fortalecer el bienestar de las familias quintanarroenses.<\/p>\n<p>&nbsp;<\/p>\n<p>&nbsp;<\/p>\n","protected":false},"excerpt":{"rendered":"<p>&nbsp; \u00a0 Se atiende a habitantes en proceso de formalizaci\u00f3n de sus predios Canc\u00fan.- En seguimiento a las solicitudes planteadas durante la audiencia p\u00fablica \u201cLa Voz del Pueblo\u201d realizada en Isla Mujeres, la Agencia de Proyectos Estrat\u00e9gicos del Estado de Quintana Roo (Agepro) brind\u00f3 atenci\u00f3n a habitantes de la comunidad de Francisco May, con el [&hellip;]<\/p>\n","protected":false},"author":14,"featured_media":717223,"comment_status":"open","ping_status":"open","sticky":false,"template":"","format":"standard","meta":{"_monsterinsights_skip_tracking":false,"_monsterinsights_sitenote_active":false,"_monsterinsights_sitenote_note":"","_monsterinsights_sitenote_category":0,"footnotes":""},"categories":[101305],"tags":[],"class_list":["post-717222","post","type-post","status-publish","format-standard","has-post-thumbnail","hentry","category-quintana-roo"],"_links":{"self":[{"href":"https:\/\/www.diarioimagen.net\/index.php?rest_route=\/wp\/v2\/posts\/717222","targetHints":{"allow":["GET"]}}],"collection":[{"href":"https:\/\/www.diarioimagen.net\/index.php?rest_route=\/wp\/v2\/posts"}],"about":[{"href":"https:\/\/www.diarioimagen.net\/index.php?rest_route=\/wp\/v2\/types\/post"}],"author":[{"embeddable":true,"href":"https:\/\/www.diarioimagen.net\/index.php?rest_route=\/wp\/v2\/users\/14"}],"replies":[{"embeddable":true,"href":"https:\/\/www.diarioimagen.net\/index.php?rest_route=%2Fwp%2Fv2%2Fcomments&post=717222"}],"version-history":[{"count":1,"href":"https:\/\/www.diarioimagen.net\/index.php?rest_route=\/wp\/v2\/posts\/717222\/revisions"}],"predecessor-version":[{"id":717224,"href":"https:\/\/www.diarioimagen.net\/index.php?rest_route=\/wp\/v2\/posts\/717222\/revisions\/717224"}],"wp:featuredmedia":[{"embeddable":true,"href":"https:\/\/www.diarioimagen.net\/index.php?rest_route=\/wp\/v2\/media\/717223"}],"wp:attachment":[{"href":"https:\/\/www.diarioimagen.net\/index.php?rest_route=%2Fwp%2Fv2%2Fmedia&parent=717222"}],"wp:term":[{"taxonomy":"category","embeddable":true,"href":"https:\/\/www.diarioimagen.net\/index.php?rest_route=%2Fwp%2Fv2%2Fcategories&post=717222"},{"taxonomy":"post_tag","embeddable":true,"href":"https:\/\/www.diarioimagen.net\/index.php?rest_route=%2Fwp%2Fv2%2Ftags&post=717222"}],"curies":[{"name":"wp","href":"https:\/\/api.w.org\/{rel}","templated":true}]}}