{"id":717231,"date":"2026-04-23T20:20:53","date_gmt":"2026-04-24T02:20:53","guid":{"rendered":"https:\/\/www.diarioimagen.net\/?p=717231"},"modified":"2026-04-23T20:20:53","modified_gmt":"2026-04-24T02:20:53","slug":"la-captura-del-contralmirante-farias-debe-evidenciar-a-politicos-que-encubren-el-huachicol","status":"publish","type":"post","link":"https:\/\/www.diarioimagen.net\/?p=717231","title":{"rendered":"\u00a0  La captura del contralmirante Far\u00edas debe  evidenciar a pol\u00edticos que encubren el huachicol"},"content":{"rendered":"<p><strong>CLASE POLITICA\u00a0<\/strong> Miguel \u00c1ngel Rivera.<\/p>\n<p><strong>\u00a0<\/strong><\/p>\n<p>&nbsp;<\/p>\n<p>\u201cSe me quiere fabricar como culpable\u201d, afirm\u00f3 el vicealmirante Manuel Roberto Far\u00edas Laguna, en carta manuscrita dirigida a la presidenta (con A) Claudia Sheinbaum Pardo, a fines de enero del presente a\u00f1o, misiva en la que tambi\u00e9n denuncia\u00a0la \u201cfabricaci\u00f3n de culpabilidad, un proceso penal viciado y politizado, la negativa sistem\u00e1tica de acceso a la investigaci\u00f3n\u201d, y su baja irregular de la Secretar\u00eda de Marina.<\/p>\n<p>El vicealmirante fue uno de los detenidos en una gran acci\u00f3n policiaco-militar generada luego de que las autoridades nacionales descubrieron dos enormes operativos ilegales en los que se movilizaban millones de litros de combustibles introducidos de contrabando a territorio nacional, como parte de lo que se ha bautizado como\u00a0<strong><em>huachicol fiscal\u00a0<\/em><\/strong>y que ha tenido un costo para el pa\u00eds superior a los 600 mil millones de pesos, sin que hasta ahora haya podido erradicarse.<\/p>\n<p>Uno de los cargamentos fue descubierto en Ensenada, Baja California, y el otro en Altamira, Tamaulipas, lo que puso en evidencia la enormidad de las acciones ilegales que abarcaban gran parte del territorio nacional.<\/p>\n<p>Uno de los aspectos sobresalientes de ese operativo de las autoridades consisti\u00f3 en revelar que los principales operadores de esa actividad ilegal eran altos mandos de la armada de M\u00e9xico. En particular se exhibi\u00f3 a dos hermanos,de apellidos Far\u00edas Laguna, uno, el mencionado Manuel Roberto y el segundo, Fernando, vicealmirante y contralmirante, respectivamente, que equivalen a\u00a0 general de brigada y general brigadier en el Ej\u00e9rcito. Es decir, se trata de altos mandos que, adem\u00e1s est\u00e1n emparentados (sobrinos pol\u00edticos) con Jos\u00e9 Rafael Ojeda Dur\u00e1n, que fuera secretario de Marina en el sexenio del caudillo de la llamada Cuarta Transformaci\u00f3n, el ex presidente Andr\u00e9s Manuel L\u00f3pez Obrador.<\/p>\n<p>Manuel Roberto fue aprehendido de inmediato, pero su hermano Fernando logr\u00f3 escapar, declarado pr\u00f3fugo de la justicia y se mantuvo oculto durante m\u00e1s de dos meses.<\/p>\n<p>El misterio se rompi\u00f3 ayer, jueves 23, cuando el secretario federal de Seguridad, Omar Garc\u00eda Harfuch, anunci\u00f3 que el contralmirante hab\u00eda sido detenido en Argentina -a donde ingres\u00f3 con documentaci\u00f3n falsa- y que se hab\u00eda iniciado el procedimiento para devolverlo a M\u00e9xico.<\/p>\n<p>El alto mando, como su hermano, es acusado por el delito de delincuencia organizada con fines de cometer delitos en materia de hidrocarburos, por lo cual fue emitida una alerta por Interpol para ser buscado en 192 pa\u00edses.<\/p>\n<p>Antes de ese anuncio, se sospechaba que Fernando Far\u00edas hab\u00eda logrado evadirse gracias a una filtraci\u00f3n desde altos niveles de la pol\u00edtica nacional, pues prevalece la presunci\u00f3n de que la cadena de mando de la organizaci\u00f3n criminal no termina en esos mandos, a pesar de sus elevados rangos.<\/p>\n<p>Far\u00edas Laguna fue detenido el pasado 1 de septiembre de 2025. Actualmente, se encuentra en prisi\u00f3n preventiva en el penal de \u201cEl Altiplano\u201d, en Estado de M\u00e9xico y se exhibe como \u201cchivo expiatorio\u201d, al sostener que hay fuerzas superiores que le impiden una adecuada defensa.<\/p>\n<p>En cuanto a su protesta de haber sido silenciado de manera injustificada, es de recordar que la Marina dio de baja definitiva, mediante procedimiento administrativo, al vicealmirante, el 18 de diciembre, y a su hermano, el contralmirante, el 11 de septiembre.<\/p>\n<p>Tales suposiciones se refuerzan en las misivas enviadas por el preso Manuel Roberto a la presidenta Sheinbaum, la mencionada de enero anterior y una segunda, aparecida apenas hace unos d\u00edas, el reciente mi\u00e9rcoles 15.<\/p>\n<p>En su primer mensaje, fechado el 26 de enero de 2026, Far\u00edas Laguna manifest\u00f3 que el proceso en su contra ha sido \u201cpolitizado\u201d y \u201ccorrupto\u201d, lo cual le ha impedido llevar una defensa adecuada.<\/p>\n<p>El marino, con 33 a\u00f1os de servicio en la Armada de M\u00e9xico, acus\u00f3 a la Fiscal\u00eda General de la Rep\u00fablica (FGR), instancias judiciales y la Secretar\u00eda de Marina (SEMAR) de tratarlo como culpable desde el inicio de las investigaciones.<\/p>\n<p>En su segunda misiva, Far\u00edas Laguna denuncia que, con el plazo de la investigaci\u00f3n complementaria pr\u00e1cticamente concluido, no se ha obtenido la informaci\u00f3n requerida, por lo que reitera su solicitud de apoyo para garantizar el respeto a sus derechos humanos y al debido proceso.<\/p>\n<p>Por ello, solicita a la presidenta Sheinbaum intervenir para que la Secretar\u00eda de Marina aporte la informaci\u00f3n solicitada por su defensa, a fin de integrarla a la carpeta de investigaci\u00f3n y esclarecer los hechos.<\/p>\n<p>El destituido vicealmirante sostiene que desde noviembre de 2025 ha solicitado, a trav\u00e9s de la Fiscal\u00eda General de la Rep\u00fablica, diversos actos de investigaci\u00f3n y acceso a informaci\u00f3n que considera clave para demostrar su inocencia; sin embargo, acusa que la Secretar\u00eda de Marina de negar dicha informaci\u00f3n bajo el argumento de que su difusi\u00f3n afectar\u00eda la seguridad nacional. Otra vez, el socorrido recurso que en la llamada Cuarta Transformaci\u00f3n, de ocultar informaci\u00f3n supuestamente para evitar da\u00f1os a la naci\u00f3n.<\/p>\n<p>De hecho, la omisi\u00f3n de la Secretar\u00eda de Marina implica el desacato a un mandato judicial, pues el 22 de enero de 2026 se llev\u00f3 a cabo una audiencia en el Centro de Justicia Penal Federal de Almoloya de Ju\u00e1rez, donde se plante\u00f3 el tema de la entrega incompleta de la carpeta de investigaci\u00f3n. La jueza de control Mariana Vieyra Valdez orden\u00f3 a la FGR entregar de forma \u00edntegra los 20 tomos de la carpeta de investigaci\u00f3n, fijando como plazo m\u00e1ximo el 27 de enero de 2026 a las 10:00 horas, lo que no se cumpli\u00f3, lo que ha derivado en multas a la FGR por incumplimiento.<\/p>\n<p>El quejoso no precisa en qu\u00e9 consiste en qu\u00e9 consiste o a que se refiere la informaci\u00f3n solicitada por sus abogados, pero es un hecho que a pesar del alto impacto medi\u00e1tico de esa acci\u00f3n contra el\u00a0 huachicol fiscal, quedan pendientes muchos aspectos.<\/p>\n<p>De manera destacada se debe tener presente que al menos cuatro marinos vinculados directamente a la investigaci\u00f3n por la red de huachicol fiscal han muerto en circunstancias por lo menos sospechosas. Pero el total de presuntas v\u00edctimas llega a un total\u00a0 de siete, si se incluye a ex funcionarios de la Fiscal\u00eda General de la Rep\u00fablica (FGR) y de Aduanas involucrados en el caso.<\/p>\n<p>Es el caso de Ernesto Cuitl\u00e1huac V\u00e1zquez Reyna, delegado de la FGR en Tamaulipas, quien fue asesinado el 4 de agosto de 2025 en Reynosa. Sorpresivamente, el entonces fiscal general de la Rep\u00fablica, Alejandro Gertz Manero, indic\u00f3 que el homicidio podr\u00eda estar vinculado con decomisos de combustible il\u00edcito, entre ellos la incautaci\u00f3n de m\u00e1s de dos millones de litros de hidrocarburos en Tamaulipas. \u201cEncontramos el lugar, lo aseguramos, se encontraron m\u00e1s de dos millones de litros y en ese contexto fue donde fue sacrificado el representante nuestro\u201d, dijo Gertz Manero<\/p>\n<p>Dentro de las filas de la Marina destaca el asesinato del contralmirante Fernando Rub\u00e9n Guerrero Alc\u00e1ntar, ejecutado en Manzanillo, Colima.<\/p>\n<p>Por eso, el encarcelado Manuel Roberto Far\u00edas sostiene: \u201cse me quiere fabricar como culpable, inici\u00e1ndose una investigaci\u00f3n por un video de YouTube que no existe y de ah\u00ed forzando una serie de datos y t\u00e9cnicas de investigaci\u00f3n llenas de imprecisiones que al d\u00eda de hoy les ha servido para mantenerme privado de la libertad\u201d.<\/p>\n<p>La captura de su hermano Fernando abre nuevas posibilidades de que aparezca informaci\u00f3n hasta ahora escondida.<\/p>\n<p>Es de esperar que en el traslado desde Argentina hasta territorio nacional no se repita el caso del ex secretario de Seguridad de Tabasco, Hern\u00e1n Berm\u00fadez Requena, que, al mismo tiempo, era jefe de una organizaci\u00f3n criminal denominada \u201cLa Barredora\u201d.<\/p>\n<p>Al que fuera jefe policiaco del gobierno del ahora senador Ad\u00e1n Augusto Hern\u00e1ndez L\u00f3pez, adem\u00e1s de otros delitos, documentos de inteligencia militar consultados por Mexicanos Contra la Corrupci\u00f3n\u00a0y la Impunidad lo vinculan con un grupo criminal que pretend\u00eda extraer 38 millones de litros de combustible del puerto de Dos Bocas.<\/p>\n<p>Berm\u00fadez Requena se refugi\u00f3 en Paraguay, cuyas autoridades lo entregaron a M\u00e9xico. Su captura gener\u00f3 esperanzas de revelaciones en torno a destacados pol\u00edticos que encubren actividades criminales, pero todo desvaneci\u00f3, luego del vuelo de 24 para retornar de Paraguay, con prolongadas escalas en Colombia y Chiapas.<\/p>\n<p>Al parecer, Berm\u00fadez enmudeci\u00f3, pues al llegar a prisi\u00f3n en M\u00e9xico no se ha vuelto a saber nada de su caso.<\/p>\n<p>&nbsp;<\/p>\n<p>&nbsp;<\/p>\n<p>&nbsp;<\/p>\n<p>&nbsp;<\/p>\n<p>&nbsp;<\/p>\n<p>&nbsp;<\/p>\n","protected":false},"excerpt":{"rendered":"<p>CLASE POLITICA\u00a0 Miguel \u00c1ngel Rivera. \u00a0 &nbsp; \u201cSe me quiere fabricar como culpable\u201d, afirm\u00f3 el vicealmirante Manuel Roberto Far\u00edas Laguna, en carta manuscrita dirigida a la presidenta (con A) Claudia Sheinbaum Pardo, a fines de enero del presente a\u00f1o, misiva en la que tambi\u00e9n denuncia\u00a0la \u201cfabricaci\u00f3n de culpabilidad, un proceso penal viciado y politizado, la [&hellip;]<\/p>\n","protected":false},"author":14,"featured_media":0,"comment_status":"open","ping_status":"open","sticky":false,"template":"","format":"standard","meta":{"_monsterinsights_skip_tracking":false,"_monsterinsights_sitenote_active":false,"_monsterinsights_sitenote_note":"","_monsterinsights_sitenote_category":0,"footnotes":""},"categories":[84119,4],"tags":[],"class_list":["post-717231","post","type-post","status-publish","format-standard","hentry","category-miguel-angel-rivera","category-opinion"],"_links":{"self":[{"href":"https:\/\/www.diarioimagen.net\/index.php?rest_route=\/wp\/v2\/posts\/717231","targetHints":{"allow":["GET"]}}],"collection":[{"href":"https:\/\/www.diarioimagen.net\/index.php?rest_route=\/wp\/v2\/posts"}],"about":[{"href":"https:\/\/www.diarioimagen.net\/index.php?rest_route=\/wp\/v2\/types\/post"}],"author":[{"embeddable":true,"href":"https:\/\/www.diarioimagen.net\/index.php?rest_route=\/wp\/v2\/users\/14"}],"replies":[{"embeddable":true,"href":"https:\/\/www.diarioimagen.net\/index.php?rest_route=%2Fwp%2Fv2%2Fcomments&post=717231"}],"version-history":[{"count":1,"href":"https:\/\/www.diarioimagen.net\/index.php?rest_route=\/wp\/v2\/posts\/717231\/revisions"}],"predecessor-version":[{"id":717232,"href":"https:\/\/www.diarioimagen.net\/index.php?rest_route=\/wp\/v2\/posts\/717231\/revisions\/717232"}],"wp:attachment":[{"href":"https:\/\/www.diarioimagen.net\/index.php?rest_route=%2Fwp%2Fv2%2Fmedia&parent=717231"}],"wp:term":[{"taxonomy":"category","embeddable":true,"href":"https:\/\/www.diarioimagen.net\/index.php?rest_route=%2Fwp%2Fv2%2Fcategories&post=717231"},{"taxonomy":"post_tag","embeddable":true,"href":"https:\/\/www.diarioimagen.net\/index.php?rest_route=%2Fwp%2Fv2%2Ftags&post=717231"}],"curies":[{"name":"wp","href":"https:\/\/api.w.org\/{rel}","templated":true}]}}