{"id":717239,"date":"2026-04-23T20:31:12","date_gmt":"2026-04-24T02:31:12","guid":{"rendered":"https:\/\/www.diarioimagen.net\/?p=717239"},"modified":"2026-04-23T20:31:12","modified_gmt":"2026-04-24T02:31:12","slug":"mara-lezama-fortalece-proyeccion-global-de-qr-con-el-air-show-2026","status":"publish","type":"post","link":"https:\/\/www.diarioimagen.net\/?p=717239","title":{"rendered":"Mara Lezama fortalece proyecci\u00f3n  global de QR con el Air Show 2026  \u00a0"},"content":{"rendered":"<ul>\n<li><strong>Junto a la FAM y la Famex<\/strong><\/li>\n<li><strong>El evento re\u00fane durante 4 d\u00edas a las Fuerzas Armadas, industria aeroespacial y espect\u00e1culos de talla internacional, consolidando a Quintana Roo como nuevo polo de desarrollo y conectividad<\/strong><\/li>\n<\/ul>\n<div id=\"attachment_717240\" style=\"width: 415px\" class=\"wp-caption alignnone\"><img loading=\"lazy\" decoding=\"async\" aria-describedby=\"caption-attachment-717240\" class=\"wp-image-717240 size-large\" src=\"https:\/\/www.diarioimagen.net\/wp-content\/uploads\/2026\/04\/MARA-1-ok-8-405x270.jpg\" alt=\"\" width=\"405\" height=\"270\" srcset=\"https:\/\/www.diarioimagen.net\/wp-content\/uploads\/2026\/04\/MARA-1-ok-8-405x270.jpg 405w, https:\/\/www.diarioimagen.net\/wp-content\/uploads\/2026\/04\/MARA-1-ok-8-240x160.jpg 240w, https:\/\/www.diarioimagen.net\/wp-content\/uploads\/2026\/04\/MARA-1-ok-8-768x513.jpg 768w, https:\/\/www.diarioimagen.net\/wp-content\/uploads\/2026\/04\/MARA-1-ok-8.jpg 1500w\" sizes=\"auto, (max-width: 405px) 100vw, 405px\" \/><p id=\"caption-attachment-717240\" class=\"wp-caption-text\">Mara Lezama Espinosa y el comandante de la Fuerza A\u00e9rea Mexicana, General de Divisi\u00f3n PA de EM Rom\u00e1n Carmona Landa, encabezaron la inauguraci\u00f3n del \u201cTulum Air Show 2026\u201d, desde el Aeropuerto Internacional \u201cFelipe Carrillo Puerto\u201d de Tulum.<\/p><\/div>\n<p>Tulum.- La gobernadora Mara Lezama Espinosa y el comandante de la Fuerza A\u00e9rea Mexicana, General de Divisi\u00f3n PA de EM Rom\u00e1n Carmona Landa, encabezaron la inauguraci\u00f3n del \u201cTulum Air Show 2026\u201d, un espect\u00e1culo sin precedentes que combina exhibiciones a\u00e9reas, encuentros de negocios e innovaci\u00f3n tecnol\u00f3gica, desde el Aeropuerto Internacional \u201cFelipe Carrillo Puerto\u201d de Tulum.<\/p>\n<p>Durante la ceremonia, con la presencia del director del Comit\u00e9 de la Feria Aeroespacial M\u00e9xico, General de Grupo PA de EM, Disrael\u00ed G\u00f3mez Herrera, la gobernadora destac\u00f3 que este evento marca un momento hist\u00f3rico para el estado al integrar, por primera vez, demostraciones de la Fuerza A\u00e9rea Mexicana, la participaci\u00f3n de empresas internacionales del sector aeroespacial y actividades en tierra con una carrera de la NASCAR.<\/p>\n<p>En el marco del evento, la titular del Ejecutivo reconoci\u00f3 el avance de las mujeres en espacios hist\u00f3ricamente limitados, al destacar la participaci\u00f3n de la teniente Brenda Citlali Garc\u00eda, integrante de las \u00c1guilas Aztecas, como s\u00edmbolo de inspiraci\u00f3n para las nuevas generaciones.<\/p>\n<p>Asimismo, hizo referencia al liderazgo nacional de Claudia Sheinbaum Pardo, como la primera mujer en encabezar la Presidencia de la Rep\u00fablica y comandar las Fuerzas Armadas, en un contexto de transformaci\u00f3n y equidad.<\/p>\n<p>Mara Lezama subray\u00f3 que el Aeropuerto Internacional de Tulum ha superado expectativas desde su apertura y posiciona a Quintana Roo como la \u00fanica entidad del pa\u00eds con cuatro aeropuertos internacionales, fortaleciendo su liderazgo tur\u00edstico y conectividad en Am\u00e9rica Latina.<\/p>\n<p>\u201cEn este gobierno humanista con coraz\u00f3n feminista tenemos muy claro que el crecimiento tiene que sentirse, palparse en la vida diaria de las personas\u201d, afirm\u00f3, al se\u00f1alar que este tipo de eventos no solo promueven el turismo, sino que impulsan inversiones, generan empleos y acercan a las juventudes a nuevas oportunidades en sectores tecnol\u00f3gicos y de alto valor.<\/p>\n<p>Por su parte, el director del Comit\u00e9 de la Feria Aeroespacial M\u00e9xico, General de Grupo PA de EM, Disrael\u00ed G\u00f3mez Herrera, consider\u00f3 que este es un evento hist\u00f3rico con un extraordinario escenario que es el Caribe Mexicano. \u201cTulum abre sus cielos a un evento de esta magnitud en la que la aviaci\u00f3n militar, civil y el automovilismo deportivo convergen para ofrecer una muestra excepcional de capacidad operativa, innovaci\u00f3n tecnol\u00f3gica y disciplina\u201d, dijo.<\/p>\n<p>Destac\u00f3 el apoyo y participaci\u00f3n de empresas del Estado: Tren Maya, Mexicana de Aviaci\u00f3n y Grupo Mundo Maya, ya que estos actores son claves en la transformaci\u00f3n y conectividad del sureste del pa\u00eds.<\/p>\n<p>Despu\u00e9s de la ceremonia, las autoridades recorrieron el pabell\u00f3n y exposici\u00f3n est\u00e1tica de aeronaves civiles, militares y globos aerost\u00e1ticos.<\/p>\n<p>&nbsp;<\/p>\n<p>&nbsp;<\/p>\n<p>&nbsp;<\/p>\n<p><strong>Prev\u00e9n hasta 15 ciclones en el Atl\u00e1ntico en este a\u00f1o<\/strong><\/p>\n<p><strong>\u00a0<\/strong><\/p>\n<p>&nbsp;<\/p>\n<p>Canc\u00fan.- La Comisi\u00f3n Nacional del Agua (Conagua) dio a conocer el pron\u00f3stico oficial de la temporada de ciclones tropicales 2026 en el Atl\u00e1ntico, en la que se prev\u00e9 la formaci\u00f3n de entre 11 y 15 sistemas, inform\u00f3 la gobernadora Mara Lezama Espinosa.<\/p>\n<p>De acuerdo con las estimaciones, se esperan de 7 a 8 tormentas tropicales; entre 3 y 5 huracanes de categor\u00edas 1 y 2; as\u00ed como de 1 a 2 huracanes intensos de categor\u00edas 3, 4 o 5. No obstante, la Gobernadora subray\u00f3 que no todos los fen\u00f3menos impactar\u00e1n necesariamente al territorio quintanarroense.<\/p>\n<p>En este contexto, destac\u00f3 que Quintana Roo cuenta con una s\u00f3lida cultura de prevenci\u00f3n y resiliencia ante fen\u00f3menos hidrometeorol\u00f3gicos, basada en la experiencia, la organizaci\u00f3n social y la actuaci\u00f3n coordinada de las autoridades.<\/p>\n<p>La titular del Ejecutivo hizo un llamado a la ciudadan\u00eda a mantenerse informada exclusivamente a trav\u00e9s de canales oficiales y a dar seguimiento puntual a los pron\u00f3sticos en sus diferentes horizontes \u2014largo, mediano y corto plazo\u2014, con el fin de tomar decisiones oportunas.<\/p>\n<p>Finalmente, reiter\u00f3 que la prevenci\u00f3n es la herramienta m\u00e1s eficaz para proteger la vida y el patrimonio, y asegur\u00f3 que el gobierno estatal mantendr\u00e1 comunicaci\u00f3n constante y detallada ante cualquier eventualidad durante la temporada.<\/p>\n<p>&nbsp;<\/p>\n<p>&nbsp;<\/p>\n<p>&nbsp;<\/p>\n","protected":false},"excerpt":{"rendered":"<p>Junto a la FAM y la Famex El evento re\u00fane durante 4 d\u00edas a las Fuerzas Armadas, industria aeroespacial y espect\u00e1culos de talla internacional, consolidando a Quintana Roo como nuevo polo de desarrollo y conectividad Tulum.- La gobernadora Mara Lezama Espinosa y el comandante de la Fuerza A\u00e9rea Mexicana, General de Divisi\u00f3n PA de EM [&hellip;]<\/p>\n","protected":false},"author":14,"featured_media":717240,"comment_status":"open","ping_status":"open","sticky":false,"template":"","format":"standard","meta":{"_monsterinsights_skip_tracking":false,"_monsterinsights_sitenote_active":false,"_monsterinsights_sitenote_note":"","_monsterinsights_sitenote_category":0,"footnotes":""},"categories":[101305],"tags":[],"class_list":["post-717239","post","type-post","status-publish","format-standard","has-post-thumbnail","hentry","category-quintana-roo"],"_links":{"self":[{"href":"https:\/\/www.diarioimagen.net\/index.php?rest_route=\/wp\/v2\/posts\/717239","targetHints":{"allow":["GET"]}}],"collection":[{"href":"https:\/\/www.diarioimagen.net\/index.php?rest_route=\/wp\/v2\/posts"}],"about":[{"href":"https:\/\/www.diarioimagen.net\/index.php?rest_route=\/wp\/v2\/types\/post"}],"author":[{"embeddable":true,"href":"https:\/\/www.diarioimagen.net\/index.php?rest_route=\/wp\/v2\/users\/14"}],"replies":[{"embeddable":true,"href":"https:\/\/www.diarioimagen.net\/index.php?rest_route=%2Fwp%2Fv2%2Fcomments&post=717239"}],"version-history":[{"count":1,"href":"https:\/\/www.diarioimagen.net\/index.php?rest_route=\/wp\/v2\/posts\/717239\/revisions"}],"predecessor-version":[{"id":717241,"href":"https:\/\/www.diarioimagen.net\/index.php?rest_route=\/wp\/v2\/posts\/717239\/revisions\/717241"}],"wp:featuredmedia":[{"embeddable":true,"href":"https:\/\/www.diarioimagen.net\/index.php?rest_route=\/wp\/v2\/media\/717240"}],"wp:attachment":[{"href":"https:\/\/www.diarioimagen.net\/index.php?rest_route=%2Fwp%2Fv2%2Fmedia&parent=717239"}],"wp:term":[{"taxonomy":"category","embeddable":true,"href":"https:\/\/www.diarioimagen.net\/index.php?rest_route=%2Fwp%2Fv2%2Fcategories&post=717239"},{"taxonomy":"post_tag","embeddable":true,"href":"https:\/\/www.diarioimagen.net\/index.php?rest_route=%2Fwp%2Fv2%2Ftags&post=717239"}],"curies":[{"name":"wp","href":"https:\/\/api.w.org\/{rel}","templated":true}]}}